{"id":9066,"date":"2013-02-21T20:00:53","date_gmt":"2013-02-21T19:00:53","guid":{"rendered":"http:\/\/www.susannavaris.com\/blogg\/?p=9066"},"modified":"2013-02-21T20:34:00","modified_gmt":"2013-02-21T19:34:00","slug":"varfor-kan-inte-pojkar-vara-mera-som-flickor","status":"publish","type":"post","link":"http:\/\/www.susannavaris.com\/blogg\/2013\/02\/varfor-kan-inte-pojkar-vara-mera-som-flickor\/","title":{"rendered":"Varf\u00f6r kan inte pojkar vara mera som flickor?"},"content":{"rendered":"<p style=\"text-align: center;\"><a href=\"http:\/\/www.susannavaris.com\/blogg\/wp-content\/uploads\/2013\/02\/angel200520_1.jpg\"><img loading=\"lazy\" decoding=\"async\" class=\"aligncenter size-full wp-image-9067\" alt=\"angel200520_1\" src=\"http:\/\/www.susannavaris.com\/blogg\/wp-content\/uploads\/2013\/02\/angel200520_1.jpg\" width=\"800\" height=\"800\" srcset=\"http:\/\/www.susannavaris.com\/blogg\/wp-content\/uploads\/2013\/02\/angel200520_1.jpg 800w, http:\/\/www.susannavaris.com\/blogg\/wp-content\/uploads\/2013\/02\/angel200520_1-150x150.jpg 150w, http:\/\/www.susannavaris.com\/blogg\/wp-content\/uploads\/2013\/02\/angel200520_1-300x300.jpg 300w\" sizes=\"auto, (max-width: 800px) 100vw, 800px\" \/><\/a>\u00a0<em>En struktur av \u00e4nglalika flickor&#8230;?<\/em><\/p>\n<p>Pojkar \u00e4r jobbiga, f\u00e5r vi nu l\u00e4sa i <a href=\"http:\/\/www.aftonbladet.se\/wendela\/article16282658.ab\">Aftonbladet<\/a>\u00a0och \u00e4ven se p\u00e5 SVT-nyheterna. Ekot har granskat hur l\u00e5ng tid barn av respektive k\u00f6n tillbringar p\u00e5 f\u00f6rskola och pojkar tillbringar mest. tesen \u00e4r d\u00e5 att f\u00f6r\u00e4ldrar inte orkar med sina pojkbarn lika v\u00e4l som de orkar med sina flickebarn. \u00a0Jag vet inte hur l\u00e4nge till jag kommer att orka l\u00e4sa tidningar \u00f6verhuvudtaget, sexismen b\u00f6rjar bli obehaglig och jag vet inte varf\u00f6r jag ska betala f\u00f6r att indoktrineras med denna sm\u00f6rja. Jag har inte tagit del av hur unders\u00f6kningen \u00e4r gjord och kan inte uttala mig om dess eventuella vetenskapliga kvaliteter eller brister, men med tanke p\u00e5 den normala arbetsg\u00e5ngen hur olika slags forskningsresultat hamnar i rubrikerna \u00e4r det antagligen inte s\u00e5 mycket att h\u00e4nga i julgran (skriv och ber\u00e4tta g\u00e4rna om du vet mera). Genusexpertis uttalar sig givetvis b\u00e5de i Aftonbladet och p\u00e5 SVT-nyheterna och eftersom allt inom genusvetenskapen f\u00f6rklaras med sociala konstruktioner och strukturer s\u00e5 menar man att pojkarna borde uppfostras som flickor.<\/p>\n<p>Jag vet inte, jag kanske f\u00e5r l\u00e4gga av med att skriva om s\u00e5dana h\u00e4r saker p\u00e5 bloggen, jag blir bara deprimerad.<\/p>\n<p>Jag har inte bloggat p\u00e5 ett par dagar, men jag noterade att Aftonbladet publicerade <a href=\"http:\/\/www.aftonbladet.se\/kultur\/serier\/article16266553.ab\">denna<\/a>\u00a0serieteckning av Joakim Pirinen. Aftonbladet &#8211; f\u00f6r dig som vill ha enkla och p\u00e5hittade sanningar. Mer om detta p\u00e5\u00a0<a href=\"http:\/\/genusdebatten.se\/2013\/02\/21\/nathataren-var-invandrad-socialdemokratisk-val-och-kampanjarbetare\/\">Genusdebatten<\/a>.<\/p>\n<p>Till\u00e4gg: mera fakta om unders\u00f6kningen hos\u00a0<a href=\"http:\/\/sverigesradio.se\/sida\/artikel.aspx?programid=83&amp;artikel=5450326\">Ekot<\/a>.<\/p>\n","protected":false},"excerpt":{"rendered":"<p>\u00a0En struktur av \u00e4nglalika flickor&#8230;? Pojkar \u00e4r jobbiga, f\u00e5r vi nu l\u00e4sa i Aftonbladet\u00a0och \u00e4ven se p\u00e5 SVT-nyheterna. Ekot har granskat hur l\u00e5ng tid barn av respektive k\u00f6n tillbringar p\u00e5 f\u00f6rskola och pojkar tillbringar mest. tesen \u00e4r d\u00e5 att f\u00f6r\u00e4ldrar &hellip; <a href=\"http:\/\/www.susannavaris.com\/blogg\/2013\/02\/varfor-kan-inte-pojkar-vara-mera-som-flickor\/\">Forts\u00e4tt l\u00e4sa <span class=\"meta-nav\">&rarr;<\/span><\/a><\/p>\n","protected":false},"author":1,"featured_media":0,"comment_status":"open","ping_status":"open","sticky":false,"template":"","format":"standard","meta":{"footnotes":""},"categories":[181,259,1321,1928,589,1,590,403,303,384],"tags":[149,4900,4899,1477,4903,2721,2723],"class_list":["post-9066","post","type-post","status-publish","format-standard","hentry","category-feminism","category-genusvetenskap","category-jamstalldhet","category-journalistik","category-medier","category-okategoriserade","category-politik","category-pseudovetenskap","category-religion","category-tv","tag-aftonbladet","tag-feminism","tag-genus","tag-genuspedagogik","tag-genusvetenskap","tag-misandri","tag-pirinen"],"_links":{"self":[{"href":"http:\/\/www.susannavaris.com\/blogg\/wp-json\/wp\/v2\/posts\/9066","targetHints":{"allow":["GET"]}}],"collection":[{"href":"http:\/\/www.susannavaris.com\/blogg\/wp-json\/wp\/v2\/posts"}],"about":[{"href":"http:\/\/www.susannavaris.com\/blogg\/wp-json\/wp\/v2\/types\/post"}],"author":[{"embeddable":true,"href":"http:\/\/www.susannavaris.com\/blogg\/wp-json\/wp\/v2\/users\/1"}],"replies":[{"embeddable":true,"href":"http:\/\/www.susannavaris.com\/blogg\/wp-json\/wp\/v2\/comments?post=9066"}],"version-history":[{"count":2,"href":"http:\/\/www.susannavaris.com\/blogg\/wp-json\/wp\/v2\/posts\/9066\/revisions"}],"predecessor-version":[{"id":9069,"href":"http:\/\/www.susannavaris.com\/blogg\/wp-json\/wp\/v2\/posts\/9066\/revisions\/9069"}],"wp:attachment":[{"href":"http:\/\/www.susannavaris.com\/blogg\/wp-json\/wp\/v2\/media?parent=9066"}],"wp:term":[{"taxonomy":"category","embeddable":true,"href":"http:\/\/www.susannavaris.com\/blogg\/wp-json\/wp\/v2\/categories?post=9066"},{"taxonomy":"post_tag","embeddable":true,"href":"http:\/\/www.susannavaris.com\/blogg\/wp-json\/wp\/v2\/tags?post=9066"}],"curies":[{"name":"wp","href":"https:\/\/api.w.org\/{rel}","templated":true}]}}