{"id":9099,"date":"2013-03-01T12:31:36","date_gmt":"2013-03-01T11:31:36","guid":{"rendered":"http:\/\/www.susannavaris.com\/blogg\/?p=9099"},"modified":"2013-03-01T12:31:36","modified_gmt":"2013-03-01T11:31:36","slug":"teliastress","status":"publish","type":"post","link":"http:\/\/www.susannavaris.com\/blogg\/2013\/03\/teliastress\/","title":{"rendered":"Teliastress"},"content":{"rendered":"<p><a href=\"http:\/\/www.susannavaris.com\/blogg\/wp-content\/uploads\/2013\/03\/telia.jpg\"><img loading=\"lazy\" decoding=\"async\" class=\"aligncenter size-full wp-image-9100\" alt=\"telia\" src=\"http:\/\/www.susannavaris.com\/blogg\/wp-content\/uploads\/2013\/03\/telia.jpg\" width=\"210\" height=\"192\" \/><\/a><\/p>\n<p>Jag t\u00e4nker nu \u00e4gna mig \u00e5t &#8221;f\u00f6rtal&#8221; av det stora, statliga fd telefonbolaget, numera telefon-\/bredbandsleverant\u00f6rs- och tvleverant\u00f6rs-bolaget. Eller leverera och leverera, det \u00e4r v\u00e4l att ta i.<\/p>\n<p>Vi har nu beg\u00e5vats med Telia som leverant\u00f6r av alla dessa tj\u00e4nster, tack vare att hyresv\u00e4rden har av ok\u00e4nd anledning k\u00e4nt ett behov av att byta leverant\u00f6r f\u00f6r oss. Jag har varit kund hos lokala C-sam i snart 20 \u00e5r, det har fungerat klanderfritt, jag har alltid f\u00e5tt mera \u00e4n den hj\u00e4lp jag beh\u00f6ver av deras duktiga tekniker (som kom hem n\u00e4r det beh\u00f6vdes, utan extra kostnad) och allt till ett bra pris. Inga f\u00f6rs\u00f6k att p\u00e5dyvla kunderna n\u00e5got de inte beh\u00f6ver eller vill ha, alltid god service.<\/p>\n<p>Men som sagt, hyresv\u00e4rden k\u00e4nde ett tr\u00e4ngade behov att byta allt detta mot den statliga j\u00e4tten som inte s\u00e4ger sig vara intresserad av priskonkurrens, man har ju kunder \u00e4nd\u00e5. \u00c4ven andra, privata v\u00e4rdar i S\u00f6dert\u00e4lje har k\u00e4nt samma behov.<\/p>\n<p>Efter att ha genomlidit den \u00f6ronbed\u00f6vande indragningen av kablarna under en dag d\u00e5 jag beh\u00f6vde sova f\u00f6r att jobba sent och efter att jag i god tid skickat \u00f6ver fullmakten f\u00f6r flytt av telefonnummer som skulle ske ig\u00e5r, har jag nu en icke-fungerande telefonlinje, fungerande bredband och en tv som visar SVT1. Jag l\u00e4ser i dokumenten att jag kan kalla in en tekniker som kostar ca 500 kronor.<\/p>\n<p>Min tv \u00e4r lite knasig, den visar bara kanalerna genom dvd:n, s\u00e5 den kommer att bytas ut. Felet kan ligga d\u00e4r. Telefonen \u00e4r sprillans ny, men d\u00f6d. Bredbandet fungerar \u00e5tminstone, s\u00e5 att jag kan avreagera mig p\u00e5 bloggen, alltid n\u00e5got. Jag kommer att forts\u00e4tta experimentera h\u00e4rhemma samtidigt som vi imorgon ska flytta in Uffe, men fungerar det inte p\u00e5 m\u00e5ndag tar vi ner oss till teliabutiken p\u00e5 stan och pratar med dem lite.<\/p>\n<p>Jag tycker att det \u00e4r vederv\u00e4rdigt att en statlig j\u00e4tte tar in sig k\u00f6ksv\u00e4gen och tvingar till sig kunder p\u00e5 bekostnad av lokalt n\u00e4ringsliv. Ska valfriheten enbart g\u00e4lla fastighets\u00e4garna n\u00e4r det \u00e4r jag som slutkund som betalar fakturorna?<\/p>\n","protected":false},"excerpt":{"rendered":"<p>Jag t\u00e4nker nu \u00e4gna mig \u00e5t &#8221;f\u00f6rtal&#8221; av det stora, statliga fd telefonbolaget, numera telefon-\/bredbandsleverant\u00f6rs- och tvleverant\u00f6rs-bolaget. Eller leverera och leverera, det \u00e4r v\u00e4l att ta i. Vi har nu beg\u00e5vats med Telia som leverant\u00f6r av alla dessa tj\u00e4nster, tack &hellip; <a href=\"http:\/\/www.susannavaris.com\/blogg\/2013\/03\/teliastress\/\">Forts\u00e4tt l\u00e4sa <span class=\"meta-nav\">&rarr;<\/span><\/a><\/p>\n","protected":false},"author":1,"featured_media":0,"comment_status":"open","ping_status":"open","sticky":false,"template":"","format":"standard","meta":{"footnotes":""},"categories":[178,1,590,889,384],"tags":[2444,2746,2587,2442,2252],"class_list":["post-9099","post","type-post","status-publish","format-standard","hentry","category-blodtryckshojare","category-okategoriserade","category-politik","category-teknik","category-tv","tag-bredband","tag-c-sam-konkurrens","tag-telefoni","tag-telia","tag-tv-2"],"_links":{"self":[{"href":"http:\/\/www.susannavaris.com\/blogg\/wp-json\/wp\/v2\/posts\/9099","targetHints":{"allow":["GET"]}}],"collection":[{"href":"http:\/\/www.susannavaris.com\/blogg\/wp-json\/wp\/v2\/posts"}],"about":[{"href":"http:\/\/www.susannavaris.com\/blogg\/wp-json\/wp\/v2\/types\/post"}],"author":[{"embeddable":true,"href":"http:\/\/www.susannavaris.com\/blogg\/wp-json\/wp\/v2\/users\/1"}],"replies":[{"embeddable":true,"href":"http:\/\/www.susannavaris.com\/blogg\/wp-json\/wp\/v2\/comments?post=9099"}],"version-history":[{"count":1,"href":"http:\/\/www.susannavaris.com\/blogg\/wp-json\/wp\/v2\/posts\/9099\/revisions"}],"predecessor-version":[{"id":9101,"href":"http:\/\/www.susannavaris.com\/blogg\/wp-json\/wp\/v2\/posts\/9099\/revisions\/9101"}],"wp:attachment":[{"href":"http:\/\/www.susannavaris.com\/blogg\/wp-json\/wp\/v2\/media?parent=9099"}],"wp:term":[{"taxonomy":"category","embeddable":true,"href":"http:\/\/www.susannavaris.com\/blogg\/wp-json\/wp\/v2\/categories?post=9099"},{"taxonomy":"post_tag","embeddable":true,"href":"http:\/\/www.susannavaris.com\/blogg\/wp-json\/wp\/v2\/tags?post=9099"}],"curies":[{"name":"wp","href":"https:\/\/api.w.org\/{rel}","templated":true}]}}