{"id":9105,"date":"2013-03-03T10:43:44","date_gmt":"2013-03-03T09:43:44","guid":{"rendered":"http:\/\/www.susannavaris.com\/blogg\/?p=9105"},"modified":"2013-03-03T10:43:44","modified_gmt":"2013-03-03T09:43:44","slug":"projekt-telia","status":"publish","type":"post","link":"http:\/\/www.susannavaris.com\/blogg\/2013\/03\/projekt-telia\/","title":{"rendered":"Projekt Telia"},"content":{"rendered":"<p><a href=\"http:\/\/www.susannavaris.com\/blogg\/wp-content\/uploads\/2013\/03\/telephone-etiquette-102.jpg\"><img loading=\"lazy\" decoding=\"async\" class=\"aligncenter size-full wp-image-9106\" alt=\"telephone-etiquette (10)[2]\" src=\"http:\/\/www.susannavaris.com\/blogg\/wp-content\/uploads\/2013\/03\/telephone-etiquette-102.jpg\" width=\"446\" height=\"614\" srcset=\"http:\/\/www.susannavaris.com\/blogg\/wp-content\/uploads\/2013\/03\/telephone-etiquette-102.jpg 446w, http:\/\/www.susannavaris.com\/blogg\/wp-content\/uploads\/2013\/03\/telephone-etiquette-102-217x300.jpg 217w\" sizes=\"auto, (max-width: 446px) 100vw, 446px\" \/><\/a><\/p>\n<p>Idag ringer en sn\u00e4ll farbror till min telefon, som ju ska flyttas \u00f6ver till Telia och s\u00e4ger sig ha slagit allt annat \u00e4n mitt nummer. Jag f\u00f6rklarar hur det ligger till med min telefon och m\u00e4rker ju samtidigt att den i alla fall verkar vara ig\u00e5ng. N\u00e4r jag ringer min fasta telefon fr\u00e5n mobilen f\u00e5r jag beskedet att numret inte har n\u00e5gon abonnent. (Som jag tidigare har ber\u00e4ttat har fullmakten f\u00f6r \u00f6verf\u00f6ring skickats in f\u00f6r n\u00e5gra veckor sedan och \u00f6verflyttningen skulle ske 28. februari.)<\/p>\n<p>Vi ska idag koppla in Uffes tv och se om vi f\u00e5r in fler kanaler \u00e4n SVT1.<\/p>\n<p>Jag v\u00e4grar att ringa Telias kundsupport. F\u00f6rst ska man tala med en robot, f\u00f6r att sedan bli bortkopplade i o\u00e4ndliga rader till m\u00e4nniskor som inte har n\u00e5got att bidra med. Min mor fick i dagarna bland annat tv\u00e5 sp\u00e4nnande f\u00f6rslag p\u00e5 \u00e5tg\u00e4rder f\u00f6r sitt icke-fungerande tv-abonnemang: &#8221;kontakta Hyresg\u00e4stf\u00f6reningen&#8221; och &#8221;om du k\u00e4nner n\u00e5gon granne kan du v\u00e4l g\u00e5 in hos den och se om det fungerar&#8221;.<\/p>\n<p>S\u00e5 imorgon blir det teliabutiken nere p\u00e5 stan.<\/p>\n","protected":false},"excerpt":{"rendered":"<p>Idag ringer en sn\u00e4ll farbror till min telefon, som ju ska flyttas \u00f6ver till Telia och s\u00e4ger sig ha slagit allt annat \u00e4n mitt nummer. Jag f\u00f6rklarar hur det ligger till med min telefon och m\u00e4rker ju samtidigt att den &hellip; <a href=\"http:\/\/www.susannavaris.com\/blogg\/2013\/03\/projekt-telia\/\">Forts\u00e4tt l\u00e4sa <span class=\"meta-nav\">&rarr;<\/span><\/a><\/p>\n","protected":false},"author":1,"featured_media":0,"comment_status":"open","ping_status":"open","sticky":false,"template":"","format":"standard","meta":{"footnotes":""},"categories":[178,1,590,889,384],"tags":[2444,2445,2587,2442,2252],"class_list":["post-9105","post","type-post","status-publish","format-standard","hentry","category-blodtryckshojare","category-okategoriserade","category-politik","category-teknik","category-tv","tag-bredband","tag-bredbandsleverantor","tag-telefoni","tag-telia","tag-tv-2"],"_links":{"self":[{"href":"http:\/\/www.susannavaris.com\/blogg\/wp-json\/wp\/v2\/posts\/9105","targetHints":{"allow":["GET"]}}],"collection":[{"href":"http:\/\/www.susannavaris.com\/blogg\/wp-json\/wp\/v2\/posts"}],"about":[{"href":"http:\/\/www.susannavaris.com\/blogg\/wp-json\/wp\/v2\/types\/post"}],"author":[{"embeddable":true,"href":"http:\/\/www.susannavaris.com\/blogg\/wp-json\/wp\/v2\/users\/1"}],"replies":[{"embeddable":true,"href":"http:\/\/www.susannavaris.com\/blogg\/wp-json\/wp\/v2\/comments?post=9105"}],"version-history":[{"count":2,"href":"http:\/\/www.susannavaris.com\/blogg\/wp-json\/wp\/v2\/posts\/9105\/revisions"}],"predecessor-version":[{"id":9108,"href":"http:\/\/www.susannavaris.com\/blogg\/wp-json\/wp\/v2\/posts\/9105\/revisions\/9108"}],"wp:attachment":[{"href":"http:\/\/www.susannavaris.com\/blogg\/wp-json\/wp\/v2\/media?parent=9105"}],"wp:term":[{"taxonomy":"category","embeddable":true,"href":"http:\/\/www.susannavaris.com\/blogg\/wp-json\/wp\/v2\/categories?post=9105"},{"taxonomy":"post_tag","embeddable":true,"href":"http:\/\/www.susannavaris.com\/blogg\/wp-json\/wp\/v2\/tags?post=9105"}],"curies":[{"name":"wp","href":"https:\/\/api.w.org\/{rel}","templated":true}]}}