{"id":9109,"date":"2013-03-03T16:18:46","date_gmt":"2013-03-03T15:18:46","guid":{"rendered":"http:\/\/www.susannavaris.com\/blogg\/?p=9109"},"modified":"2013-03-03T16:18:46","modified_gmt":"2013-03-03T15:18:46","slug":"da-ar-vi-sambos","status":"publish","type":"post","link":"http:\/\/www.susannavaris.com\/blogg\/2013\/03\/da-ar-vi-sambos\/","title":{"rendered":"D\u00e5 \u00e4r vi sambos"},"content":{"rendered":"<p>Ig\u00e5r flyttade vi allts\u00e5 in Uffe hit till min l\u00e4genhet. S\u00e5 idag har jag kronisk ledbrutenhet och tr\u00e4ningsv\u00e4rk i hela kroppen. Som pl\u00e5ster p\u00e5 s\u00e5ren \u00e4r vi (mest jag) dock l\u00e5nglediga st\u00f6rre delen av n\u00e4sta vecka&#8230;<\/p>\n<p style=\"text-align: center;\"><a href=\"http:\/\/www.susannavaris.com\/blogg\/wp-content\/uploads\/2013\/03\/003-50.jpg\"><img loading=\"lazy\" decoding=\"async\" class=\"aligncenter size-full wp-image-9110\" alt=\"003-50\" src=\"http:\/\/www.susannavaris.com\/blogg\/wp-content\/uploads\/2013\/03\/003-50.jpg\" width=\"1056\" height=\"1408\" srcset=\"http:\/\/www.susannavaris.com\/blogg\/wp-content\/uploads\/2013\/03\/003-50.jpg 1056w, http:\/\/www.susannavaris.com\/blogg\/wp-content\/uploads\/2013\/03\/003-50-225x300.jpg 225w, http:\/\/www.susannavaris.com\/blogg\/wp-content\/uploads\/2013\/03\/003-50-768x1024.jpg 768w\" sizes=\"auto, (max-width: 1056px) 100vw, 1056px\" \/><\/a>\u00a0<em>Moderskan rattar en lastbil f\u00f6r f\u00f6rsta g\u00e5ngen i sitt liv&#8230;<\/em><\/p>\n<p style=\"text-align: center;\"><a href=\"http:\/\/www.susannavaris.com\/blogg\/wp-content\/uploads\/2013\/03\/004-50.jpg\"><img loading=\"lazy\" decoding=\"async\" class=\"aligncenter size-full wp-image-9111\" alt=\"004-50\" src=\"http:\/\/www.susannavaris.com\/blogg\/wp-content\/uploads\/2013\/03\/004-50.jpg\" width=\"1056\" height=\"1408\" srcset=\"http:\/\/www.susannavaris.com\/blogg\/wp-content\/uploads\/2013\/03\/004-50.jpg 1056w, http:\/\/www.susannavaris.com\/blogg\/wp-content\/uploads\/2013\/03\/004-50-225x300.jpg 225w, http:\/\/www.susannavaris.com\/blogg\/wp-content\/uploads\/2013\/03\/004-50-768x1024.jpg 768w\" sizes=\"auto, (max-width: 1056px) 100vw, 1056px\" \/><\/a>\u00a0<em>Borta vid Uffes gamla l\u00e4genhet&#8230;<\/em><\/p>\n<p style=\"text-align: center;\"><a href=\"http:\/\/www.susannavaris.com\/blogg\/wp-content\/uploads\/2013\/03\/005-50.jpg\"><img loading=\"lazy\" decoding=\"async\" class=\"aligncenter size-full wp-image-9112\" alt=\"005-50\" src=\"http:\/\/www.susannavaris.com\/blogg\/wp-content\/uploads\/2013\/03\/005-50.jpg\" width=\"1056\" height=\"1408\" srcset=\"http:\/\/www.susannavaris.com\/blogg\/wp-content\/uploads\/2013\/03\/005-50.jpg 1056w, http:\/\/www.susannavaris.com\/blogg\/wp-content\/uploads\/2013\/03\/005-50-225x300.jpg 225w, http:\/\/www.susannavaris.com\/blogg\/wp-content\/uploads\/2013\/03\/005-50-768x1024.jpg 768w\" sizes=\"auto, (max-width: 1056px) 100vw, 1056px\" \/><\/a><\/p>\n<p style=\"text-align: center;\">\n<p style=\"text-align: center;\"><a href=\"http:\/\/www.susannavaris.com\/blogg\/wp-content\/uploads\/2013\/03\/006-50.jpg\"><img loading=\"lazy\" decoding=\"async\" class=\"aligncenter size-full wp-image-9113\" alt=\"006-50\" src=\"http:\/\/www.susannavaris.com\/blogg\/wp-content\/uploads\/2013\/03\/006-50.jpg\" width=\"1056\" height=\"1408\" srcset=\"http:\/\/www.susannavaris.com\/blogg\/wp-content\/uploads\/2013\/03\/006-50.jpg 1056w, http:\/\/www.susannavaris.com\/blogg\/wp-content\/uploads\/2013\/03\/006-50-225x300.jpg 225w, http:\/\/www.susannavaris.com\/blogg\/wp-content\/uploads\/2013\/03\/006-50-768x1024.jpg 768w\" sizes=\"auto, (max-width: 1056px) 100vw, 1056px\" \/><\/a><em>\u00a0Trapphuset i Uffes gamla hus \u00e4r underbart sekelskiftessnygg. Samma kan man inte s\u00e4ga om mitt ghettohus&#8230;<\/em><\/p>\n<p style=\"text-align: center;\"><a href=\"http:\/\/www.susannavaris.com\/blogg\/wp-content\/uploads\/2013\/03\/008-50.jpg\"><img loading=\"lazy\" decoding=\"async\" class=\"aligncenter size-full wp-image-9114\" alt=\"008-50\" src=\"http:\/\/www.susannavaris.com\/blogg\/wp-content\/uploads\/2013\/03\/008-50.jpg\" width=\"1056\" height=\"1408\" srcset=\"http:\/\/www.susannavaris.com\/blogg\/wp-content\/uploads\/2013\/03\/008-50.jpg 1056w, http:\/\/www.susannavaris.com\/blogg\/wp-content\/uploads\/2013\/03\/008-50-225x300.jpg 225w, http:\/\/www.susannavaris.com\/blogg\/wp-content\/uploads\/2013\/03\/008-50-768x1024.jpg 768w\" sizes=\"auto, (max-width: 1056px) 100vw, 1056px\" \/><\/a><a href=\"http:\/\/www.susannavaris.com\/blogg\/wp-content\/uploads\/2013\/03\/007-50.jpg\"><img loading=\"lazy\" decoding=\"async\" class=\"aligncenter size-full wp-image-9118\" alt=\"007-50\" src=\"http:\/\/www.susannavaris.com\/blogg\/wp-content\/uploads\/2013\/03\/007-50.jpg\" width=\"1408\" height=\"1056\" srcset=\"http:\/\/www.susannavaris.com\/blogg\/wp-content\/uploads\/2013\/03\/007-50.jpg 1408w, http:\/\/www.susannavaris.com\/blogg\/wp-content\/uploads\/2013\/03\/007-50-300x225.jpg 300w, http:\/\/www.susannavaris.com\/blogg\/wp-content\/uploads\/2013\/03\/007-50-1024x768.jpg 1024w\" sizes=\"auto, (max-width: 1408px) 100vw, 1408px\" \/><\/a><em>Moderskan spelar apa f\u00f6r omv\u00e4xlings skull&#8230;\u00a0<\/em><\/p>\n<p style=\"text-align: center;\"><a href=\"http:\/\/www.susannavaris.com\/blogg\/wp-content\/uploads\/2013\/03\/009-50.jpg\"><img loading=\"lazy\" decoding=\"async\" class=\"aligncenter size-full wp-image-9115\" alt=\"009-50\" src=\"http:\/\/www.susannavaris.com\/blogg\/wp-content\/uploads\/2013\/03\/009-50.jpg\" width=\"1408\" height=\"1056\" srcset=\"http:\/\/www.susannavaris.com\/blogg\/wp-content\/uploads\/2013\/03\/009-50.jpg 1408w, http:\/\/www.susannavaris.com\/blogg\/wp-content\/uploads\/2013\/03\/009-50-300x225.jpg 300w, http:\/\/www.susannavaris.com\/blogg\/wp-content\/uploads\/2013\/03\/009-50-1024x768.jpg 1024w\" sizes=\"auto, (max-width: 1408px) 100vw, 1408px\" \/><\/a>\u00a0<em>Till slut hade det inte f\u00e5tt plats med ett kuvert till i bilen.<\/em><\/p>\n<p style=\"text-align: center;\"><a href=\"http:\/\/www.susannavaris.com\/blogg\/wp-content\/uploads\/2013\/03\/010-50.jpg\"><img loading=\"lazy\" decoding=\"async\" class=\"aligncenter size-full wp-image-9116\" alt=\"010-50\" src=\"http:\/\/www.susannavaris.com\/blogg\/wp-content\/uploads\/2013\/03\/010-50.jpg\" width=\"1056\" height=\"1408\" srcset=\"http:\/\/www.susannavaris.com\/blogg\/wp-content\/uploads\/2013\/03\/010-50.jpg 1056w, http:\/\/www.susannavaris.com\/blogg\/wp-content\/uploads\/2013\/03\/010-50-225x300.jpg 225w, http:\/\/www.susannavaris.com\/blogg\/wp-content\/uploads\/2013\/03\/010-50-768x1024.jpg 768w\" sizes=\"auto, (max-width: 1056px) 100vw, 1056px\" \/><\/a><em>\u00a0Mera fint trapphus. Min shitty kompaktkamera&#8230;<\/em><\/p>\n<p style=\"text-align: center;\"><a href=\"http:\/\/www.susannavaris.com\/blogg\/wp-content\/uploads\/2013\/03\/012-50.jpg\"><img loading=\"lazy\" decoding=\"async\" class=\"aligncenter size-full wp-image-9117\" alt=\"012-50\" src=\"http:\/\/www.susannavaris.com\/blogg\/wp-content\/uploads\/2013\/03\/012-50.jpg\" width=\"1056\" height=\"1408\" srcset=\"http:\/\/www.susannavaris.com\/blogg\/wp-content\/uploads\/2013\/03\/012-50.jpg 1056w, http:\/\/www.susannavaris.com\/blogg\/wp-content\/uploads\/2013\/03\/012-50-225x300.jpg 225w, http:\/\/www.susannavaris.com\/blogg\/wp-content\/uploads\/2013\/03\/012-50-768x1024.jpg 768w\" sizes=\"auto, (max-width: 1056px) 100vw, 1056px\" \/><\/a><\/p>\n<p style=\"text-align: center;\">\n<p style=\"text-align: center;\">P\u00e5 kv\u00e4llen blev det en orgie i l\u00f6rdagsmys som bel\u00f6ning f\u00f6r slitet: god cider, semla, vitl\u00f6ksbaguette, m\u00f6gelostar&#8230;jag hade \u00e4ven k\u00f6pt J\u00e4rna- och Djurg\u00e5rdsglass, men n\u00e5gonstans fick ju gr\u00e4nsen dras f\u00f6r excesserna.<\/p>\n<p style=\"text-align: center;\">Dagen idag har tillbringats med vila, sl\u00f6tittande p\u00e5 David Bowie p\u00e5 dvd (eftersom vi inte \u00e4r intresserade av vintersport och det \u00e4r det enda som SVT1 erbjuder), uppackning, pizza och brevskrivande till Peter Norman. Jag har \u00e4ven sl\u00f6l\u00e4st i Dagens feministiska nyheters s\u00f6dagsbilaga, d\u00e4r hela inneh\u00e5llet best\u00e5r av sex sidor l\u00f6nediskriminering av kvinnor, 4 sidor + omslag med Maria Sveland, portr\u00e4tt p\u00e5 bloggaren Terese Alv\u00e9n, kvinnligt mode, och yinyoga samt ett antal sm\u00e5artiklar som fr\u00e4mst torde locka kvinnliga l\u00e4sare och resedelen. Det \u00e4r ett antal saker fr\u00e5n veckan jag borde kommentera, men t ex\u00a0<a href=\"http:\/\/www.svd.se\/opinion\/brannpunkt\/dagens-chefsjobb-ointressanta-for-kvinnor_7954480.svd\">artikeln<\/a>\u00a0i SvD om varf\u00f6r kvinnor inte vill ha chefsjobb har\u00a0<a href=\"http:\/\/aktivarum.wordpress.com\/2013\/03\/02\/det-ar-for-jobbigt-for-kvinnor-att-vara-chefer-enligt-maria-nelsson\/\">Aktivarum<\/a>\u00a0redan skrivit ett mycket bra inl\u00e4gg om.<\/p>\n<p style=\"text-align: center;\">Men nu t\u00e4nker jag s\u00e4tta mig och skapa lite, bloggen och feminist-\/genusvansinnet f\u00e5r v\u00e4nta&#8230;<\/p>\n","protected":false},"excerpt":{"rendered":"<p>Ig\u00e5r flyttade vi allts\u00e5 in Uffe hit till min l\u00e4genhet. S\u00e5 idag har jag kronisk ledbrutenhet och tr\u00e4ningsv\u00e4rk i hela kroppen. Som pl\u00e5ster p\u00e5 s\u00e5ren \u00e4r vi (mest jag) dock l\u00e5nglediga st\u00f6rre delen av n\u00e4sta vecka&#8230; \u00a0Moderskan rattar en lastbil &hellip; <a href=\"http:\/\/www.susannavaris.com\/blogg\/2013\/03\/da-ar-vi-sambos\/\">Forts\u00e4tt l\u00e4sa <span class=\"meta-nav\">&rarr;<\/span><\/a><\/p>\n","protected":false},"author":1,"featured_media":0,"comment_status":"open","ping_status":"open","sticky":false,"template":"","format":"standard","meta":{"footnotes":""},"categories":[181,1321,1928,589,1,590,889,384],"tags":[175,4900,2303,2306,2749,1285,2442],"class_list":["post-9109","post","type-post","status-publish","format-standard","hentry","category-feminism","category-jamstalldhet","category-journalistik","category-medier","category-okategoriserade","category-politik","category-teknik","category-tv","tag-dn","tag-feminism","tag-flytt","tag-flytten","tag-lordagsmys","tag-maria-sveland","tag-telia"],"_links":{"self":[{"href":"http:\/\/www.susannavaris.com\/blogg\/wp-json\/wp\/v2\/posts\/9109","targetHints":{"allow":["GET"]}}],"collection":[{"href":"http:\/\/www.susannavaris.com\/blogg\/wp-json\/wp\/v2\/posts"}],"about":[{"href":"http:\/\/www.susannavaris.com\/blogg\/wp-json\/wp\/v2\/types\/post"}],"author":[{"embeddable":true,"href":"http:\/\/www.susannavaris.com\/blogg\/wp-json\/wp\/v2\/users\/1"}],"replies":[{"embeddable":true,"href":"http:\/\/www.susannavaris.com\/blogg\/wp-json\/wp\/v2\/comments?post=9109"}],"version-history":[{"count":1,"href":"http:\/\/www.susannavaris.com\/blogg\/wp-json\/wp\/v2\/posts\/9109\/revisions"}],"predecessor-version":[{"id":9119,"href":"http:\/\/www.susannavaris.com\/blogg\/wp-json\/wp\/v2\/posts\/9109\/revisions\/9119"}],"wp:attachment":[{"href":"http:\/\/www.susannavaris.com\/blogg\/wp-json\/wp\/v2\/media?parent=9109"}],"wp:term":[{"taxonomy":"category","embeddable":true,"href":"http:\/\/www.susannavaris.com\/blogg\/wp-json\/wp\/v2\/categories?post=9109"},{"taxonomy":"post_tag","embeddable":true,"href":"http:\/\/www.susannavaris.com\/blogg\/wp-json\/wp\/v2\/tags?post=9109"}],"curies":[{"name":"wp","href":"https:\/\/api.w.org\/{rel}","templated":true}]}}