{"id":9120,"date":"2013-03-03T22:12:48","date_gmt":"2013-03-03T21:12:48","guid":{"rendered":"http:\/\/www.susannavaris.com\/blogg\/?p=9120"},"modified":"2013-03-04T20:01:08","modified_gmt":"2013-03-04T19:01:08","slug":"sveland-och-hatet-continued","status":"publish","type":"post","link":"http:\/\/www.susannavaris.com\/blogg\/2013\/03\/sveland-och-hatet-continued\/","title":{"rendered":"Sveland och hatet continued"},"content":{"rendered":"<p style=\"text-align: center;\"><a href=\"http:\/\/www.susannavaris.com\/blogg\/wp-content\/uploads\/2013\/03\/mariasvelandevetedesj\u00f6.jpg\"><img loading=\"lazy\" decoding=\"async\" class=\"aligncenter size-full wp-image-9121\" alt=\"mariasvelandevetedesj\u00f6\" src=\"http:\/\/www.susannavaris.com\/blogg\/wp-content\/uploads\/2013\/03\/mariasvelandevetedesj\u00f6.jpg\" width=\"600\" height=\"900\" srcset=\"http:\/\/www.susannavaris.com\/blogg\/wp-content\/uploads\/2013\/03\/mariasvelandevetedesj\u00f6.jpg 600w, http:\/\/www.susannavaris.com\/blogg\/wp-content\/uploads\/2013\/03\/mariasvelandevetedesj\u00f6-200x300.jpg 200w\" sizes=\"auto, (max-width: 600px) 100vw, 600px\" \/><\/a>\u00a0<em>Maria Sveland. Foto: Eva Tedesj\u00f6<\/em><\/p>\n<p>Erica Trejs skrev i en <a href=\"http:\/\/www.svd.se\/kultur\/hur-ska-vilsna-unga-orka-sta-emot_7955698.svd\">kr\u00f6nika<\/a>\u00a0i SvD\u00a0h\u00e4romdagen om n\u00e4that i allm\u00e4nhet och Maria Sveland i synnerhet:<\/p>\n<blockquote><p><strong>&#8221;En som verkligen\u00a0<\/strong>p\u00e5 n\u00e4ra h\u00e5ll upplevt hur den hatiska tonen skruvats upp \u00e4r f\u00f6rfattaren Maria Sveland. Hennes bok \u201dHatet \u2013 en bok om antifeminism\u201d landar snart hos \u00e5terf\u00f6rs\u00e4ljarna och kommer att l\u00e4gga ytterligare ved p\u00e5 den l\u00e4ttant\u00e4ndliga debattbrasa som st\u00e4ndigt pyr bland m\u00e4nniskor som inte tror p\u00e5 ett j\u00e4mlikt samh\u00e4lle. Och d\u00e4refter kommer vi proffstyckare i en andra v\u00e5g och ser till att diskussionen i b\u00e4sta fall breddas, f\u00f6rdjupas och sprids.&#8221;<\/p><\/blockquote>\n<p>Trejs analys av l\u00e4get \u00f6verensst\u00e4mmer i stort med Svelands: all form av kritik av feminismen klumpas ihop med n\u00e4tkommentatorer och hatiska eller hotfulla mejl till en s\u00f6rja best\u00e5ende av &#8221;m\u00e4nniskor som inte tror p\u00e5 ett j\u00e4mlikt samh\u00e4lle&#8221;. Hon ger d\u00e4rp\u00e5 uttryck f\u00f6r en, inte hatisk, men f\u00f6raktfull inst\u00e4llning mot denna hopklumpade massa: proffstyckare m\u00e5ste komma in och i b\u00e4sta fall bredda, f\u00f6rdjupa och sprida diskussionen.<\/p>\n<p>Jag har roat mig med att l\u00e4sa dagens\u00a0<a href=\"http:\/\/www.dn.se\/livsstil\/maria-sveland-jag-kanner-mig-extremt-rik\">reklaminslag<\/a>\u00a0p\u00e5 fyra helsidor i DN f\u00f6r Svelands kommande bok <em>Hatet <\/em>och \u00e4ven det utdrag ur boken som finns p\u00e5 DN Plus. I <a href=\"http:\/\/www.dn.se\/livsstil\/maria-sveland-jag-kanner-mig-extremt-rik\">artikeln<\/a>\u00a0gav Sveland uttryck f\u00f6r vissa sj\u00e4lvinsikter ang\u00e5ende sitt eget hat, men utdraget ur boken var i stort en upprepning av hennes numera v\u00e4lk\u00e4nda <a href=\"http:\/\/www.dn.se\/kultur-noje\/debatt-essa\/hatet-som-gor-mig-politiskt-deprimerad\">debattartiklar<\/a>\u00a0i DN Kultur f\u00f6rra \u00e5ret: P\u00e4r Str\u00f6m vill inte alls arbeta f\u00f6r j\u00e4mst\u00e4lldhet och hoten mot honom har diskutabel trov\u00e4rdighet. Varken Str\u00f6m eller Pelle Billing borde f\u00e5 figurera i media eftersom de inte ska ges n\u00e5gon legitimitet. Eftersom det har f\u00f6rekommit referenser till Breivik i olika kommentarer p\u00e5 P\u00e4r Str\u00f6ms och Pelle Billings bloggar kan de tv\u00e5 luta sig tillbaka och bli gynnade av den skr\u00e4ck som detta inger hos feminister (ungef\u00e4r, jag skriver ur minnet), p\u00e5 samma vis som feminister p\u00e5st\u00e5r att m\u00e4n i allm\u00e4nhet gynnas av att vissa m\u00e4n v\u00e5ldtar, eftersom kvinnorna d\u00e5 av bara skr\u00e4cken h\u00e5lls f\u00f6rtryckta. \u00a0SCUM \u00e4r en pj\u00e4s skriven av (h\u00e4r refererar hon till en annan persons uttryck) d\u00e5rfink, men repertoarerna p\u00e5 teatrarna spelar st\u00e4ndigt pj\u00e4ser av d\u00e5rfinkar. V\u00e5ld mot m\u00e4n v\u00e4cker uppst\u00e5ndelse, men inte v\u00e5ld mot kvinnor (hon j\u00e4mf\u00f6r med Juliette av Marquis de Sade, spelad p\u00e5 samma Turteatern som \u00e4ven satte upp SCUM). Kritik av feminismen \u00e4r egentligen inte kritik av feminism, utan kvinnohat. (I vanlig ordning bem\u00f6ts inga sakargument, Sveland v\u00e4ljer att m\u00e5la upp en fiende av valda pusselbitar fr\u00e5n h\u00e4r och d\u00e4r och st\u00e4mpla allt som hat och n\u00e5got som borde f\u00f6rbjudas och kv\u00e4sas.) Sveland f\u00f6rfasas \u00f6ver att etablerade skribenter och journalister kan uttrycka liknande tankar som \u00e5terfinns hos Str\u00f6m och Billing&#8230;och s\u00e5 h\u00e4r g\u00e5r det p\u00e5. Sj\u00e4lvklart kommer DN Kultur sl\u00e5 frivolter av lycka \u00f6ver denna &#8221;modiga uppg\u00f6relse med v\u00e5r tids hat mot starka kvinnor&#8221;.<\/p>\n<p>Sj\u00e4lv blir jag mest tr\u00f6tt.<\/p>\n<p style=\"text-align: center;\">&#8211; : &#8211; : &#8211; : &#8211;<\/p>\n<p style=\"text-align: center;\">Kimhza Bremer om Anders Wing\u00e5rdhs kr\u00f6nika och Maria Sveland\u00a0<a href=\"http:\/\/kimhzabremersbodega.wordpress.com\/\">h\u00e4r<\/a><\/p>\n","protected":false},"excerpt":{"rendered":"<p>\u00a0Maria Sveland. Foto: Eva Tedesj\u00f6 Erica Trejs skrev i en kr\u00f6nika\u00a0i SvD\u00a0h\u00e4romdagen om n\u00e4that i allm\u00e4nhet och Maria Sveland i synnerhet: &#8221;En som verkligen\u00a0p\u00e5 n\u00e4ra h\u00e5ll upplevt hur den hatiska tonen skruvats upp \u00e4r f\u00f6rfattaren Maria Sveland. Hennes bok \u201dHatet &hellip; <a href=\"http:\/\/www.susannavaris.com\/blogg\/2013\/03\/sveland-och-hatet-continued\/\">Forts\u00e4tt l\u00e4sa <span class=\"meta-nav\">&rarr;<\/span><\/a><\/p>\n","protected":false},"author":1,"featured_media":0,"comment_status":"open","ping_status":"open","sticky":false,"template":"","format":"standard","meta":{"footnotes":""},"categories":[1364,181,259,1321,1928,1162,589,1,590,403],"tags":[1372,175,2750,4900,1607,2579,1622,2687,1285,585,1244,548,504],"class_list":["post-9120","post","type-post","status-publish","format-standard","hentry","category-bocker","category-feminism","category-genusvetenskap","category-jamstalldhet","category-journalistik","category-kultur","category-medier","category-okategoriserade","category-politik","category-pseudovetenskap","tag-bok","tag-dn","tag-erica-trejs","tag-feminism","tag-hat","tag-hatet","tag-jamstalldism","tag-kvinnohat","tag-maria-sveland","tag-nathat","tag-par-strom","tag-pelle-billing","tag-svd"],"_links":{"self":[{"href":"http:\/\/www.susannavaris.com\/blogg\/wp-json\/wp\/v2\/posts\/9120","targetHints":{"allow":["GET"]}}],"collection":[{"href":"http:\/\/www.susannavaris.com\/blogg\/wp-json\/wp\/v2\/posts"}],"about":[{"href":"http:\/\/www.susannavaris.com\/blogg\/wp-json\/wp\/v2\/types\/post"}],"author":[{"embeddable":true,"href":"http:\/\/www.susannavaris.com\/blogg\/wp-json\/wp\/v2\/users\/1"}],"replies":[{"embeddable":true,"href":"http:\/\/www.susannavaris.com\/blogg\/wp-json\/wp\/v2\/comments?post=9120"}],"version-history":[{"count":3,"href":"http:\/\/www.susannavaris.com\/blogg\/wp-json\/wp\/v2\/posts\/9120\/revisions"}],"predecessor-version":[{"id":9126,"href":"http:\/\/www.susannavaris.com\/blogg\/wp-json\/wp\/v2\/posts\/9120\/revisions\/9126"}],"wp:attachment":[{"href":"http:\/\/www.susannavaris.com\/blogg\/wp-json\/wp\/v2\/media?parent=9120"}],"wp:term":[{"taxonomy":"category","embeddable":true,"href":"http:\/\/www.susannavaris.com\/blogg\/wp-json\/wp\/v2\/categories?post=9120"},{"taxonomy":"post_tag","embeddable":true,"href":"http:\/\/www.susannavaris.com\/blogg\/wp-json\/wp\/v2\/tags?post=9120"}],"curies":[{"name":"wp","href":"https:\/\/api.w.org\/{rel}","templated":true}]}}