{"id":9123,"date":"2013-03-04T18:17:39","date_gmt":"2013-03-04T17:17:39","guid":{"rendered":"http:\/\/www.susannavaris.com\/blogg\/?p=9123"},"modified":"2013-03-04T21:07:35","modified_gmt":"2013-03-04T20:07:35","slug":"project-telia-del-ii","status":"publish","type":"post","link":"http:\/\/www.susannavaris.com\/blogg\/2013\/03\/project-telia-del-ii\/","title":{"rendered":"Projekt Telia del II"},"content":{"rendered":"<p style=\"text-align: center;\"><a href=\"http:\/\/www.susannavaris.com\/blogg\/wp-content\/uploads\/2013\/03\/telia141488__468x_china-quality-repairs-on-utility-pole-001.jpg\"><img loading=\"lazy\" decoding=\"async\" class=\"aligncenter size-full wp-image-9124\" alt=\"telia141488__468x_china-quality-repairs-on-utility-pole-001\" src=\"http:\/\/www.susannavaris.com\/blogg\/wp-content\/uploads\/2013\/03\/telia141488__468x_china-quality-repairs-on-utility-pole-001.jpg\" width=\"468\" height=\"624\" srcset=\"http:\/\/www.susannavaris.com\/blogg\/wp-content\/uploads\/2013\/03\/telia141488__468x_china-quality-repairs-on-utility-pole-001.jpg 468w, http:\/\/www.susannavaris.com\/blogg\/wp-content\/uploads\/2013\/03\/telia141488__468x_china-quality-repairs-on-utility-pole-001-225x300.jpg 225w\" sizes=\"auto, (max-width: 468px) 100vw, 468px\" \/><\/a>\u00a0<em>Det \u00e4r en fnurra p\u00e5 tr\u00e5den n\u00e5gonstans&#8230;<\/em><\/p>\n<p>Nu har vi bes\u00f6kt teliabutiken nere p\u00e5 stan och ber\u00e4ttat dels vad vi tycker om \u00f6verflyttningen och hur det (inte) fungerar hemma hos oss. Tyv\u00e4rr \u00e4r inte teliabutikerna till f\u00f6r n\u00e5gonting annat \u00e4n att s\u00e4lja nya abonnemang och expediten kunde enbart bist\u00e5 oss med telefonnummer till kundtj\u00e4nst respektive support.<\/p>\n<p>Efter en timme i telefon med f\u00f6rst support framkom f\u00f6ljande: mitt telefonnummer, som jag skickat in en fullmakt om att flytta \u00f6ver till Telia fr\u00e5n C-sam f\u00f6r n\u00e5gon vecka sedan, finns hos n\u00e5got som heter Vox telecom. Supporten kunde dock inte skicka en beg\u00e4ran p\u00e5 en \u00f6verflyttning, det m\u00e5ste kundtj\u00e4nst g\u00f6ra. Efter att \u00e4ven ha kr\u00e4lat runt under och bakom diverse byr\u00e5er och \u00f6ppnat luckor till ing\u00e5ngarna f\u00f6r kabeln, startat om modem och boxar, fipplat och fixat runt, \u00e4r nu felet lokaliserat till fj\u00e4rrkontrollen till tv-boxen. De tj\u00e4nster som jag hade best\u00e4llt var inte inkopplade i min l\u00e4genhet, utan n\u00e5gon annanstans. Nu \u00e4r de f\u00f6rhoppningsvis inkopplade i r\u00e4tt l\u00e4genhet. Hyresv\u00e4rden har f\u00f6r teliatj\u00e4nsterna anv\u00e4nt sig av l\u00e4genhetsnummer som var aktuella under f\u00f6rrf\u00f6rra fastighets\u00e4garen och inte de som numera \u00e4r officiella, s\u00e5 det kr\u00e4vdes lite detektivarbete. Vi kommer att f\u00e5 en ny fj\u00e4rrkontroll inom 2-3 dagar.<\/p>\n<p>Efter en timme, n\u00e4r vi var klara med tv-delen, kopplades jag vidare till kundtj\u00e4nst f\u00f6r att reda ut vad mitt telefonnummer g\u00f6r hos Vox telecom. Jag blev lovad att numret skulle vara inkopplad nu p\u00e5 torsdag. Forts\u00e4ttning f\u00f6ljer&#8230;<\/p>\n","protected":false},"excerpt":{"rendered":"<p>\u00a0Det \u00e4r en fnurra p\u00e5 tr\u00e5den n\u00e5gonstans&#8230; Nu har vi bes\u00f6kt teliabutiken nere p\u00e5 stan och ber\u00e4ttat dels vad vi tycker om \u00f6verflyttningen och hur det (inte) fungerar hemma hos oss. Tyv\u00e4rr \u00e4r inte teliabutikerna till f\u00f6r n\u00e5gonting annat \u00e4n &hellip; <a href=\"http:\/\/www.susannavaris.com\/blogg\/2013\/03\/project-telia-del-ii\/\">Forts\u00e4tt l\u00e4sa <span class=\"meta-nav\">&rarr;<\/span><\/a><\/p>\n","protected":false},"author":1,"featured_media":0,"comment_status":"open","ping_status":"open","sticky":false,"template":"","format":"standard","meta":{"footnotes":""},"categories":[178,1,590,889,384],"tags":[2444,2751,2752,4914,2587,2442,2252],"class_list":["post-9123","post","type-post","status-publish","format-standard","hentry","category-blodtryckshojare","category-okategoriserade","category-politik","category-teknik","category-tv","tag-bredband","tag-statlig","tag-statligt-agande","tag-teknik","tag-telefoni","tag-telia","tag-tv-2"],"_links":{"self":[{"href":"http:\/\/www.susannavaris.com\/blogg\/wp-json\/wp\/v2\/posts\/9123","targetHints":{"allow":["GET"]}}],"collection":[{"href":"http:\/\/www.susannavaris.com\/blogg\/wp-json\/wp\/v2\/posts"}],"about":[{"href":"http:\/\/www.susannavaris.com\/blogg\/wp-json\/wp\/v2\/types\/post"}],"author":[{"embeddable":true,"href":"http:\/\/www.susannavaris.com\/blogg\/wp-json\/wp\/v2\/users\/1"}],"replies":[{"embeddable":true,"href":"http:\/\/www.susannavaris.com\/blogg\/wp-json\/wp\/v2\/comments?post=9123"}],"version-history":[{"count":2,"href":"http:\/\/www.susannavaris.com\/blogg\/wp-json\/wp\/v2\/posts\/9123\/revisions"}],"predecessor-version":[{"id":9128,"href":"http:\/\/www.susannavaris.com\/blogg\/wp-json\/wp\/v2\/posts\/9123\/revisions\/9128"}],"wp:attachment":[{"href":"http:\/\/www.susannavaris.com\/blogg\/wp-json\/wp\/v2\/media?parent=9123"}],"wp:term":[{"taxonomy":"category","embeddable":true,"href":"http:\/\/www.susannavaris.com\/blogg\/wp-json\/wp\/v2\/categories?post=9123"},{"taxonomy":"post_tag","embeddable":true,"href":"http:\/\/www.susannavaris.com\/blogg\/wp-json\/wp\/v2\/tags?post=9123"}],"curies":[{"name":"wp","href":"https:\/\/api.w.org\/{rel}","templated":true}]}}