{"id":9129,"date":"2013-03-07T15:32:04","date_gmt":"2013-03-07T14:32:04","guid":{"rendered":"http:\/\/www.susannavaris.com\/blogg\/?p=9129"},"modified":"2013-03-07T15:34:37","modified_gmt":"2013-03-07T14:34:37","slug":"ledighet-och-projekt-telia-iii","status":"publish","type":"post","link":"http:\/\/www.susannavaris.com\/blogg\/2013\/03\/ledighet-och-projekt-telia-iii\/","title":{"rendered":"Ledighet och Projekt Telia III"},"content":{"rendered":"<p><a href=\"http:\/\/www.susannavaris.com\/blogg\/wp-content\/uploads\/2013\/03\/Hercules_in_new_york_movie_poster.jpg\"><img loading=\"lazy\" decoding=\"async\" class=\"aligncenter size-full wp-image-9130\" alt=\"Hercules_in_new_york_movie_poster\" src=\"http:\/\/www.susannavaris.com\/blogg\/wp-content\/uploads\/2013\/03\/Hercules_in_new_york_movie_poster.jpg\" width=\"300\" height=\"455\" srcset=\"http:\/\/www.susannavaris.com\/blogg\/wp-content\/uploads\/2013\/03\/Hercules_in_new_york_movie_poster.jpg 300w, http:\/\/www.susannavaris.com\/blogg\/wp-content\/uploads\/2013\/03\/Hercules_in_new_york_movie_poster-197x300.jpg 197w\" sizes=\"auto, (max-width: 300px) 100vw, 300px\" \/><\/a><\/p>\n<p>Det har varit fantastiskt sk\u00f6nt att vara ledig sedan i l\u00f6rdags. Vi har hunnit med mycket; flyttat Uffe hit, tagit oss igenom n\u00e4stan hela Projekt Telia (nu v\u00e4ntar jag bara p\u00e5 att mitt nummer ska \u00e5terb\u00f6rdas till mig idag&#8230;sp\u00e4nningen stiger&#8230;), jag har m\u00e5lat en del, vi har varit i Stockholm och bland annat promenerat p\u00e5 Djurg\u00e5rden. Under tiden med enbart SVT1 hann vi \u00e4ven se en del roligheter p\u00e5 dvd, bland annat en gammal klassiker med Arnold Scwartzenegger, <em>Herkules in New York<\/em>. Olympen \u00e4r bel\u00e4gen i n\u00e5gon form av park d\u00e4r biltrafik h\u00f6rs i bakgrunden, Zeus\u00b4 blixtar best\u00e5r av b\u00f6jda och silverm\u00e5lade armeringsj\u00e4rn, Herkules pratar med kraftig, \u00f6sterrikisk brytning och agerar lika sj\u00e4lvklart som en vedklabbe. Var och varannan scen g\u00e5r ut p\u00e5 att Herkules ska riva av sig skjortan eller beg\u00e5 n\u00e5gon omotiverad styrkedemonstration. Slagsm\u00e5let med den f\u00f6rrymda &#8221;bj\u00f6rnen&#8221; i Central Park \u00e4r i sig en ensam anledning till att genast se denna p\u00e4rla bland kalkoner, om ni inte redan har gjort det.<\/p>\n<p style=\"text-align: center;\"><a href=\"http:\/\/www.susannavaris.com\/blogg\/wp-content\/uploads\/2013\/03\/hercules_en_nueva_york_1970_1.jpg\"><img loading=\"lazy\" decoding=\"async\" class=\"aligncenter size-full wp-image-9131\" alt=\"hercules_en_nueva_york_1970_1\" src=\"http:\/\/www.susannavaris.com\/blogg\/wp-content\/uploads\/2013\/03\/hercules_en_nueva_york_1970_1.jpg\" width=\"1245\" height=\"983\" srcset=\"http:\/\/www.susannavaris.com\/blogg\/wp-content\/uploads\/2013\/03\/hercules_en_nueva_york_1970_1.jpg 1245w, http:\/\/www.susannavaris.com\/blogg\/wp-content\/uploads\/2013\/03\/hercules_en_nueva_york_1970_1-300x236.jpg 300w, http:\/\/www.susannavaris.com\/blogg\/wp-content\/uploads\/2013\/03\/hercules_en_nueva_york_1970_1-1024x808.jpg 1024w\" sizes=\"auto, (max-width: 1245px) 100vw, 1245px\" \/><\/a>\u00a0<em>Arnold Schwartzenegger presenteras i filmen som Arnold Strong&#8230;<\/em><\/p>\n<p style=\"text-align: center;\"><a href=\"http:\/\/www.susannavaris.com\/blogg\/wp-content\/uploads\/2013\/03\/herkules13053028471480821384_574_574.jpg\"><img loading=\"lazy\" decoding=\"async\" class=\"aligncenter size-full wp-image-9132\" alt=\"herkules13053028471480821384_574_574\" src=\"http:\/\/www.susannavaris.com\/blogg\/wp-content\/uploads\/2013\/03\/herkules13053028471480821384_574_574.jpg\" width=\"512\" height=\"384\" srcset=\"http:\/\/www.susannavaris.com\/blogg\/wp-content\/uploads\/2013\/03\/herkules13053028471480821384_574_574.jpg 512w, http:\/\/www.susannavaris.com\/blogg\/wp-content\/uploads\/2013\/03\/herkules13053028471480821384_574_574-300x225.jpg 300w\" sizes=\"auto, (max-width: 512px) 100vw, 512px\" \/><\/a>\u00a0<em>Olympen, strax invid en motorled&#8230;<\/em><\/p>\n<p style=\"text-align: left;\">Telia har \u00e4ntligen lyckats skicka kanalerna till r\u00e4tt l\u00e4genhet, alla apparater och fj\u00e4rrkontroller verkar fungera och nu v\u00e4ntar jag p\u00e5 att jag ska \u00e5terf\u00e5 mitt telefonnummer. En r\u00e4kning har jag d\u00e4remot hunnit f\u00e5 redan, trots att tre f\u00f6rsta m\u00e5nader skulle vara gratis. Det postitiva i den h\u00e4r upplevelsen har varit det mycket trevliga bem\u00f6tande som jag f\u00e5tt av framf\u00f6r allt den tekniska supporten och detta trots att min egen ton ibland har lutat \u00e5t det mera svavelosande h\u00e5llet.<\/p>\n<p style=\"text-align: left;\">Ute \u00e4r det str\u00e5lande v\u00e4der, det \u00e4r v\u00e5r i luften och riktigt varmt om dagarna, men kv\u00e4llarna \u00a0\u00e4r f\u00f6rst\u00e5s fortfarande riktigt kalla. Det \u00e4r l\u00e4tt att lura sig sj\u00e4lv och tro att det redan \u00e4r v\u00e5r och varmt, kl\u00e4 p\u00e5 sig f\u00f6r lite och frysa in i m\u00e4rgen s\u00e5 fort solen g\u00e5r ner. Men ljuset \u00e4r p\u00e5 v\u00e4g och jag k\u00e4nner mig piggare.<\/p>\n<p style=\"text-align: center;\"><a href=\"http:\/\/www.susannavaris.com\/blogg\/wp-content\/uploads\/2013\/03\/DSC_0714-50.jpg\"><img loading=\"lazy\" decoding=\"async\" class=\"aligncenter size-full wp-image-9133\" alt=\"DSC_0714-50\" src=\"http:\/\/www.susannavaris.com\/blogg\/wp-content\/uploads\/2013\/03\/DSC_0714-50.jpg\" width=\"2304\" height=\"1536\" srcset=\"http:\/\/www.susannavaris.com\/blogg\/wp-content\/uploads\/2013\/03\/DSC_0714-50.jpg 2304w, http:\/\/www.susannavaris.com\/blogg\/wp-content\/uploads\/2013\/03\/DSC_0714-50-300x200.jpg 300w, http:\/\/www.susannavaris.com\/blogg\/wp-content\/uploads\/2013\/03\/DSC_0714-50-1024x682.jpg 1024w\" sizes=\"auto, (max-width: 2304px) 100vw, 2304px\" \/><\/a><em>\u00a0Jag passade p\u00e5 att fota en del milj\u00f6er p\u00e5 Djurg\u00e5rden f\u00f6r att samla p\u00e5 mig material f\u00f6r digitala collage&#8230;<\/em><\/p>\n<p style=\"text-align: center;\"><a href=\"http:\/\/www.susannavaris.com\/blogg\/wp-content\/uploads\/2013\/03\/DSC_0741-50.jpg\"><img loading=\"lazy\" decoding=\"async\" class=\"aligncenter size-full wp-image-9134\" alt=\"DSC_0741-50\" src=\"http:\/\/www.susannavaris.com\/blogg\/wp-content\/uploads\/2013\/03\/DSC_0741-50.jpg\" width=\"2192\" height=\"1516\" srcset=\"http:\/\/www.susannavaris.com\/blogg\/wp-content\/uploads\/2013\/03\/DSC_0741-50.jpg 2192w, http:\/\/www.susannavaris.com\/blogg\/wp-content\/uploads\/2013\/03\/DSC_0741-50-300x207.jpg 300w, http:\/\/www.susannavaris.com\/blogg\/wp-content\/uploads\/2013\/03\/DSC_0741-50-1024x708.jpg 1024w\" sizes=\"auto, (max-width: 2192px) 100vw, 2192px\" \/><\/a>\u00a0<em>Ett lustigt hus med p\u00e5m\u00e5lad d\u00f6rr och p\u00e5m\u00e5lade f\u00f6nster vid Waldemarsudde.<\/em><\/p>\n<p style=\"text-align: center;\">Och s\u00e5 m\u00e5lningen jag h\u00e5ller p\u00e5 med nu:<\/p>\n<p style=\"text-align: center;\"><a href=\"http:\/\/www.susannavaris.com\/blogg\/wp-content\/uploads\/2013\/03\/The-Little-Ghost-Rider-under-progress-04-50.jpg\"><img loading=\"lazy\" decoding=\"async\" class=\"aligncenter size-full wp-image-9135\" alt=\"The Little Ghost Rider under progress 04 50\" src=\"http:\/\/www.susannavaris.com\/blogg\/wp-content\/uploads\/2013\/03\/The-Little-Ghost-Rider-under-progress-04-50.jpg\" width=\"1536\" height=\"2304\" srcset=\"http:\/\/www.susannavaris.com\/blogg\/wp-content\/uploads\/2013\/03\/The-Little-Ghost-Rider-under-progress-04-50.jpg 1536w, http:\/\/www.susannavaris.com\/blogg\/wp-content\/uploads\/2013\/03\/The-Little-Ghost-Rider-under-progress-04-50-200x300.jpg 200w, http:\/\/www.susannavaris.com\/blogg\/wp-content\/uploads\/2013\/03\/The-Little-Ghost-Rider-under-progress-04-50-682x1024.jpg 682w\" sizes=\"auto, (max-width: 1536px) 100vw, 1536px\" \/><\/a>\u00a0<em>The Little Ghost Rider, in progress&#8230;<\/em><\/p>\n<p style=\"text-align: center;\">Vilket p\u00e5minner mig om att jag borde forts\u00e4tta min genomg\u00e5ng av pop surrealism, lowbrow och horror art. Jag som t\u00e4nkte g\u00f6ra det nu n\u00e4r jag var ledig och hade tid&#8230;som vanligt f\u00f6rsvinner tiden bara iv\u00e4g.<\/p>\n","protected":false},"excerpt":{"rendered":"<p>Det har varit fantastiskt sk\u00f6nt att vara ledig sedan i l\u00f6rdags. Vi har hunnit med mycket; flyttat Uffe hit, tagit oss igenom n\u00e4stan hela Projekt Telia (nu v\u00e4ntar jag bara p\u00e5 att mitt nummer ska \u00e5terb\u00f6rdas till mig idag&#8230;sp\u00e4nningen stiger&#8230;), &hellip; <a href=\"http:\/\/www.susannavaris.com\/blogg\/2013\/03\/ledighet-och-projekt-telia-iii\/\">Forts\u00e4tt l\u00e4sa <span class=\"meta-nav\">&rarr;<\/span><\/a><\/p>\n","protected":false},"author":1,"featured_media":0,"comment_status":"open","ping_status":"open","sticky":false,"template":"","format":"standard","meta":{"footnotes":""},"categories":[7,9,361,13,3,1162,415,1,2262,889],"tags":[2755,416,1891,2413,4905,2756,2758,4907,2757,4924,2753,2587,2754],"class_list":["post-9129","post","type-post","status-publish","format-standard","hentry","category-egna-verk","category-film","category-goth","category-inspiration","category-konst","category-kultur","category-lowbrow","category-okategoriserade","category-pop-surrealism","category-teknik","tag-arnold-schwartzenegger","tag-digital-art","tag-digital-konst","tag-film-2","tag-goth","tag-hercules-in-new-york","tag-kalkon","tag-lowbrow","tag-movie","tag-pop-surrealism","tag-telefon","tag-telefoni","tag-the-little-ghost-rider"],"_links":{"self":[{"href":"http:\/\/www.susannavaris.com\/blogg\/wp-json\/wp\/v2\/posts\/9129","targetHints":{"allow":["GET"]}}],"collection":[{"href":"http:\/\/www.susannavaris.com\/blogg\/wp-json\/wp\/v2\/posts"}],"about":[{"href":"http:\/\/www.susannavaris.com\/blogg\/wp-json\/wp\/v2\/types\/post"}],"author":[{"embeddable":true,"href":"http:\/\/www.susannavaris.com\/blogg\/wp-json\/wp\/v2\/users\/1"}],"replies":[{"embeddable":true,"href":"http:\/\/www.susannavaris.com\/blogg\/wp-json\/wp\/v2\/comments?post=9129"}],"version-history":[{"count":3,"href":"http:\/\/www.susannavaris.com\/blogg\/wp-json\/wp\/v2\/posts\/9129\/revisions"}],"predecessor-version":[{"id":9138,"href":"http:\/\/www.susannavaris.com\/blogg\/wp-json\/wp\/v2\/posts\/9129\/revisions\/9138"}],"wp:attachment":[{"href":"http:\/\/www.susannavaris.com\/blogg\/wp-json\/wp\/v2\/media?parent=9129"}],"wp:term":[{"taxonomy":"category","embeddable":true,"href":"http:\/\/www.susannavaris.com\/blogg\/wp-json\/wp\/v2\/categories?post=9129"},{"taxonomy":"post_tag","embeddable":true,"href":"http:\/\/www.susannavaris.com\/blogg\/wp-json\/wp\/v2\/tags?post=9129"}],"curies":[{"name":"wp","href":"https:\/\/api.w.org\/{rel}","templated":true}]}}