{"id":9156,"date":"2013-03-13T20:51:40","date_gmt":"2013-03-13T19:51:40","guid":{"rendered":"http:\/\/www.susannavaris.com\/blogg\/?p=9156"},"modified":"2013-03-13T21:30:51","modified_gmt":"2013-03-13T20:30:51","slug":"vartecken","status":"publish","type":"post","link":"http:\/\/www.susannavaris.com\/blogg\/2013\/03\/vartecken\/","title":{"rendered":"V\u00e5rtecken"},"content":{"rendered":"<p>Jag tycker mig ha sk\u00f6njt en hel del positiva tecken om en j\u00e4mst\u00e4lldhetsdiskurs\u00a0som inte enbart inneb\u00e4r det feministiska perspektivet\u00a0i media p\u00e5 sistone. Jag kan n\u00e4mna\u00a0<a href=\"http:\/\/www.svd.se\/opinion\/ledarsidan\/marknaden-ar-kvinnans-basta-van_7982584.svd\">Maria Ludvigsson<\/a>\u00a0och\u00a0<a href=\"http:\/\/www.dn.se\/ledare\/signerat\/brott-mot-kvinnor-halv-procent-gor-ingen-valdskultur\">Erik Helmersson<\/a>, men ocks\u00e5 t ex\u00a0<a href=\"http:\/\/www.dn.se\/debatt\/man-har-svarare-an-kvinnor-att-prata-om-sin-egen-dod\">denna<\/a>\u00a0artikel med ett perspektiv som ser \u00e4ven m\u00e4nnens sv\u00e5righeter. Allt detta \u00e4r positivt, agendan m\u00e5ste nyanseras fr\u00e5n den inbankade feministiska id\u00e9n om &#8221;m\u00e4nnens strukturella \u00f6verordning och kvinnors underordning&#8221;, samt den marxistiskt inspirerade uppdelningen av m\u00e4nniskor i fastslagna kategorier som ing\u00e5r i en fastslagen makthierarki.<\/p>\n<p>D\u00e4rf\u00f6r blir jag n\u00e5got \u00f6verraskad av en <a href=\"http:\/\/www.aftonbladet.se\/nojesbladet\/melodifestivalen\/article16405877.ab\">artikel<\/a>\u00a0i dagens Aftonbladet, d\u00e4r hela Sveriges upph\u00f6jda och omhuldade favorithomos, Gardell och Levengood, kritiseras i h\u00e4ftiga ordalag av ett antal personer ur mediaeliten:<\/p>\n<p><a href=\"http:\/\/www.susannavaris.com\/blogg\/wp-content\/uploads\/2013\/03\/gardell01.jpg\"><img loading=\"lazy\" decoding=\"async\" class=\"aligncenter size-full wp-image-9157\" alt=\"gardell01\" src=\"http:\/\/www.susannavaris.com\/blogg\/wp-content\/uploads\/2013\/03\/gardell01.jpg\" width=\"288\" height=\"480\" srcset=\"http:\/\/www.susannavaris.com\/blogg\/wp-content\/uploads\/2013\/03\/gardell01.jpg 288w, http:\/\/www.susannavaris.com\/blogg\/wp-content\/uploads\/2013\/03\/gardell01-180x300.jpg 180w\" sizes=\"auto, (max-width: 288px) 100vw, 288px\" \/><\/a><\/p>\n<p>Gubbar hit och gubbar dit \u00e4r ju v\u00e4lk\u00e4nt spr\u00e5kbruk lite varstans n\u00e4r man menar att uttrycka sig neds\u00e4ttande om framf\u00f6rallt vita, heterosexuella, medel\u00e5lders m\u00e4n och det \u00e4r verkligen inget jag uppskattar. Men det annorlunda i detta sammanhang \u00e4r att det \u00e4r inte tv\u00e5 traditionellt medel\u00e5lders, vita, svenska heterom\u00e4n allt handlar om, utan just det mest framst\u00e5ende och av kultureliten och hela folket omfamnade, normbrytande gay-paret Gardell\/Levengood. Dessutom g\u00f6r man reflektionen att hade tweetsen handlat om tjejer hade paret varit lynchade f\u00f6r l\u00e4nge sedan.<\/p>\n<p>Anledningen till reaktionerna \u00e4r ett antal sexistiska tweets som paret skickat under melodifestivalen om bland andra Danny Saucedo och Yohio:<\/p>\n<blockquote><p>\u201dNej nu \u00e4r jag uttr\u00e5kad! Danny, g\u00f6r din plikt: slit av dig lite kl\u00e4der!\u201d, skrev Jonas Gardell den 16 februari.<\/p>\n<p>Under finalen i l\u00f6rdags la Mark Levengood ut en bild p\u00e5 Saucedos ryggtavla med texten:<\/p>\n<p>\u201dKanske lite suddigt &#8211; Men uppriktigt sagt, som fotograf bryr jag mig inte n\u00e4r jag tar Danny bakifr\u00e5n\u201d.<\/p><\/blockquote>\n<p>N\u00e4r paret konfronteras haglar h\u00e4rskarteknikerna:<\/p>\n<p><a href=\"http:\/\/www.susannavaris.com\/blogg\/wp-content\/uploads\/2013\/03\/gardell.jpg\"><img loading=\"lazy\" decoding=\"async\" class=\"aligncenter size-full wp-image-9158\" alt=\"gardell\" src=\"http:\/\/www.susannavaris.com\/blogg\/wp-content\/uploads\/2013\/03\/gardell.jpg\" width=\"288\" height=\"480\" srcset=\"http:\/\/www.susannavaris.com\/blogg\/wp-content\/uploads\/2013\/03\/gardell.jpg 288w, http:\/\/www.susannavaris.com\/blogg\/wp-content\/uploads\/2013\/03\/gardell-180x300.jpg 180w\" sizes=\"auto, (max-width: 288px) 100vw, 288px\" \/><\/a>\u00a0Det \u00e4r allts\u00e5 fullt m\u00f6jligt att vara h\u00e4rligt och befriat gay (och d\u00e4rmed definitionsm\u00e4ssigt underordnad) och vit, medel\u00e5lders och sexistisk (mot m\u00e4n dessutom) samtidigt. Strukturer och patriarkat var det ja&#8230;<\/p>\n<p>Mera om Gr\u00e4vgate och Gardell\/Levengood bland annat p\u00e5\u00a0<a href=\"http:\/\/aktivarum.wordpress.com\/\">Aktivarum<\/a><\/p>\n","protected":false},"excerpt":{"rendered":"<p>Jag tycker mig ha sk\u00f6njt en hel del positiva tecken om en j\u00e4mst\u00e4lldhetsdiskurs\u00a0som inte enbart inneb\u00e4r det feministiska perspektivet\u00a0i media p\u00e5 sistone. Jag kan n\u00e4mna\u00a0Maria Ludvigsson\u00a0och\u00a0Erik Helmersson, men ocks\u00e5 t ex\u00a0denna\u00a0artikel med ett perspektiv som ser \u00e4ven m\u00e4nnens sv\u00e5righeter. Allt &hellip; <a href=\"http:\/\/www.susannavaris.com\/blogg\/2013\/03\/vartecken\/\">Forts\u00e4tt l\u00e4sa <span class=\"meta-nav\">&rarr;<\/span><\/a><\/p>\n","protected":false},"author":1,"featured_media":0,"comment_status":"open","ping_status":"open","sticky":false,"template":"","format":"standard","meta":{"footnotes":""},"categories":[181,259,1321,1162,589,1,590,403,384],"tags":[1876,2774,4899,2775,2773,2728,1841,2777,2776],"class_list":["post-9156","post","type-post","status-publish","format-standard","hentry","category-feminism","category-genusvetenskap","category-jamstalldhet","category-kultur","category-medier","category-okategoriserade","category-politik","category-pseudovetenskap","category-tv","tag-danny-saucedo","tag-gardell","tag-genus","tag-levengood","tag-mello","tag-melodifestival","tag-schlagerfestivalen","tag-tweet","tag-twitter"],"_links":{"self":[{"href":"http:\/\/www.susannavaris.com\/blogg\/wp-json\/wp\/v2\/posts\/9156","targetHints":{"allow":["GET"]}}],"collection":[{"href":"http:\/\/www.susannavaris.com\/blogg\/wp-json\/wp\/v2\/posts"}],"about":[{"href":"http:\/\/www.susannavaris.com\/blogg\/wp-json\/wp\/v2\/types\/post"}],"author":[{"embeddable":true,"href":"http:\/\/www.susannavaris.com\/blogg\/wp-json\/wp\/v2\/users\/1"}],"replies":[{"embeddable":true,"href":"http:\/\/www.susannavaris.com\/blogg\/wp-json\/wp\/v2\/comments?post=9156"}],"version-history":[{"count":4,"href":"http:\/\/www.susannavaris.com\/blogg\/wp-json\/wp\/v2\/posts\/9156\/revisions"}],"predecessor-version":[{"id":9161,"href":"http:\/\/www.susannavaris.com\/blogg\/wp-json\/wp\/v2\/posts\/9156\/revisions\/9161"}],"wp:attachment":[{"href":"http:\/\/www.susannavaris.com\/blogg\/wp-json\/wp\/v2\/media?parent=9156"}],"wp:term":[{"taxonomy":"category","embeddable":true,"href":"http:\/\/www.susannavaris.com\/blogg\/wp-json\/wp\/v2\/categories?post=9156"},{"taxonomy":"post_tag","embeddable":true,"href":"http:\/\/www.susannavaris.com\/blogg\/wp-json\/wp\/v2\/tags?post=9156"}],"curies":[{"name":"wp","href":"https:\/\/api.w.org\/{rel}","templated":true}]}}