{"id":9189,"date":"2013-03-17T17:02:40","date_gmt":"2013-03-17T16:02:40","guid":{"rendered":"http:\/\/www.susannavaris.com\/blogg\/?p=9189"},"modified":"2013-03-18T19:20:51","modified_gmt":"2013-03-18T18:20:51","slug":"rattvisepriset-till-zolfagary","status":"publish","type":"post","link":"http:\/\/www.susannavaris.com\/blogg\/2013\/03\/rattvisepriset-till-zolfagary\/","title":{"rendered":"R\u00e4ttvisepriset till Zolfagary"},"content":{"rendered":"<p><a href=\"http:\/\/www.susannavaris.com\/blogg\/wp-content\/uploads\/2013\/03\/kawa.jpg\"><img loading=\"lazy\" decoding=\"async\" class=\"aligncenter size-full wp-image-9190\" alt=\"kawa\" src=\"http:\/\/www.susannavaris.com\/blogg\/wp-content\/uploads\/2013\/03\/kawa.jpg\" width=\"732\" height=\"633\" srcset=\"http:\/\/www.susannavaris.com\/blogg\/wp-content\/uploads\/2013\/03\/kawa.jpg 732w, http:\/\/www.susannavaris.com\/blogg\/wp-content\/uploads\/2013\/03\/kawa-300x259.jpg 300w\" sizes=\"auto, (max-width: 732px) 100vw, 732px\" \/><\/a><\/p>\n<p>R\u00e4ttvisef\u00f6rmedlingen, vars aff\u00e4rsid\u00e9 bygger p\u00e5 diskriminering av m\u00e4n (helst vita), har tilldelat allas v\u00e5r Kawa Zolfagary R\u00e4ttvisepriset.<\/p>\n<p>Zolfagarys speciella uppfattning om just r\u00e4ttvisa k\u00e4nner vi sedan tidigare till genom bland annat facebookgruppen Vita Kr\u00e4nkta M\u00e4n, d\u00e4r just vita m\u00e4n f\u00f6rl\u00f6jligades och h\u00e5nades, bedrivande av regelr\u00e4tta hatkampanjer mot enskilda individer, bloggen D\u00f6dsmaskinen p\u00e5 liknande tema, \u00e5sikten att Per Gudmundsson, journalist p\u00e5 SvD\u00a0<a href=\"http:\/\/www.svd.se\/nyheter\/inrikes\/serietidning-kraver-att-svds-ledarskribent-skjuts_6285968.svd\">borde skjutas<\/a>\u00a0och &#8221;satirsajten&#8221; Alliansfritt. Mitt f\u00f6rsta m\u00f6te med Zolfagary var\u00a0<a href=\"http:\/\/www.susannavaris.com\/blogg\/2012\/03\/gardagens-blodtryckshojare\/\">denna<\/a>\u00a0kr\u00f6nika i v\u00e4nsterfeministhippa N\u00f6jesguiden. Zolfagarys Vita kr\u00e4nkta M\u00e4n kommer \u00e4ven att s\u00e4ttas upp som <a href=\"http:\/\/www.stadsevent.se\/stockholm\/evenemang\/teater-brunnsgatan-fyra\/23228\/vita-krankta-man\/\">teaterstycke<\/a>\u00a0av Lo Kauppi p\u00e5 Teater Brunnsgatan Fyra.<\/p>\n<p><a href=\"http:\/\/rattviseformedlingen.se\/nyhet\/kawa-zolfagary-vinner-rattvisepriset-2013\">Motiveringen<\/a>\u00a0till priset inneh\u00e5ller en del konststycken inom grenen hyckleri:<\/p>\n<blockquote><p>&#8221;- Precis som en av v\u00e5ra r\u00e4ttvisef\u00f6rmedlare skrev har Kawa satt fingret p\u00e5 ett av v\u00e5ra st\u00f6rsta samh\u00e4llsproblem och f\u00e5tt fler \u00e4n invigda debatt\u00f6rer att uppm\u00e4rksamma sexism och rasism. Kawa har dessutom visat att aggressiva p\u00e5hopp inte \u00e4r n\u00f6dv\u00e4ndiga f\u00f6r att f\u00e5 genomslag, tv\u00e4rt om.&#8221;<\/p><\/blockquote>\n<p>Det orwellska nyspr\u00e5ket firar triumfer: &#8221;uppm\u00e4rksamma sexism och rasism&#8221;&#8230;genom en grupp vars sj\u00e4lva namn lyckas b\u00e5de vara rasistisk och sexistisk p\u00e5 en och samma g\u00e5ng.<\/p>\n<p>&nbsp;<\/p>\n","protected":false},"excerpt":{"rendered":"<p>R\u00e4ttvisef\u00f6rmedlingen, vars aff\u00e4rsid\u00e9 bygger p\u00e5 diskriminering av m\u00e4n (helst vita), har tilldelat allas v\u00e5r Kawa Zolfagary R\u00e4ttvisepriset. Zolfagarys speciella uppfattning om just r\u00e4ttvisa k\u00e4nner vi sedan tidigare till genom bland annat facebookgruppen Vita Kr\u00e4nkta M\u00e4n, d\u00e4r just vita m\u00e4n f\u00f6rl\u00f6jligades &hellip; <a href=\"http:\/\/www.susannavaris.com\/blogg\/2013\/03\/rattvisepriset-till-zolfagary\/\">Forts\u00e4tt l\u00e4sa <span class=\"meta-nav\">&rarr;<\/span><\/a><\/p>\n","protected":false},"author":1,"featured_media":0,"comment_status":"open","ping_status":"open","sticky":false,"template":"","format":"standard","meta":{"footnotes":""},"categories":[181,259,1321,1928,1162,589,1,590],"tags":[1460,2800,2798,2797,2276,2799],"class_list":["post-9189","post","type-post","status-publish","format-standard","hentry","category-feminism","category-genusvetenskap","category-jamstalldhet","category-journalistik","category-kultur","category-medier","category-okategoriserade","category-politik","tag-kawa-zolfagary","tag-lo-kauppi","tag-rattviseformedlingen","tag-rattvisepriset","tag-teater-brunnsgatan-fyra","tag-vita-krankta-man"],"_links":{"self":[{"href":"http:\/\/www.susannavaris.com\/blogg\/wp-json\/wp\/v2\/posts\/9189","targetHints":{"allow":["GET"]}}],"collection":[{"href":"http:\/\/www.susannavaris.com\/blogg\/wp-json\/wp\/v2\/posts"}],"about":[{"href":"http:\/\/www.susannavaris.com\/blogg\/wp-json\/wp\/v2\/types\/post"}],"author":[{"embeddable":true,"href":"http:\/\/www.susannavaris.com\/blogg\/wp-json\/wp\/v2\/users\/1"}],"replies":[{"embeddable":true,"href":"http:\/\/www.susannavaris.com\/blogg\/wp-json\/wp\/v2\/comments?post=9189"}],"version-history":[{"count":3,"href":"http:\/\/www.susannavaris.com\/blogg\/wp-json\/wp\/v2\/posts\/9189\/revisions"}],"predecessor-version":[{"id":9202,"href":"http:\/\/www.susannavaris.com\/blogg\/wp-json\/wp\/v2\/posts\/9189\/revisions\/9202"}],"wp:attachment":[{"href":"http:\/\/www.susannavaris.com\/blogg\/wp-json\/wp\/v2\/media?parent=9189"}],"wp:term":[{"taxonomy":"category","embeddable":true,"href":"http:\/\/www.susannavaris.com\/blogg\/wp-json\/wp\/v2\/categories?post=9189"},{"taxonomy":"post_tag","embeddable":true,"href":"http:\/\/www.susannavaris.com\/blogg\/wp-json\/wp\/v2\/tags?post=9189"}],"curies":[{"name":"wp","href":"https:\/\/api.w.org\/{rel}","templated":true}]}}