{"id":9198,"date":"2013-03-18T12:37:36","date_gmt":"2013-03-18T11:37:36","guid":{"rendered":"http:\/\/www.susannavaris.com\/blogg\/?p=9198"},"modified":"2013-03-18T17:52:24","modified_gmt":"2013-03-18T16:52:24","slug":"projekt-telia-del-5","status":"publish","type":"post","link":"http:\/\/www.susannavaris.com\/blogg\/2013\/03\/projekt-telia-del-5\/","title":{"rendered":"Projekt Telia del 5 (?)"},"content":{"rendered":"<p><a href=\"http:\/\/www.susannavaris.com\/blogg\/wp-content\/uploads\/2013\/03\/telia4.jpg\"><img loading=\"lazy\" decoding=\"async\" class=\"aligncenter size-full wp-image-9199\" alt=\"telia4\" src=\"http:\/\/www.susannavaris.com\/blogg\/wp-content\/uploads\/2013\/03\/telia4.jpg\" width=\"397\" height=\"291\" srcset=\"http:\/\/www.susannavaris.com\/blogg\/wp-content\/uploads\/2013\/03\/telia4.jpg 397w, http:\/\/www.susannavaris.com\/blogg\/wp-content\/uploads\/2013\/03\/telia4-300x219.jpg 300w\" sizes=\"auto, (max-width: 397px) 100vw, 397px\" \/><\/a><\/p>\n<p>I f\u00f6rra veckan, efter att jag veckan innan talat med Telias support f\u00f6r vilken g\u00e5ng i ordningen vet jag inte, damp s\u00e5 ett brev ner h\u00e4r hemma. &#8221;Bekr\u00e4ftelse p\u00e5 avbruten \u00f6verf\u00f6ring av telefonnummer&#8221;, stod det, eller n\u00e5got i samma stil.<\/p>\n<p>Efter att s\u00e5 n\u00e4ra f\u00e5tt en blodst\u00f6rtning i kombination med den primitiva aggressionsattacken efter att ha l\u00e4st detta brev (eftersom jag d\u00e5 talat med tv\u00e5 olika support\/tekniker-personer, varav den f\u00f6rsta lovat att telefonen skulle vara ig\u00e5ng och numret \u00f6verf\u00f6rt p\u00e5 torsdagen f\u00f6r tv\u00e5 veckor sedan och den andra p\u00e5 fredagen konstaterat att det inte ens hittades n\u00e5gon best\u00e4llning p\u00e5 detta \u00f6verhuvudtaget (blanketten har jag skickat in f\u00f6r ca en m\u00e5nad sedan) och jag talat in en ny best\u00e4llning i telefon med den senare), l\u00e4ste jag datumet p\u00e5 brevet. Det hade skrivits dagen efter att supportperson ett lovat att numret skulle vara \u00f6verf\u00f6rt och klart den n\u00e4mnda torsdagen.<\/p>\n<p>Jag lugnade ner mig och t\u00e4nkte (och t\u00e4nker fortfarande) att nu n\u00e4r jag talat in best\u00e4llningen efter att brevet skrevs s\u00e5 finns den d\u00e4r och Telia jobbar f\u00f6r h\u00f6gtryck f\u00f6r att \u00f6verf\u00f6ra mitt nummer. Visserligen skulle numret vara \u00f6verf\u00f6rt (tidigast) i onsdags, men det \u00e4r ju bara m\u00e5ndagen veckan efter. (Obs! tr\u00f6tt sarkasm)<\/p>\n<p>Det som h\u00e4nt \u00e4r att n\u00e4r man nu ringer mitt nummer blir det ett antal pip ist\u00e4llet f\u00f6r &#8221;numret du har ringt saknar abonnent&#8221;. Jag ser det som ett gott tecken. Jag vet inte, jag kanske ska rycka loss sladdar och starta om igen eller n\u00e5t&#8230;<\/p>\n","protected":false},"excerpt":{"rendered":"<p>I f\u00f6rra veckan, efter att jag veckan innan talat med Telias support f\u00f6r vilken g\u00e5ng i ordningen vet jag inte, damp s\u00e5 ett brev ner h\u00e4r hemma. &#8221;Bekr\u00e4ftelse p\u00e5 avbruten \u00f6verf\u00f6ring av telefonnummer&#8221;, stod det, eller n\u00e5got i samma stil. &hellip; <a href=\"http:\/\/www.susannavaris.com\/blogg\/2013\/03\/projekt-telia-del-5\/\">Forts\u00e4tt l\u00e4sa <span class=\"meta-nav\">&rarr;<\/span><\/a><\/p>\n","protected":false},"author":1,"featured_media":0,"comment_status":"open","ping_status":"open","sticky":false,"template":"","format":"standard","meta":{"footnotes":""},"categories":[178,1,590,889],"tags":[2444,2760,2805,2587,2442],"class_list":["post-9198","post","type-post","status-publish","format-standard","hentry","category-blodtryckshojare","category-okategoriserade","category-politik","category-teknik","tag-bredband","tag-kundtjanst","tag-support","tag-telefoni","tag-telia"],"_links":{"self":[{"href":"http:\/\/www.susannavaris.com\/blogg\/wp-json\/wp\/v2\/posts\/9198","targetHints":{"allow":["GET"]}}],"collection":[{"href":"http:\/\/www.susannavaris.com\/blogg\/wp-json\/wp\/v2\/posts"}],"about":[{"href":"http:\/\/www.susannavaris.com\/blogg\/wp-json\/wp\/v2\/types\/post"}],"author":[{"embeddable":true,"href":"http:\/\/www.susannavaris.com\/blogg\/wp-json\/wp\/v2\/users\/1"}],"replies":[{"embeddable":true,"href":"http:\/\/www.susannavaris.com\/blogg\/wp-json\/wp\/v2\/comments?post=9198"}],"version-history":[{"count":2,"href":"http:\/\/www.susannavaris.com\/blogg\/wp-json\/wp\/v2\/posts\/9198\/revisions"}],"predecessor-version":[{"id":9201,"href":"http:\/\/www.susannavaris.com\/blogg\/wp-json\/wp\/v2\/posts\/9198\/revisions\/9201"}],"wp:attachment":[{"href":"http:\/\/www.susannavaris.com\/blogg\/wp-json\/wp\/v2\/media?parent=9198"}],"wp:term":[{"taxonomy":"category","embeddable":true,"href":"http:\/\/www.susannavaris.com\/blogg\/wp-json\/wp\/v2\/categories?post=9198"},{"taxonomy":"post_tag","embeddable":true,"href":"http:\/\/www.susannavaris.com\/blogg\/wp-json\/wp\/v2\/tags?post=9198"}],"curies":[{"name":"wp","href":"https:\/\/api.w.org\/{rel}","templated":true}]}}