{"id":922,"date":"2011-06-24T14:42:21","date_gmt":"2011-06-24T12:42:21","guid":{"rendered":"http:\/\/www.susannavaris.com\/blogg\/?p=922"},"modified":"2023-02-14T13:11:08","modified_gmt":"2023-02-14T12:11:08","slug":"midsommarafton-2011","status":"publish","type":"post","link":"http:\/\/www.susannavaris.com\/blogg\/2011\/06\/midsommarafton-2011\/","title":{"rendered":"Midsommarafton 2011"},"content":{"rendered":"\n<p>Nyopererad och hemma igen. Midsommar kommer att bli en ytterst lugn tillst\u00e4llning f\u00f6r oss. Uffe har skickats iv\u00e4g till aff\u00e4ren f\u00f6r att skaffa lite sill, f\u00e4rskpotatis och jordgubbar. Kv\u00e4llens starkaste dryck kommer att bli Herrljunga \u00e4ppelcider 0.7 %. det \u00e4r precis vad jag l\u00e4ngtar efter nu. Lugn och ro, lite god mat. Ingen action.<\/p>\n\n\n<div class=\"wp-block-image\">\n<figure class=\"aligncenter size-large\"><img loading=\"lazy\" decoding=\"async\" width=\"752\" height=\"1024\" src=\"http:\/\/www.susannavaris.com\/blogg\/wp-content\/uploads\/2023\/02\/000-Midsommardans_av_Anders_Zorn_1897-752x1024.jpg\" alt=\"\" class=\"wp-image-17807\" title=\"Midsommardans_av_Anders_Zorn_1897\" srcset=\"http:\/\/www.susannavaris.com\/blogg\/wp-content\/uploads\/2023\/02\/000-Midsommardans_av_Anders_Zorn_1897-752x1024.jpg 752w, http:\/\/www.susannavaris.com\/blogg\/wp-content\/uploads\/2023\/02\/000-Midsommardans_av_Anders_Zorn_1897-220x300.jpg 220w, http:\/\/www.susannavaris.com\/blogg\/wp-content\/uploads\/2023\/02\/000-Midsommardans_av_Anders_Zorn_1897-768x1046.jpg 768w, http:\/\/www.susannavaris.com\/blogg\/wp-content\/uploads\/2023\/02\/000-Midsommardans_av_Anders_Zorn_1897.jpg 800w\" sizes=\"auto, (max-width: 752px) 100vw, 752px\" \/><figcaption class=\"wp-element-caption\">Anders Zorn: Midsommardans..NM 1603 \/ Wikipedia\/public domain<\/figcaption><\/figure>\n<\/div>\n\n\n<p class=\"has-text-align-center\"><em>Midsommardans av Anders Zorn<\/em><\/p>\n\n\n<div class=\"wp-block-image\">\n<figure class=\"aligncenter size-full\"><img loading=\"lazy\" decoding=\"async\" width=\"533\" height=\"800\" src=\"http:\/\/www.susannavaris.com\/blogg\/wp-content\/uploads\/2023\/02\/000-Edward_Robert_Hughes_-_Midsummer_Eve_1908c.jpg\" alt=\"\" class=\"wp-image-17810\" title=\"midsommarhughes-midsummer-eve-victorian-art1\" srcset=\"http:\/\/www.susannavaris.com\/blogg\/wp-content\/uploads\/2023\/02\/000-Edward_Robert_Hughes_-_Midsummer_Eve_1908c.jpg 533w, http:\/\/www.susannavaris.com\/blogg\/wp-content\/uploads\/2023\/02\/000-Edward_Robert_Hughes_-_Midsummer_Eve_1908c-200x300.jpg 200w\" sizes=\"auto, (max-width: 533px) 100vw, 533px\" \/><figcaption class=\"wp-element-caption\"><br><em>Midsummer Eve<\/em>, c. 1908 &#8211; <a href=\"https:\/\/en.wikipedia.org\/wiki\/en:Edward_Robert_Hughes\">Edward Robert Hughes<\/a> &#8211; <a href=\"http:\/\/www.birminghammuseums.org.uk\/bmag\/whats-on\/enchanted-dreams-the-pre-raphaelite-art-of-edward-robert-hughes\">birminghammuseums.org.uk<\/a> \u2013 <a href=\"http:\/\/www.birminghammuseums.org.uk\/system\/images\/W1siZiIsIjIwMTQvMTIvMTgvOW51eXFvbTIxYV9FUkh1Z2hlc19NaWRzdW1tZXJzRXZlX2xvcmVzLmpwZyJdLFsicCIsInRodW1iIiwiMTIwMHg4MDBcdTAwM2UiXV0\/ERHughes_MidsummersEve_lores.jpg\">image<\/a> \/ Wikipedia\/public domain<\/figcaption><\/figure>\n<\/div>\n\n\n<p class=\"has-text-align-center\"><em>Midsummer Eve av Hughes<\/em><\/p>\n\n\n\n<p>Roar mig dock med att spana p\u00e5 n\u00e4tet om midsommar och hittade lite bakgrundsfakta om den ursvenska traditionen &#8221;Sm\u00e5 grodorna&#8221;:<\/p>\n\n\n\n<p>Melodin har sp\u00e5rats till en milit\u00e4rmarsch fr\u00e5n den <a href=\"https:\/\/sv.wikipedia.org\/wiki\/Franska_revolutionen\">franska revolutionen<\/a>, &#8221;<a href=\"https:\/\/sv.wikipedia.org\/w\/index.php?title=La_Chanson_de_l%E2%80%99Oigno&amp;action=edit&amp;redlink=1\">La Chanson de l\u2019Oignon<\/a>&#8221; (&#8221;L\u00f6ks\u00e5ngen&#8221;)<sup><a href=\"https:\/\/sv.wikipedia.org\/wiki\/Sm%C3%A5_grodorna#cite_note-:1-1\">[1]<\/a><\/sup><sup><a href=\"https:\/\/sv.wikipedia.org\/wiki\/Sm%C3%A5_grodorna#cite_note-2\">[2]<\/a><\/sup>, med refr\u00e4ngen &#8221;Au pas, camarade, au pas camarade \/ au pas, au pas, au pas! (I takt, kamrat!). L\u00f6k var vanlig proviant bland soldaterna.<sup><a href=\"https:\/\/sv.wikipedia.org\/wiki\/Sm%C3%A5_grodorna#cite_note-:0-3\">[3]<\/a><\/sup> &#8221;Groda&#8221; \u00e4r en vanlig brittisk pejorativ ben\u00e4mning p\u00e5 fransm\u00e4n. D\u00e4rf\u00f6r f\u00f6rmodas text och melodi g\u00e5tt via en engelsk nidvisa, kanske som &#8221;Au pas, grenouille\u201d (\u201dI takt, groda\u201d ), innan den populariserades i Sverige.<sup><a href=\"https:\/\/sv.wikipedia.org\/wiki\/Sm%C3%A5_grodorna#cite_note-:1-1\">[1]<\/a><\/sup><sup><a href=\"https:\/\/sv.wikipedia.org\/wiki\/Sm%C3%A5_grodorna#cite_note-:0-3\">[3]<\/a><\/sup><sup><a href=\"https:\/\/sv.wikipedia.org\/wiki\/Sm%C3%A5_grodorna#cite_note-4\">[4]<\/a><\/sup><\/p>\n\n\n\n<p>Melodin f\u00f6rekommer fortfarande i en barnvisa p\u00e5 <a href=\"https:\/\/sv.wikipedia.org\/wiki\/Franska\">franska<\/a> med originaltexten &#8221;Au pas camarades&#8221;. Hur den hamnade i <a href=\"https:\/\/sv.wikipedia.org\/wiki\/Sverige\">Sverige<\/a> \u00e4r oklart, men den fanns p\u00e5 <a href=\"https:\/\/sv.wikipedia.org\/wiki\/N%C3%A4%C3%A4s_slott\">N\u00e4\u00e4s slott<\/a> i <a href=\"https:\/\/sv.wikipedia.org\/wiki\/V%C3%A4sterg%C3%B6tland\">V\u00e4sterg\u00f6tland<\/a> i slutet av 1800-talet i samband med kurser i sl\u00f6jd och folkkultur.<sup><a href=\"https:\/\/sv.wikipedia.org\/wiki\/Sm%C3%A5_grodorna#cite_note-:0-3\">[3]<\/a><\/sup> Den gavs ut f\u00f6rsta g\u00e5ngen p\u00e5 svenska av N\u00e4\u00e4s 1922, i en skrift om s\u00e5nglekar.<sup><a href=\"https:\/\/sv.wikipedia.org\/wiki\/Sm%C3%A5_grodorna#cite_note-:0-3\">[3]<\/a><\/sup> Sm\u00e5 grodorna har d\u00e4refter blivit en barnvisa i flera l\u00e4nder. I <a href=\"https:\/\/sv.wikipedia.org\/wiki\/Norge\">Norge<\/a> heter den &#8221;Sm\u00e5 rumpetroll&#8221; och i <a href=\"https:\/\/sv.wikipedia.org\/wiki\/Danmark\">Danmark<\/a> &#8221;Sm\u00e5 fr\u00f8er&#8221;.<sup><a href=\"https:\/\/sv.wikipedia.org\/wiki\/Sm%C3%A5_grodorna#cite_note-:0-3\">[3]<\/a><\/sup><\/p>\n\n\n\n<p>S\u00e5ngen betraktas trots detta dock av m\u00e5nga i Sverige som en viktig del av det svenska kulturarvet och den svenska ambassaden i <a href=\"https:\/\/sv.wikipedia.org\/wiki\/Paris\">Paris<\/a> p\u00e5st\u00e5s ha anv\u00e4nt s\u00e5ngen <a href=\"https:\/\/sv.wikipedia.org\/wiki\/2003\">2003<\/a> som en del av ett test f\u00f6r en person som skulle f\u00f6rnya sitt svenska pass.<sup><a href=\"https:\/\/sv.wikipedia.org\/wiki\/Sm%C3%A5_grodorna#cite_note-:0-3\">[3]<\/a><\/sup><sup><a href=\"https:\/\/sv.wikipedia.org\/wiki\/Sm%C3%A5_grodorna#cite_note-5\">[5]<\/a><\/sup> <em>Sm\u00e5 grodorna, sm\u00e5 grodorna \u00e4r lustiga att se.<\/em><em>Sm\u00e5 grodorna, sm\u00e5 grodorna \u00e4r lustiga att se.<\/em><em>Ej \u00f6ron, ej \u00f6ron, ej svansar hava de.<\/em><em>Ej \u00f6ron, ej \u00f6ron, ej svansar hava de.<\/em><em>Kou ack ack ack, kou ack ack ack, <\/em><em>kou ack ack ack ack kaa.<\/em><em>Kou ack ack ack, kou ack ack ack, <\/em><em>kou ack ack ack ack kaa.<\/em><\/p>\n\n\n<div class=\"wp-block-image\">\n<figure class=\"aligncenter size-large\"><img loading=\"lazy\" decoding=\"async\" width=\"1024\" height=\"682\" src=\"http:\/\/www.susannavaris.com\/blogg\/wp-content\/uploads\/2023\/02\/000-Flower_parade_7441623338-1024x682.jpg\" alt=\"\" class=\"wp-image-17812\" title=\"midsommar2_800x600_11106737_93334522\" srcset=\"http:\/\/www.susannavaris.com\/blogg\/wp-content\/uploads\/2023\/02\/000-Flower_parade_7441623338-1024x682.jpg 1024w, http:\/\/www.susannavaris.com\/blogg\/wp-content\/uploads\/2023\/02\/000-Flower_parade_7441623338-300x200.jpg 300w, http:\/\/www.susannavaris.com\/blogg\/wp-content\/uploads\/2023\/02\/000-Flower_parade_7441623338-768x512.jpg 768w, http:\/\/www.susannavaris.com\/blogg\/wp-content\/uploads\/2023\/02\/000-Flower_parade_7441623338.jpg 1280w\" sizes=\"auto, (max-width: 1024px) 100vw, 1024px\" \/><figcaption class=\"wp-element-caption\"><a href=\"https:\/\/www.flickr.com\/people\/29783237@N05\">Johan Hansson<\/a> from G\u00e4vle, Sweden &#8211; <a href=\"https:\/\/www.flickr.com\/photos\/plastanka\/7441623338\/\">Flower parade<\/a> \/ Wikipedia \/ https:\/\/creativecommons.org\/licenses\/by\/2.0<\/figcaption><\/figure>\n<\/div>\n\n\n<p class=\"has-text-align-center\"><em>Man kan plocka sju sorters blommor och l\u00e4gga under huvudkudden om man vill dr\u00f6mma om sin tillkommande&#8230;<\/em><\/p>\n\n\n<div class=\"wp-block-image\">\n<figure class=\"aligncenter size-large\"><img loading=\"lazy\" decoding=\"async\" width=\"798\" height=\"1024\" src=\"http:\/\/www.susannavaris.com\/blogg\/wp-content\/uploads\/2023\/02\/000-The_Water_Sprite_Ernst_Josephson_-_Gothenburg_Museum_of_Art_-_F_215-798x1024.jpg\" alt=\"\" class=\"wp-image-17815\" title=\"midsommar4614716695_2a36ddaa00\" srcset=\"http:\/\/www.susannavaris.com\/blogg\/wp-content\/uploads\/2023\/02\/000-The_Water_Sprite_Ernst_Josephson_-_Gothenburg_Museum_of_Art_-_F_215-798x1024.jpg 798w, http:\/\/www.susannavaris.com\/blogg\/wp-content\/uploads\/2023\/02\/000-The_Water_Sprite_Ernst_Josephson_-_Gothenburg_Museum_of_Art_-_F_215-234x300.jpg 234w, http:\/\/www.susannavaris.com\/blogg\/wp-content\/uploads\/2023\/02\/000-The_Water_Sprite_Ernst_Josephson_-_Gothenburg_Museum_of_Art_-_F_215-768x985.jpg 768w, http:\/\/www.susannavaris.com\/blogg\/wp-content\/uploads\/2023\/02\/000-The_Water_Sprite_Ernst_Josephson_-_Gothenburg_Museum_of_Art_-_F_215.jpg 800w\" sizes=\"auto, (max-width: 798px) 100vw, 798px\" \/><figcaption class=\"wp-element-caption\"><a href=\"https:\/\/sv.wikipedia.org\/wiki\/Ernst_Josephson\">Ernst Josephsons<\/a> m\u00e5lning &#8221;N\u00e4cken&#8221; fr\u00e5n 1882-1884 visar n\u00e4cken som en naken ung man med fiol och sj\u00f6gr\u00e4s som sitter i en fors. Denna bild har pr\u00e4glat bilden av n\u00e4cken i Sverige. G\u00f6teborgs konstmuseum (Gothenburg Museum of Art). Photo: Hossein Sehatlou \/ Wikipedia\/ https:\/\/creativecommons.org\/licenses\/by\/4.0<\/figcaption><\/figure>\n<\/div>\n\n\n<p class=\"has-text-align-center\"><em>&#8230;men d\u00e5 ska man akta sig f\u00f6r N\u00e4cken.<\/em><\/p>\n\n\n<div class=\"wp-block-image\">\n<figure class=\"aligncenter size-full\"><img loading=\"lazy\" decoding=\"async\" width=\"260\" height=\"432\" src=\"http:\/\/www.susannavaris.com\/blogg\/wp-content\/uploads\/2023\/02\/000-StrawberryWatercolor.jpg\" alt=\"\" class=\"wp-image-17817\" title=\"Midsommar_stor\" srcset=\"http:\/\/www.susannavaris.com\/blogg\/wp-content\/uploads\/2023\/02\/000-StrawberryWatercolor.jpg 260w, http:\/\/www.susannavaris.com\/blogg\/wp-content\/uploads\/2023\/02\/000-StrawberryWatercolor-181x300.jpg 181w\" sizes=\"auto, (max-width: 260px) 100vw, 260px\" \/><figcaption class=\"wp-element-caption\">Parker Earle (strawberry), Watercolor 1890 \/ Wikipedia\/public domain<\/figcaption><\/figure>\n<\/div>\n\n\n<p class=\"has-text-align-center\"><em>Man ska \u00e4ta jordgubbar (som nu verkar vara slut i n\u00e4rbutikerna&#8230;)<\/em><\/p>\n\n\n<div class=\"wp-block-image\">\n<figure class=\"aligncenter size-full\"><img loading=\"lazy\" decoding=\"async\" width=\"621\" height=\"1024\" src=\"http:\/\/www.susannavaris.com\/blogg\/wp-content\/uploads\/2023\/02\/000-DSC_0103-50-621x1024-1.jpg\" alt=\"\" class=\"wp-image-17820\" title=\"OLYMPUS DIGITAL CAMERA\" srcset=\"http:\/\/www.susannavaris.com\/blogg\/wp-content\/uploads\/2023\/02\/000-DSC_0103-50-621x1024-1.jpg 621w, http:\/\/www.susannavaris.com\/blogg\/wp-content\/uploads\/2023\/02\/000-DSC_0103-50-621x1024-1-182x300.jpg 182w\" sizes=\"auto, (max-width: 621px) 100vw, 621px\" \/><figcaption class=\"wp-element-caption\">Midsommarafton 2014. Foto: Susanna Holm\u00e9n Waris (fotografi l\u00e5nad fr\u00e5n framtida inl\u00e4gg).<\/figcaption><\/figure>\n<\/div>\n\n\n<p class=\"has-text-align-center\"><em>&#8230;samt sill och f\u00e4rskpotatis.<\/em><\/p>\n\n\n<div class=\"wp-block-image\">\n<figure class=\"aligncenter size-large\"><img loading=\"lazy\" decoding=\"async\" width=\"986\" height=\"1024\" src=\"http:\/\/www.susannavaris.com\/blogg\/wp-content\/uploads\/2023\/02\/000-1024px-Lienard_de_Lachieze_-_Missel_romain_copie_en_1492_Saint-Jean-Baptiste_et_lAgneau_de_Dieu-986x1024.jpg\" alt=\"\" class=\"wp-image-17822\" title=\"midsommarJohannes_D_paren\" srcset=\"http:\/\/www.susannavaris.com\/blogg\/wp-content\/uploads\/2023\/02\/000-1024px-Lienard_de_Lachieze_-_Missel_romain_copie_en_1492_Saint-Jean-Baptiste_et_lAgneau_de_Dieu-986x1024.jpg 986w, http:\/\/www.susannavaris.com\/blogg\/wp-content\/uploads\/2023\/02\/000-1024px-Lienard_de_Lachieze_-_Missel_romain_copie_en_1492_Saint-Jean-Baptiste_et_lAgneau_de_Dieu-289x300.jpg 289w, http:\/\/www.susannavaris.com\/blogg\/wp-content\/uploads\/2023\/02\/000-1024px-Lienard_de_Lachieze_-_Missel_romain_copie_en_1492_Saint-Jean-Baptiste_et_lAgneau_de_Dieu-768x798.jpg 768w, http:\/\/www.susannavaris.com\/blogg\/wp-content\/uploads\/2023\/02\/000-1024px-Lienard_de_Lachieze_-_Missel_romain_copie_en_1492_Saint-Jean-Baptiste_et_lAgneau_de_Dieu.jpg 1024w\" sizes=\"auto, (max-width: 986px) 100vw, 986px\" \/><figcaption class=\"wp-element-caption\">Li\u00e9nard de Lachieze &#8211; Missel romain copi\u00e9 en 1492 pour l&#8217;\u00e9v\u00eaque de Comminges Jean de Foix &#8211; Saint Jean-Baptiste et l&#8217;Agneau de Dieu &#8211; BnF &#8211; Gallica \/ Wikipedia\/public domain<\/figcaption><\/figure>\n<\/div>\n\n\n<p class=\"has-text-align-center\"><em>Givetvis har kyrkan f\u00f6rs\u00f6kt att ta \u00f6ver \u00e4ven detta firande genom att p\u00e5st\u00e5 att Johannes D\u00f6paren \u00e4r f\u00f6dd 24. juni. I Finland kallas midsommar f\u00f6r Juhannus, h\u00e4rlett av helgonnamnet.<\/em><\/p>\n\n\n<div class=\"wp-block-image\">\n<figure class=\"aligncenter size-large\"><img loading=\"lazy\" decoding=\"async\" width=\"1024\" height=\"768\" src=\"http:\/\/www.susannavaris.com\/blogg\/wp-content\/uploads\/2023\/02\/000-1280px-Midsummer_bonfire-1024x768.jpg\" alt=\"\" class=\"wp-image-17824\" title=\"midsommarjuhannus3\" srcset=\"http:\/\/www.susannavaris.com\/blogg\/wp-content\/uploads\/2023\/02\/000-1280px-Midsummer_bonfire-1024x768.jpg 1024w, http:\/\/www.susannavaris.com\/blogg\/wp-content\/uploads\/2023\/02\/000-1280px-Midsummer_bonfire-300x225.jpg 300w, http:\/\/www.susannavaris.com\/blogg\/wp-content\/uploads\/2023\/02\/000-1280px-Midsummer_bonfire-768x576.jpg 768w, http:\/\/www.susannavaris.com\/blogg\/wp-content\/uploads\/2023\/02\/000-1280px-Midsummer_bonfire.jpg 1280w\" sizes=\"auto, (max-width: 1024px) 100vw, 1024px\" \/><figcaption class=\"wp-element-caption\">Juhannuskokko M\u00e4nts\u00e4l\u00e4ss\u00e4 2003 &#8211; Janne Karaste &#8211; https:\/\/commons.wikimedia.org\/wiki\/User:Janne_Karaste \/ Wikipedia\/<a rel=\"noreferrer noopener\" href=\"https:\/\/creativecommons.org\/licenses\/by-sa\/2.0\" target=\"_blank\">CC BY-SA 2.0<\/a><\/figcaption><\/figure>\n<\/div>\n\n\n<p class=\"has-text-align-center\"><em>Midsommarbrasa, dvs juhannuskokko, i Finland.<\/em><\/p>\n\n\n<div class=\"wp-block-image\">\n<figure class=\"aligncenter size-large\"><img loading=\"lazy\" decoding=\"async\" width=\"1024\" height=\"1024\" src=\"http:\/\/www.susannavaris.com\/blogg\/wp-content\/uploads\/2023\/02\/Bild-borttagen-2-1024x1024.jpg\" alt=\"\" class=\"wp-image-17623\" title=\"midsommardsc09817_11619895\" srcset=\"http:\/\/www.susannavaris.com\/blogg\/wp-content\/uploads\/2023\/02\/Bild-borttagen-2-1024x1024.jpg 1024w, http:\/\/www.susannavaris.com\/blogg\/wp-content\/uploads\/2023\/02\/Bild-borttagen-2-300x300.jpg 300w, http:\/\/www.susannavaris.com\/blogg\/wp-content\/uploads\/2023\/02\/Bild-borttagen-2-150x150.jpg 150w, http:\/\/www.susannavaris.com\/blogg\/wp-content\/uploads\/2023\/02\/Bild-borttagen-2-768x768.jpg 768w, http:\/\/www.susannavaris.com\/blogg\/wp-content\/uploads\/2023\/02\/Bild-borttagen-2-1536x1536.jpg 1536w, http:\/\/www.susannavaris.com\/blogg\/wp-content\/uploads\/2023\/02\/Bild-borttagen-2-2048x2048.jpg 2048w\" sizes=\"auto, (max-width: 1024px) 100vw, 1024px\" \/><\/figure>\n<\/div>\n\n\n<p class=\"has-text-align-center\"><em>Av kyrkans uppst\u00e4dningsf\u00f6rs\u00f6k brukar mycket litet m\u00e4rkas denna tidpunkt p\u00e5 \u00e5ret.<\/em><\/p>\n","protected":false},"excerpt":{"rendered":"<p>Nyopererad och hemma igen. Midsommar kommer att bli en ytterst lugn tillst\u00e4llning f\u00f6r oss. Uffe har skickats iv\u00e4g till aff\u00e4ren f\u00f6r att skaffa lite sill, f\u00e4rskpotatis och jordgubbar. Kv\u00e4llens starkaste dryck kommer att bli Herrljunga \u00e4ppelcider 0.7 %. det \u00e4r &hellip; <a href=\"http:\/\/www.susannavaris.com\/blogg\/2011\/06\/midsommarafton-2011\/\">Forts\u00e4tt l\u00e4sa <span class=\"meta-nav\">&rarr;<\/span><\/a><\/p>\n","protected":false},"author":1,"featured_media":924,"comment_status":"open","ping_status":"open","sticky":false,"template":"","format":"standard","meta":{"footnotes":""},"categories":[1],"tags":[265,266,269,264,268,267],"class_list":["post-922","post","type-post","status-publish","format-standard","has-post-thumbnail","hentry","category-okategoriserade","tag-anders-zorn","tag-hughes","tag-jordgubbar","tag-midsommar","tag-potatis","tag-sill"],"_links":{"self":[{"href":"http:\/\/www.susannavaris.com\/blogg\/wp-json\/wp\/v2\/posts\/922","targetHints":{"allow":["GET"]}}],"collection":[{"href":"http:\/\/www.susannavaris.com\/blogg\/wp-json\/wp\/v2\/posts"}],"about":[{"href":"http:\/\/www.susannavaris.com\/blogg\/wp-json\/wp\/v2\/types\/post"}],"author":[{"embeddable":true,"href":"http:\/\/www.susannavaris.com\/blogg\/wp-json\/wp\/v2\/users\/1"}],"replies":[{"embeddable":true,"href":"http:\/\/www.susannavaris.com\/blogg\/wp-json\/wp\/v2\/comments?post=922"}],"version-history":[{"count":18,"href":"http:\/\/www.susannavaris.com\/blogg\/wp-json\/wp\/v2\/posts\/922\/revisions"}],"predecessor-version":[{"id":17830,"href":"http:\/\/www.susannavaris.com\/blogg\/wp-json\/wp\/v2\/posts\/922\/revisions\/17830"}],"wp:featuredmedia":[{"embeddable":true,"href":"http:\/\/www.susannavaris.com\/blogg\/wp-json\/wp\/v2\/media\/924"}],"wp:attachment":[{"href":"http:\/\/www.susannavaris.com\/blogg\/wp-json\/wp\/v2\/media?parent=922"}],"wp:term":[{"taxonomy":"category","embeddable":true,"href":"http:\/\/www.susannavaris.com\/blogg\/wp-json\/wp\/v2\/categories?post=922"},{"taxonomy":"post_tag","embeddable":true,"href":"http:\/\/www.susannavaris.com\/blogg\/wp-json\/wp\/v2\/tags?post=922"}],"curies":[{"name":"wp","href":"https:\/\/api.w.org\/{rel}","templated":true}]}}