{"id":9233,"date":"2013-03-22T19:15:28","date_gmt":"2013-03-22T18:15:28","guid":{"rendered":"http:\/\/www.susannavaris.com\/blogg\/?p=9233"},"modified":"2013-03-25T21:02:44","modified_gmt":"2013-03-25T20:02:44","slug":"asiktsfriheten-snart-ett-minne-blott","status":"publish","type":"post","link":"http:\/\/www.susannavaris.com\/blogg\/2013\/03\/asiktsfriheten-snart-ett-minne-blott\/","title":{"rendered":"\u00c5siktsfriheten, snart ett minne blott?"},"content":{"rendered":"<p style=\"text-align: center;\"><a href=\"http:\/\/www.susannavaris.com\/blogg\/wp-content\/uploads\/2013\/03\/Stasi.jpg\"><img loading=\"lazy\" decoding=\"async\" class=\"aligncenter size-full wp-image-9234\" alt=\"Stasi\" src=\"http:\/\/www.susannavaris.com\/blogg\/wp-content\/uploads\/2013\/03\/Stasi.jpg\" width=\"410\" height=\"278\" srcset=\"http:\/\/www.susannavaris.com\/blogg\/wp-content\/uploads\/2013\/03\/Stasi.jpg 410w, http:\/\/www.susannavaris.com\/blogg\/wp-content\/uploads\/2013\/03\/Stasi-300x203.jpg 300w\" sizes=\"auto, (max-width: 410px) 100vw, 410px\" \/><\/a><em>\u00a0Snart i en k\u00e4llare n\u00e4ra dig?<\/em><\/p>\n<p>P\u00e5 bloggen Genusdebatten rapporterar Ninni idag i ett <a href=\"http:\/\/genusdebatten.se\/2013\/03\/22\/den-feministiska-fascismens-kartlaggare-justerar-verkligheten\/\">inl\u00e4gg<\/a>\u00a0om hur de demokratiska fri- och r\u00e4ttigheterna \u00e5ter f\u00f6rs\u00f6ker naggas i kanten, besk\u00e4ras och hotar tom att f\u00f6rsvinna. Det handlar om ett seminarium, d\u00e4r bland andra Maria Sveland deltagit som expert och en <a href=\"http:\/\/reform.no\/images\/stories\/Antifeminisme.pdf\">rapport<\/a>\u00a0som bland annat f\u00f6reskriver detta:<\/p>\n<blockquote><p>&#8221;Det finnes ingen oversikt over omfanget av antifeministiske eller ekstremistiske trusler,<b>akt\u00f8rer som anser seg som antifeminister<\/b>, eller ekstremistiske grupper hvor antifeminisme og likestillingsmotstand er en integrert del av id\u00e9grunnlaget.\u00a0<b>Vi anbefaler derfor at regjeringene i hvert av de nordiske landene gir en statlig eller frivillig organisasjon i oppgave \u00e5 f\u00f8lge med p\u00e5 utviklingen og omfanget av antifeministiske bevegelser p\u00e5 nett og i andre fora<\/b>. Resultatet av et slikt kartleggingsarbeid b\u00f8r publiseres \u00e5rlig. (min emfas, s. 5)&#8221;<\/p><\/blockquote>\n<p>\u00c5siktsregistrering \u00a0och f\u00f6rbud mot att vara mot en ideologi? Nej, demokrati, fri- och r\u00e4ttigheter \u00e4r sannerligen inget som ska tas g\u00f6r givna. Horribelt.<\/p>\n<p style=\"text-align: center;\">\u00a0&#8211; : &#8211; : &#8211; : &#8211;<\/p>\n<p style=\"text-align: center;\">Inga stora reaktioner har f\u00f6rekommit i Sverige (23\/3), men i en\u00a0<a href=\"http:\/\/www.dagbladet.no\/2013\/03\/22\/kultur\/debatt\/lordagskommentaren\/kjetil_rolness\/26348198\/\">artikel<\/a>\u00a0norska Dagbladet skriver Kjetil Rolness om det uppseendev\u00e4ckande inneh\u00e5llet i rapporten.<\/p>\n<p style=\"text-align: center;\">&#8211; : &#8211; : &#8211; : &#8211;<\/p>\n<p style=\"text-align: center;\">L\u00e4nkar kring det som skrivits om Reformrapporten (som rapporten fr\u00e5n Nordiska R\u00e5det kallas):<\/p>\n<p style=\"text-align: center;\"><a href=\"http:\/\/genusdebatten.se\/2013\/03\/25\/reform-rapporten-som-betaktar-antifeminism-som-extremism\/\">Genusdebatten<\/a><\/p>\n<p style=\"text-align: center;\">Mera om den hotade \u00e5siktsfriheten p\u00e5<\/p>\n<p style=\"text-align: center;\"><a href=\"http:\/\/kimhzabremersbodega.wordpress.com\/2013\/03\/25\/det-handlar-om-demokrati\/\">Kimhza Bremers bodega<\/a><\/p>\n","protected":false},"excerpt":{"rendered":"<p>\u00a0Snart i en k\u00e4llare n\u00e4ra dig? P\u00e5 bloggen Genusdebatten rapporterar Ninni idag i ett inl\u00e4gg\u00a0om hur de demokratiska fri- och r\u00e4ttigheterna \u00e5ter f\u00f6rs\u00f6ker naggas i kanten, besk\u00e4ras och hotar tom att f\u00f6rsvinna. Det handlar om ett seminarium, d\u00e4r bland andra &hellip; <a href=\"http:\/\/www.susannavaris.com\/blogg\/2013\/03\/asiktsfriheten-snart-ett-minne-blott\/\">Forts\u00e4tt l\u00e4sa <span class=\"meta-nav\">&rarr;<\/span><\/a><\/p>\n","protected":false},"author":1,"featured_media":0,"comment_status":"open","ping_status":"open","sticky":false,"template":"","format":"standard","meta":{"footnotes":""},"categories":[178,181,259,674,1928,1162,589,1,590,403,303],"tags":[2817,2825,4900,4899,4903,2826,1285,2815,2816],"class_list":["post-9233","post","type-post","status-publish","format-standard","hentry","category-blodtryckshojare","category-feminism","category-genusvetenskap","category-historia","category-journalistik","category-kultur","category-medier","category-okategoriserade","category-politik","category-pseudovetenskap","category-religion","tag-asiktsfrihet","tag-dagbladet","tag-feminism","tag-genus","tag-genusvetenskap","tag-kjetil-rolness","tag-maria-sveland","tag-nordiska-radet","tag-seminarium"],"_links":{"self":[{"href":"http:\/\/www.susannavaris.com\/blogg\/wp-json\/wp\/v2\/posts\/9233","targetHints":{"allow":["GET"]}}],"collection":[{"href":"http:\/\/www.susannavaris.com\/blogg\/wp-json\/wp\/v2\/posts"}],"about":[{"href":"http:\/\/www.susannavaris.com\/blogg\/wp-json\/wp\/v2\/types\/post"}],"author":[{"embeddable":true,"href":"http:\/\/www.susannavaris.com\/blogg\/wp-json\/wp\/v2\/users\/1"}],"replies":[{"embeddable":true,"href":"http:\/\/www.susannavaris.com\/blogg\/wp-json\/wp\/v2\/comments?post=9233"}],"version-history":[{"count":5,"href":"http:\/\/www.susannavaris.com\/blogg\/wp-json\/wp\/v2\/posts\/9233\/revisions"}],"predecessor-version":[{"id":9259,"href":"http:\/\/www.susannavaris.com\/blogg\/wp-json\/wp\/v2\/posts\/9233\/revisions\/9259"}],"wp:attachment":[{"href":"http:\/\/www.susannavaris.com\/blogg\/wp-json\/wp\/v2\/media?parent=9233"}],"wp:term":[{"taxonomy":"category","embeddable":true,"href":"http:\/\/www.susannavaris.com\/blogg\/wp-json\/wp\/v2\/categories?post=9233"},{"taxonomy":"post_tag","embeddable":true,"href":"http:\/\/www.susannavaris.com\/blogg\/wp-json\/wp\/v2\/tags?post=9233"}],"curies":[{"name":"wp","href":"https:\/\/api.w.org\/{rel}","templated":true}]}}