{"id":9236,"date":"2013-03-22T20:55:12","date_gmt":"2013-03-22T19:55:12","guid":{"rendered":"http:\/\/www.susannavaris.com\/blogg\/?p=9236"},"modified":"2013-03-22T20:55:12","modified_gmt":"2013-03-22T19:55:12","slug":"bittergubben-recenserar-svelands-bok-hatet","status":"publish","type":"post","link":"http:\/\/www.susannavaris.com\/blogg\/2013\/03\/bittergubben-recenserar-svelands-bok-hatet\/","title":{"rendered":"Bittergubben recenserar Svelands bok Hatet"},"content":{"rendered":"<p><a href=\"http:\/\/www.susannavaris.com\/blogg\/wp-content\/uploads\/2013\/03\/maria-sveland-hatet-en-bok-om-antifeminism.jpg\"><img loading=\"lazy\" decoding=\"async\" class=\"aligncenter size-full wp-image-9237\" alt=\"maria-sveland-hatet-en-bok-om-antifeminism\" src=\"http:\/\/www.susannavaris.com\/blogg\/wp-content\/uploads\/2013\/03\/maria-sveland-hatet-en-bok-om-antifeminism.jpg\" width=\"450\" height=\"340\" srcset=\"http:\/\/www.susannavaris.com\/blogg\/wp-content\/uploads\/2013\/03\/maria-sveland-hatet-en-bok-om-antifeminism.jpg 450w, http:\/\/www.susannavaris.com\/blogg\/wp-content\/uploads\/2013\/03\/maria-sveland-hatet-en-bok-om-antifeminism-300x226.jpg 300w\" sizes=\"auto, (max-width: 450px) 100vw, 450px\" \/><\/a><\/p>\n<p><a href=\"http:\/\/bittergubben.wordpress.com\/2013\/03\/22\/maria-sveland-hatet-en-bok-om-antifeminism\/\">H\u00e4r<\/a>\u00a0\u00e5terfinns en l\u00e5ng. gedigen och mycket bra recension av Maria Svelands nya bok, Hatet. Bittergubben benar ocks\u00e5 ut Svelands komplicerade f\u00f6rh\u00e5llande till begreppet hat p\u00e5 ett utm\u00e4rkt s\u00e4tt.<\/p>\n","protected":false},"excerpt":{"rendered":"<p>H\u00e4r\u00a0\u00e5terfinns en l\u00e5ng. gedigen och mycket bra recension av Maria Svelands nya bok, Hatet. Bittergubben benar ocks\u00e5 ut Svelands komplicerade f\u00f6rh\u00e5llande till begreppet hat p\u00e5 ett utm\u00e4rkt s\u00e4tt.<\/p>\n","protected":false},"author":1,"featured_media":0,"comment_status":"open","ping_status":"open","sticky":false,"template":"","format":"standard","meta":{"footnotes":""},"categories":[1364,181,259,1321,1928,1162,589,1,590,403],"tags":[2818,2579,1285,2819],"class_list":["post-9236","post","type-post","status-publish","format-standard","hentry","category-bocker","category-feminism","category-genusvetenskap","category-jamstalldhet","category-journalistik","category-kultur","category-medier","category-okategoriserade","category-politik","category-pseudovetenskap","tag-bittergubben","tag-hatet","tag-maria-sveland","tag-recenison"],"_links":{"self":[{"href":"http:\/\/www.susannavaris.com\/blogg\/wp-json\/wp\/v2\/posts\/9236","targetHints":{"allow":["GET"]}}],"collection":[{"href":"http:\/\/www.susannavaris.com\/blogg\/wp-json\/wp\/v2\/posts"}],"about":[{"href":"http:\/\/www.susannavaris.com\/blogg\/wp-json\/wp\/v2\/types\/post"}],"author":[{"embeddable":true,"href":"http:\/\/www.susannavaris.com\/blogg\/wp-json\/wp\/v2\/users\/1"}],"replies":[{"embeddable":true,"href":"http:\/\/www.susannavaris.com\/blogg\/wp-json\/wp\/v2\/comments?post=9236"}],"version-history":[{"count":1,"href":"http:\/\/www.susannavaris.com\/blogg\/wp-json\/wp\/v2\/posts\/9236\/revisions"}],"predecessor-version":[{"id":9238,"href":"http:\/\/www.susannavaris.com\/blogg\/wp-json\/wp\/v2\/posts\/9236\/revisions\/9238"}],"wp:attachment":[{"href":"http:\/\/www.susannavaris.com\/blogg\/wp-json\/wp\/v2\/media?parent=9236"}],"wp:term":[{"taxonomy":"category","embeddable":true,"href":"http:\/\/www.susannavaris.com\/blogg\/wp-json\/wp\/v2\/categories?post=9236"},{"taxonomy":"post_tag","embeddable":true,"href":"http:\/\/www.susannavaris.com\/blogg\/wp-json\/wp\/v2\/tags?post=9236"}],"curies":[{"name":"wp","href":"https:\/\/api.w.org\/{rel}","templated":true}]}}