{"id":9243,"date":"2013-03-23T17:43:50","date_gmt":"2013-03-23T16:43:50","guid":{"rendered":"http:\/\/www.susannavaris.com\/blogg\/?p=9243"},"modified":"2013-03-23T17:43:50","modified_gmt":"2013-03-23T16:43:50","slug":"sveland-och-kungen","status":"publish","type":"post","link":"http:\/\/www.susannavaris.com\/blogg\/2013\/03\/sveland-och-kungen\/","title":{"rendered":"Sveland och kungen"},"content":{"rendered":"<p><a href=\"http:\/\/www.susannavaris.com\/blogg\/wp-content\/uploads\/2013\/03\/sveland02.jpg\"><img loading=\"lazy\" decoding=\"async\" class=\"aligncenter size-full wp-image-9244\" alt=\"sveland02\" src=\"http:\/\/www.susannavaris.com\/blogg\/wp-content\/uploads\/2013\/03\/sveland02.jpg\" width=\"962\" height=\"328\" srcset=\"http:\/\/www.susannavaris.com\/blogg\/wp-content\/uploads\/2013\/03\/sveland02.jpg 962w, http:\/\/www.susannavaris.com\/blogg\/wp-content\/uploads\/2013\/03\/sveland02-300x102.jpg 300w\" sizes=\"auto, (max-width: 962px) 100vw, 962px\" \/><\/a>\u00a0Idag p\u00e5 Maria Svelands blogg. Sj\u00e4lvironi? Nj\u00e4\u00e4\u00e4eh&#8230;tror inte det.<\/p>\n<p>Tidigare inl\u00e4gg:<\/p>\n<p><a href=\"http:\/\/www.susannavaris.com\/blogg\/2013\/03\/sveland-och-hatet-continued\/\">Sveland och hatet continued<\/a><\/p>\n<p><a href=\"http:\/\/www.susannavaris.com\/blogg\/2013\/03\/feministministern-och-cirkus-sveland\/\">Feministministern och cirkus Sveland<\/a><\/p>\n<p><a href=\"http:\/\/www.susannavaris.com\/blogg\/2013\/03\/apropa-harskartekniker\/\">Aprop\u00e5 h\u00e4rskartekniker<\/a><\/p>\n<p><a href=\"http:\/\/www.susannavaris.com\/blogg\/2013\/03\/upp-som-en-sol-och-ner-som-en-pannkaka\/\">Upp som en sol och ner som en pannkaka<\/a><\/p>\n<p><a href=\"http:\/\/www.susannavaris.com\/blogg\/2013\/03\/debatten-pa-grav-2013\/\">Debatten p\u00e5 Gr\u00e4v 2013<\/a><\/p>\n<p><a href=\"http:\/\/www.susannavaris.com\/blogg\/2013\/03\/i-fablernas-varld\/\">I fablernas v\u00e4rld<\/a><\/p>\n<p>Som hemkomstpresent till Maria Sveland (hon har varit i Rom) fanns i g\u00e5rdagens DN en <a href=\"http:\/\/www.dn.se\/insidan\/insidan-hem\/ilskan-efter-sexistiskt-pahopp-blev-bitsk-humor-pa-youtube\">artikel<\/a>\u00a0om yngre generations feminister som tydligen inspirerats av Sveland. Jag hade inte t\u00e4nkt att blogga om detta, men tv\u00e5 saker i slutet av artikeln skavde (nytt modeord):<\/p>\n<blockquote><p><strong>&#8221;Bianca pratar intensivt,\u00a0<\/strong>det \u00e4r s\u00e5 mycket hon vill ha sagt, hon \u00e4r knivskarp, arg, analytisk, politisk och v\u00e4ldigt, v\u00e4ldigt rolig. Hon ber\u00e4ttar att hon upplever ett starkt systerskap just nu inom den ganska spretiga feministiska r\u00f6relsen.<\/p>\n<p>\u2013\u2009Vi g\u00e5r p\u00e5 varandras uppspel och har fester tillsammans. Folk fr\u00e5gar ibland \u201djamen, \u00e4r det inte tr\u00e5kigt om det bara kommer en massa feminister?\u201d. Och d\u00e5 undrar jag: Hur m\u00e5nga g\u00e5nger har p\u00e5ven f\u00e5tt den fr\u00e5gan? Hur \u00e4r det att bara prata med en massa katolska m\u00e4n som dessutom kl\u00e4r sig i konstiga hattar?&#8221;<\/p><\/blockquote>\n<p>En slags freudian slip av Bianca att t\u00e4nka p\u00e5 ett religi\u00f6st m\u00f6te n\u00e4r hon ska j\u00e4mf\u00f6ra med ett feministiskt dito? Eller det kanske numera \u00e4r lika trov\u00e4rdigt ( i den yngre generationens \u00f6gon) att h\u00e4vda samh\u00e4llsl\u00f6sningar baserade p\u00e5 tro som p\u00e5 vetenskap och bepr\u00f6vad erfarenhet?<\/p>\n<blockquote><p>&#8221;\u2013\u2009Jag \u00e4r s\u00e5 tacksam f\u00f6r att jag hade l\u00e4st Maria Svelands \u201dHatet: En bok om antifeminism\u201d, f\u00f6r hon har lyft upp kvinnohatet p\u00e5 bordet. Det hj\u00e4lper mig att t\u00e4nka att de h\u00e4r m\u00e4nnens ilska inte \u00e4r riktad mot mig som privatperson, utan mot \u201dUnga Kvinnor Som Tar Plats\u201d. Varje negativt mejl \u00e4r en bekr\u00e4ftelse p\u00e5 att jag m\u00e5ste g\u00f6ra \u00e4nnu mer.&#8221;<\/p><\/blockquote>\n<p>Vilken tur \u00e4nd\u00e5 att vi har \u00f6versteguru Sveland som baserat p\u00e5 sin magk\u00e4nsla kan ber\u00e4tta att vad kvinnor s\u00e4ger eller uttrycker f\u00f6r \u00e5sikter har ingen betydelse f\u00f6r vilka reaktioner de f\u00e5r, det \u00e4r k\u00f6net som \u00e4r anledningen till reaktionerna.<\/p>\n<p>Mera Sveland; Bo Rothsteins\u00a0<a href=\"http:\/\/www.newsmill.se\/artikel\/2013\/03\/22\/maria-sveland-k-nskriget-och-sanningen-1\">kommentar<\/a>\u00a0till de uppgifter som ber\u00f6r honom i Svelands nya bok.<\/p>\n<p>&nbsp;<\/p>\n","protected":false},"excerpt":{"rendered":"<p>\u00a0Idag p\u00e5 Maria Svelands blogg. Sj\u00e4lvironi? Nj\u00e4\u00e4\u00e4eh&#8230;tror inte det. Tidigare inl\u00e4gg: Sveland och hatet continued Feministministern och cirkus Sveland Aprop\u00e5 h\u00e4rskartekniker Upp som en sol och ner som en pannkaka Debatten p\u00e5 Gr\u00e4v 2013 I fablernas v\u00e4rld Som hemkomstpresent till &hellip; <a href=\"http:\/\/www.susannavaris.com\/blogg\/2013\/03\/sveland-och-kungen\/\">Forts\u00e4tt l\u00e4sa <span class=\"meta-nav\">&rarr;<\/span><\/a><\/p>\n","protected":false},"author":1,"featured_media":0,"comment_status":"open","ping_status":"open","sticky":false,"template":"","format":"standard","meta":{"footnotes":""},"categories":[1364,181,259,674,1321,1928,1162,589,1,590,303],"tags":[2823,2532,4900,4899,4918,2822,1285,4904,2824],"class_list":["post-9243","post","type-post","status-publish","format-standard","hentry","category-bocker","category-feminism","category-genusvetenskap","category-historia","category-jamstalldhet","category-journalistik","category-kultur","category-medier","category-okategoriserade","category-politik","category-religion","tag-bianca-kronlof","tag-bo-rothstein","tag-feminism","tag-genus","tag-jamstalldhet","tag-kungen","tag-maria-sveland","tag-religion","tag-sa-javla-pk"],"_links":{"self":[{"href":"http:\/\/www.susannavaris.com\/blogg\/wp-json\/wp\/v2\/posts\/9243","targetHints":{"allow":["GET"]}}],"collection":[{"href":"http:\/\/www.susannavaris.com\/blogg\/wp-json\/wp\/v2\/posts"}],"about":[{"href":"http:\/\/www.susannavaris.com\/blogg\/wp-json\/wp\/v2\/types\/post"}],"author":[{"embeddable":true,"href":"http:\/\/www.susannavaris.com\/blogg\/wp-json\/wp\/v2\/users\/1"}],"replies":[{"embeddable":true,"href":"http:\/\/www.susannavaris.com\/blogg\/wp-json\/wp\/v2\/comments?post=9243"}],"version-history":[{"count":2,"href":"http:\/\/www.susannavaris.com\/blogg\/wp-json\/wp\/v2\/posts\/9243\/revisions"}],"predecessor-version":[{"id":9246,"href":"http:\/\/www.susannavaris.com\/blogg\/wp-json\/wp\/v2\/posts\/9243\/revisions\/9246"}],"wp:attachment":[{"href":"http:\/\/www.susannavaris.com\/blogg\/wp-json\/wp\/v2\/media?parent=9243"}],"wp:term":[{"taxonomy":"category","embeddable":true,"href":"http:\/\/www.susannavaris.com\/blogg\/wp-json\/wp\/v2\/categories?post=9243"},{"taxonomy":"post_tag","embeddable":true,"href":"http:\/\/www.susannavaris.com\/blogg\/wp-json\/wp\/v2\/tags?post=9243"}],"curies":[{"name":"wp","href":"https:\/\/api.w.org\/{rel}","templated":true}]}}