{"id":9269,"date":"2013-03-26T13:32:36","date_gmt":"2013-03-26T12:32:36","guid":{"rendered":"http:\/\/www.susannavaris.com\/blogg\/?p=9269"},"modified":"2013-03-26T13:32:36","modified_gmt":"2013-03-26T12:32:36","slug":"egenforetagare-i-vardbranschen","status":"publish","type":"post","link":"http:\/\/www.susannavaris.com\/blogg\/2013\/03\/egenforetagare-i-vardbranschen\/","title":{"rendered":"Egenf\u00f6retagare i v\u00e5rdbranschen"},"content":{"rendered":"<p style=\"text-align: center;\"><a href=\"http:\/\/www.susannavaris.com\/blogg\/wp-content\/uploads\/2013\/03\/sengulalp683.jpg\"><img loading=\"lazy\" decoding=\"async\" class=\"aligncenter size-full wp-image-9270\" alt=\"sengulalp683\" src=\"http:\/\/www.susannavaris.com\/blogg\/wp-content\/uploads\/2013\/03\/sengulalp683.jpg\" width=\"683\" height=\"430\" srcset=\"http:\/\/www.susannavaris.com\/blogg\/wp-content\/uploads\/2013\/03\/sengulalp683.jpg 683w, http:\/\/www.susannavaris.com\/blogg\/wp-content\/uploads\/2013\/03\/sengulalp683-300x188.jpg 300w\" sizes=\"auto, (max-width: 683px) 100vw, 683px\" \/><\/a>\u00a0<em>Sengul Alp i mitten. Foto: Jonas Eriksson\/DN<\/em><\/p>\n<p>I dagens <a href=\"http:\/\/www.dn.se\/ekonomi\/hon-startade-eget-for-att-kunna-gora-skillnad-i-varden\">DN<\/a>\u00a0ber\u00e4ttas om Sengul Alp som har startat ett f\u00f6retag inriktat p\u00e5 hemtj\u00e4nst. Hon hoppas att hon ska kunna ut\u00f6ka verksamheten till andra slags hush\u00e5llsn\u00e4ra tj\u00e4nster som sn\u00f6skottning och matlagning i framtiden. \u00c4n s\u00e5 l\u00e4nge har hon inte lyckats bli upphandlad av n\u00e5gon kommun f\u00f6r att f\u00e5 m\u00f6jlighet att utf\u00f6ra de tj\u00e4nster hennes f\u00f6retag erbjuder. Problemet i v\u00e4lf\u00e4rdssektorn \u00e4r ju just detta, det handlar i slut\u00e4ndan om skattefinansierad verksamhet som alla ska ha r\u00e4tt till. hur n\u00e5gon kan tycka att det \u00e4r konstigt att l\u00f6nerna f\u00f6r de stora grupperna av anst\u00e4llda inom en verksamhet vars tj\u00e4nst\/produkt anses som m\u00e4nsklig r\u00e4ttighet \u00e4r l\u00e5ga \u00e4r en g\u00e5ta. Samtidigt \u00e4r r\u00e4tt till omv\u00e5rdnad och sjukv\u00e5rd n\u00e5gonting som ett civiliserat samh\u00e4lle ska erbjuda. Det \u00e4r h\u00e4r som dilemmat finns: hur finansiera en \u00f6kad efterfr\u00e5gan och ett \u00f6kat behov av v\u00e5rd och omsorg med gemensamma pengar och samtidigt &#8221;uppv\u00e4rdera&#8221; sk kvinnoyrken? Privata pengar borde kunna komma in i h\u00f6gre utstr\u00e4ckning. Hur detta skulle kunna l\u00f6sas i praktiken har jag inget helt\u00e4ckande svar p\u00e5, men det \u00e4r en fr\u00e5gest\u00e4llning v\u00e4rd att fundera p\u00e5.<\/p>\n<p>Det \u00e4r det h\u00e4r slags initiativ och f\u00f6retagsamhet jag skulle vilja se mer av inom den h\u00e4r sektorn. Kvinnor som tar kontrollen \u00f6ver den verksamhet och det omr\u00e5de de vill arbeta inom ist\u00e4llet f\u00f6r att l\u00e5ta sig slussas in i den offentliga sektorn med dess erk\u00e4nt usla arbetsf\u00f6rh\u00e5llanden.<\/p>\n","protected":false},"excerpt":{"rendered":"<p>\u00a0Sengul Alp i mitten. Foto: Jonas Eriksson\/DN I dagens DN\u00a0ber\u00e4ttas om Sengul Alp som har startat ett f\u00f6retag inriktat p\u00e5 hemtj\u00e4nst. Hon hoppas att hon ska kunna ut\u00f6ka verksamheten till andra slags hush\u00e5llsn\u00e4ra tj\u00e4nster som sn\u00f6skottning och matlagning i framtiden. &hellip; <a href=\"http:\/\/www.susannavaris.com\/blogg\/2013\/03\/egenforetagare-i-vardbranschen\/\">Forts\u00e4tt l\u00e4sa <span class=\"meta-nav\">&rarr;<\/span><\/a><\/p>\n","protected":false},"author":1,"featured_media":0,"comment_status":"open","ping_status":"open","sticky":false,"template":"","format":"standard","meta":{"footnotes":""},"categories":[181,259,1321,1,590,1060],"tags":[4900,2839,2841,2840,2837,2838,2843,2842],"class_list":["post-9269","post","type-post","status-publish","format-standard","hentry","category-feminism","category-genusvetenskap","category-jamstalldhet","category-okategoriserade","category-politik","category-samhallsplanering","tag-feminism","tag-hemtjanst","tag-kvinnoyrke","tag-offentlig-sektor","tag-sengul-alp","tag-sm-vard-omsorg-ab","tag-valfard","tag-vard"],"_links":{"self":[{"href":"http:\/\/www.susannavaris.com\/blogg\/wp-json\/wp\/v2\/posts\/9269","targetHints":{"allow":["GET"]}}],"collection":[{"href":"http:\/\/www.susannavaris.com\/blogg\/wp-json\/wp\/v2\/posts"}],"about":[{"href":"http:\/\/www.susannavaris.com\/blogg\/wp-json\/wp\/v2\/types\/post"}],"author":[{"embeddable":true,"href":"http:\/\/www.susannavaris.com\/blogg\/wp-json\/wp\/v2\/users\/1"}],"replies":[{"embeddable":true,"href":"http:\/\/www.susannavaris.com\/blogg\/wp-json\/wp\/v2\/comments?post=9269"}],"version-history":[{"count":1,"href":"http:\/\/www.susannavaris.com\/blogg\/wp-json\/wp\/v2\/posts\/9269\/revisions"}],"predecessor-version":[{"id":9271,"href":"http:\/\/www.susannavaris.com\/blogg\/wp-json\/wp\/v2\/posts\/9269\/revisions\/9271"}],"wp:attachment":[{"href":"http:\/\/www.susannavaris.com\/blogg\/wp-json\/wp\/v2\/media?parent=9269"}],"wp:term":[{"taxonomy":"category","embeddable":true,"href":"http:\/\/www.susannavaris.com\/blogg\/wp-json\/wp\/v2\/categories?post=9269"},{"taxonomy":"post_tag","embeddable":true,"href":"http:\/\/www.susannavaris.com\/blogg\/wp-json\/wp\/v2\/tags?post=9269"}],"curies":[{"name":"wp","href":"https:\/\/api.w.org\/{rel}","templated":true}]}}