{"id":9276,"date":"2013-03-26T20:03:16","date_gmt":"2013-03-26T19:03:16","guid":{"rendered":"http:\/\/www.susannavaris.com\/blogg\/?p=9276"},"modified":"2013-03-26T20:03:16","modified_gmt":"2013-03-26T19:03:16","slug":"har-jag-en-kniv-i-ryggen","status":"publish","type":"post","link":"http:\/\/www.susannavaris.com\/blogg\/2013\/03\/har-jag-en-kniv-i-ryggen\/","title":{"rendered":"Har jag en kniv i ryggen?"},"content":{"rendered":"<p style=\"text-align: center;\"><a href=\"http:\/\/www.susannavaris.com\/blogg\/wp-content\/uploads\/2013\/03\/VIDEO-Man-finds-knife-blade-inside-his-skin-while-scratching-his-back.jpg\"><img loading=\"lazy\" decoding=\"async\" class=\"aligncenter size-full wp-image-9277\" alt=\"VIDEO-Man-finds-knife-blade-inside-his-skin-while-scratching-his-back\" src=\"http:\/\/www.susannavaris.com\/blogg\/wp-content\/uploads\/2013\/03\/VIDEO-Man-finds-knife-blade-inside-his-skin-while-scratching-his-back.jpg\" width=\"300\" height=\"250\" \/><\/a>\u00a0<em>Eller har jag n\u00e5got ok\u00e4nt <a href=\"http:\/\/www.svd.se\/nyheter\/utrikes\/kniv-inne-i-ryggen-i-tre-ar_8029480.svd\">f\u00f6rem\u00e5l<\/a>\u00a0kvargl\u00f6mt(?) i kroppen?<\/em><\/p>\n<p>Min kropp har f\u00f6rt n\u00e5gon form av l\u00e5gintensivt krig mot n\u00e5gonting i perioder under de tv\u00e5 senaste \u00e5ren, efter min operation. De forna besv\u00e4ren \u00e4r borta, tack och lov, men jag \u00e4r alltsomoftast f\u00f6rkyld numera. N\u00e5gonting gnager i kroppen och jag har feber eller f\u00f6rh\u00f6jd temperatur. Som nu igen. Jag undrar n\u00e4r detta ska sluta, eller \u00e4r det dags f\u00f6r &#8221;st\u00e4mpel i pannan och slakteriet&#8221; som moderskan brukar s\u00e4ga&#8230;?<\/p>\n","protected":false},"excerpt":{"rendered":"<p>\u00a0Eller har jag n\u00e5got ok\u00e4nt f\u00f6rem\u00e5l\u00a0kvargl\u00f6mt(?) i kroppen? Min kropp har f\u00f6rt n\u00e5gon form av l\u00e5gintensivt krig mot n\u00e5gonting i perioder under de tv\u00e5 senaste \u00e5ren, efter min operation. De forna besv\u00e4ren \u00e4r borta, tack och lov, men jag \u00e4r &hellip; <a href=\"http:\/\/www.susannavaris.com\/blogg\/2013\/03\/har-jag-en-kniv-i-ryggen\/\">Forts\u00e4tt l\u00e4sa <span class=\"meta-nav\">&rarr;<\/span><\/a><\/p>\n","protected":false},"author":1,"featured_media":0,"comment_status":"open","ping_status":"open","sticky":false,"template":"","format":"standard","meta":{"footnotes":""},"categories":[1],"tags":[1737,2455,2847,2848,2851,2849,2850],"class_list":["post-9276","post","type-post","status-publish","format-standard","hentry","category-okategoriserade","tag-feber","tag-forkylning","tag-kniv-i-ryggen","tag-operationen","tag-sjuk","tag-sjukdom","tag-temperatur"],"_links":{"self":[{"href":"http:\/\/www.susannavaris.com\/blogg\/wp-json\/wp\/v2\/posts\/9276","targetHints":{"allow":["GET"]}}],"collection":[{"href":"http:\/\/www.susannavaris.com\/blogg\/wp-json\/wp\/v2\/posts"}],"about":[{"href":"http:\/\/www.susannavaris.com\/blogg\/wp-json\/wp\/v2\/types\/post"}],"author":[{"embeddable":true,"href":"http:\/\/www.susannavaris.com\/blogg\/wp-json\/wp\/v2\/users\/1"}],"replies":[{"embeddable":true,"href":"http:\/\/www.susannavaris.com\/blogg\/wp-json\/wp\/v2\/comments?post=9276"}],"version-history":[{"count":1,"href":"http:\/\/www.susannavaris.com\/blogg\/wp-json\/wp\/v2\/posts\/9276\/revisions"}],"predecessor-version":[{"id":9278,"href":"http:\/\/www.susannavaris.com\/blogg\/wp-json\/wp\/v2\/posts\/9276\/revisions\/9278"}],"wp:attachment":[{"href":"http:\/\/www.susannavaris.com\/blogg\/wp-json\/wp\/v2\/media?parent=9276"}],"wp:term":[{"taxonomy":"category","embeddable":true,"href":"http:\/\/www.susannavaris.com\/blogg\/wp-json\/wp\/v2\/categories?post=9276"},{"taxonomy":"post_tag","embeddable":true,"href":"http:\/\/www.susannavaris.com\/blogg\/wp-json\/wp\/v2\/tags?post=9276"}],"curies":[{"name":"wp","href":"https:\/\/api.w.org\/{rel}","templated":true}]}}