{"id":9293,"date":"2013-03-27T22:08:26","date_gmt":"2013-03-27T21:08:26","guid":{"rendered":"http:\/\/www.susannavaris.com\/blogg\/?p=9293"},"modified":"2013-03-27T22:14:45","modified_gmt":"2013-03-27T21:14:45","slug":"tjejig-myskvall","status":"publish","type":"post","link":"http:\/\/www.susannavaris.com\/blogg\/2013\/03\/tjejig-myskvall\/","title":{"rendered":"Tjejig myskv\u00e4ll"},"content":{"rendered":"<p><a href=\"http:\/\/www.susannavaris.com\/blogg\/wp-content\/uploads\/2013\/03\/marie_poster.jpg\"><img loading=\"lazy\" decoding=\"async\" class=\"aligncenter size-full wp-image-9294\" alt=\"marie_poster\" src=\"http:\/\/www.susannavaris.com\/blogg\/wp-content\/uploads\/2013\/03\/marie_poster.jpg\" width=\"1077\" height=\"1600\" srcset=\"http:\/\/www.susannavaris.com\/blogg\/wp-content\/uploads\/2013\/03\/marie_poster.jpg 1077w, http:\/\/www.susannavaris.com\/blogg\/wp-content\/uploads\/2013\/03\/marie_poster-201x300.jpg 201w, http:\/\/www.susannavaris.com\/blogg\/wp-content\/uploads\/2013\/03\/marie_poster-689x1024.jpg 689w\" sizes=\"auto, (max-width: 1077px) 100vw, 1077px\" \/><\/a><\/p>\n<p>Ig\u00e5r kv\u00e4ll hade jag en myskv\u00e4ll p\u00e5 egen hand, eftersom Uffe var borta hela natten. Jag \u00e4r ju f\u00f6rkyld i vanlig ordning och l\u00e5g i soffan och tr\u00f6st\u00e5t v\u00e4rldens godaste\u00a0<a href=\"http:\/\/www.jarnaglass.se\/\">J\u00e4rnaglass<\/a>.\u00a0<a href=\"http:\/\/blondinbella.se\/2012\/07\/31\/basta-glassen\/\">Isabella L\u00f6wengrip<\/a>\u00a0dr\u00f6mde till och med om deras bl\u00e5b\u00e4rsglass, s\u00e5 god tyckte hon att den var&#8230;<\/p>\n<p style=\"text-align: center;\"><a href=\"http:\/\/www.susannavaris.com\/blogg\/wp-content\/uploads\/2013\/03\/marieantoinette.jpg\"><img loading=\"lazy\" decoding=\"async\" class=\"aligncenter size-full wp-image-9295\" alt=\"marieantoinette\" src=\"http:\/\/www.susannavaris.com\/blogg\/wp-content\/uploads\/2013\/03\/marieantoinette.jpg\" width=\"926\" height=\"676\" srcset=\"http:\/\/www.susannavaris.com\/blogg\/wp-content\/uploads\/2013\/03\/marieantoinette.jpg 926w, http:\/\/www.susannavaris.com\/blogg\/wp-content\/uploads\/2013\/03\/marieantoinette-300x219.jpg 300w\" sizes=\"auto, (max-width: 926px) 100vw, 926px\" \/><\/a>\u00a0<em>Den riktiga Marie-Antoinette och Kirsten Dunsts dito.<\/em><\/p>\n<p>Jag passade ocks\u00e5 p\u00e5 att se en film som troligen tilltalar fler kvinnor \u00e4n m\u00e4n, Sofia Coppolas <em>Marie-Antoinette<\/em> med Kirsten Dunst i huvudrollen och Marianne Faithful i en liten roll som den habsburgska kejsarinnan Maria-Theresia, Marie-Antoinettes mor. Jag \u00e4lskar den h\u00e4r filmen. Inte bara \u00e4r det en finst\u00e4md beskrivning av en ung flickas v\u00e4g till att bli drottning av Frankrike, den dysfunktionella familjen hon gifts in i, de bisarra hovritualerna och inte minst, sv\u00e5righeterna i \u00e4ktenskapet och vad som f\u00f6r en vanlig d\u00f6dlig \u00e4r traumatiskt nog, \u00e4r f\u00f6r en kunglighet av denna kaliber en angel\u00e4genhet som ber\u00f6r rikets styre. Filmen \u00e4r ocks\u00e5 en fullkomlig orgie i alla prinsessdr\u00f6mmar som f\u00f6rmodligen aldrig f\u00e5tt utrymme att blomma ut tillr\u00e4ckligt hos mig. Det \u00e4r rococo-kl\u00e4nningar i alla t\u00e4nkbara snitt, det \u00e4r fantastiska 1700-talsskor, det \u00e4r bakelser, det \u00e4r sm\u00e5 hundar, maskeradbaler, halsbrytande frisyrer och champagne, det \u00e4r h\u00e4star och dekorativa vagnar. Det \u00e4r kort sagt allt en prinsess-wannabe av valfri \u00e5lder kan \u00f6nska sig.<\/p>\n<p style=\"text-align: center;\"><a href=\"http:\/\/www.susannavaris.com\/blogg\/wp-content\/uploads\/2013\/03\/marieantoinette13.jpg\"><img loading=\"lazy\" decoding=\"async\" class=\"aligncenter size-full wp-image-9296\" alt=\"Marie Antoinette\" src=\"http:\/\/www.susannavaris.com\/blogg\/wp-content\/uploads\/2013\/03\/marieantoinette13.jpg\" width=\"2362\" height=\"1567\" srcset=\"http:\/\/www.susannavaris.com\/blogg\/wp-content\/uploads\/2013\/03\/marieantoinette13.jpg 2362w, http:\/\/www.susannavaris.com\/blogg\/wp-content\/uploads\/2013\/03\/marieantoinette13-300x199.jpg 300w, http:\/\/www.susannavaris.com\/blogg\/wp-content\/uploads\/2013\/03\/marieantoinette13-1024x679.jpg 1024w\" sizes=\"auto, (max-width: 2362px) 100vw, 2362px\" \/><\/a>\u00a0<em>Marie-Antoinette anl\u00e4nder till den franska gr\u00e4nsen.<\/em><\/p>\n<p style=\"text-align: center;\"><em><a href=\"http:\/\/www.susannavaris.com\/blogg\/wp-content\/uploads\/2013\/03\/Marie-Antoinette-marie-antoinette-27292462-1500-989.jpg\"><img loading=\"lazy\" decoding=\"async\" class=\"aligncenter size-full wp-image-9297\" alt=\"Marie-Antoinette-marie-antoinette-27292462-1500-989\" src=\"http:\/\/www.susannavaris.com\/blogg\/wp-content\/uploads\/2013\/03\/Marie-Antoinette-marie-antoinette-27292462-1500-989.jpg\" width=\"1500\" height=\"989\" srcset=\"http:\/\/www.susannavaris.com\/blogg\/wp-content\/uploads\/2013\/03\/Marie-Antoinette-marie-antoinette-27292462-1500-989.jpg 1500w, http:\/\/www.susannavaris.com\/blogg\/wp-content\/uploads\/2013\/03\/Marie-Antoinette-marie-antoinette-27292462-1500-989-300x197.jpg 300w, http:\/\/www.susannavaris.com\/blogg\/wp-content\/uploads\/2013\/03\/Marie-Antoinette-marie-antoinette-27292462-1500-989-1024x675.jpg 1024w\" sizes=\"auto, (max-width: 1500px) 100vw, 1500px\" \/><\/a><a href=\"http:\/\/www.susannavaris.com\/blogg\/wp-content\/uploads\/2013\/03\/marieantoinette552481_1286098855159_full.jpg\"><img loading=\"lazy\" decoding=\"async\" class=\"aligncenter size-full wp-image-9298\" alt=\"marieantoinette552481_1286098855159_full\" src=\"http:\/\/www.susannavaris.com\/blogg\/wp-content\/uploads\/2013\/03\/marieantoinette552481_1286098855159_full.jpg\" width=\"1003\" height=\"1086\" srcset=\"http:\/\/www.susannavaris.com\/blogg\/wp-content\/uploads\/2013\/03\/marieantoinette552481_1286098855159_full.jpg 1003w, http:\/\/www.susannavaris.com\/blogg\/wp-content\/uploads\/2013\/03\/marieantoinette552481_1286098855159_full-277x300.jpg 277w, http:\/\/www.susannavaris.com\/blogg\/wp-content\/uploads\/2013\/03\/marieantoinette552481_1286098855159_full-945x1024.jpg 945w\" sizes=\"auto, (max-width: 1003px) 100vw, 1003px\" \/><\/a>\u00a0<\/em><\/p>\n<p>Kirsten Dunst \u00e4r briljant, som alltid. Hon \u00e4r en av mina absolut st\u00f6rsta favoriter. F\u00f6rsta g\u00e5ngen s\u00e5g jag henne som den lilla vampyrflickan i <em>En Vampyrs Bek\u00e4nnelse<\/em>, med Tom Cruise och Brad Pitt. Redan d\u00e4r var hon fullst\u00e4ndigt fantastisk.<\/p>\n<p style=\"text-align: center;\"><a href=\"http:\/\/www.susannavaris.com\/blogg\/wp-content\/uploads\/2013\/03\/marie_antoinette_0291.jpg\"><img loading=\"lazy\" decoding=\"async\" class=\"aligncenter size-full wp-image-9299\" alt=\"marie_antoinette_0291\" src=\"http:\/\/www.susannavaris.com\/blogg\/wp-content\/uploads\/2013\/03\/marie_antoinette_0291.jpg\" width=\"3000\" height=\"1991\" srcset=\"http:\/\/www.susannavaris.com\/blogg\/wp-content\/uploads\/2013\/03\/marie_antoinette_0291.jpg 3000w, http:\/\/www.susannavaris.com\/blogg\/wp-content\/uploads\/2013\/03\/marie_antoinette_0291-300x199.jpg 300w, http:\/\/www.susannavaris.com\/blogg\/wp-content\/uploads\/2013\/03\/marie_antoinette_0291-1024x679.jpg 1024w\" sizes=\"auto, (max-width: 3000px) 100vw, 3000px\" \/><\/a>\u00a0<em>Versailles<\/em><\/p>\n<p style=\"text-align: center;\"><a href=\"http:\/\/www.susannavaris.com\/blogg\/wp-content\/uploads\/2013\/03\/marie-antoinette-2006-12-g.jpg\"><img loading=\"lazy\" decoding=\"async\" class=\"aligncenter size-full wp-image-9300\" alt=\"marie-antoinette-2006-12-g\" src=\"http:\/\/www.susannavaris.com\/blogg\/wp-content\/uploads\/2013\/03\/marie-antoinette-2006-12-g.jpg\" width=\"1200\" height=\"792\" srcset=\"http:\/\/www.susannavaris.com\/blogg\/wp-content\/uploads\/2013\/03\/marie-antoinette-2006-12-g.jpg 1200w, http:\/\/www.susannavaris.com\/blogg\/wp-content\/uploads\/2013\/03\/marie-antoinette-2006-12-g-300x198.jpg 300w, http:\/\/www.susannavaris.com\/blogg\/wp-content\/uploads\/2013\/03\/marie-antoinette-2006-12-g-1024x675.jpg 1024w\" sizes=\"auto, (max-width: 1200px) 100vw, 1200px\" \/><\/a>\u00a0<em>Med entourage&#8230;<\/em><\/p>\n<p style=\"text-align: center;\"><a href=\"http:\/\/www.susannavaris.com\/blogg\/wp-content\/uploads\/2013\/03\/Marie-Antoinette-marie-antoinette-27292492-1500-995.jpg\"><img loading=\"lazy\" decoding=\"async\" class=\"aligncenter size-full wp-image-9301\" alt=\"Marie-Antoinette-marie-antoinette-27292492-1500-995\" src=\"http:\/\/www.susannavaris.com\/blogg\/wp-content\/uploads\/2013\/03\/Marie-Antoinette-marie-antoinette-27292492-1500-995.jpg\" width=\"1500\" height=\"995\" srcset=\"http:\/\/www.susannavaris.com\/blogg\/wp-content\/uploads\/2013\/03\/Marie-Antoinette-marie-antoinette-27292492-1500-995.jpg 1500w, http:\/\/www.susannavaris.com\/blogg\/wp-content\/uploads\/2013\/03\/Marie-Antoinette-marie-antoinette-27292492-1500-995-300x199.jpg 300w, http:\/\/www.susannavaris.com\/blogg\/wp-content\/uploads\/2013\/03\/Marie-Antoinette-marie-antoinette-27292492-1500-995-1024x679.jpg 1024w\" sizes=\"auto, (max-width: 1500px) 100vw, 1500px\" \/><\/a>\u00a0<em>Den bisarra p\u00e5kl\u00e4dningsritualen&#8230;<\/em><\/p>\n<p style=\"text-align: center;\">Filmen Marie-Antoinette fokuserar just p\u00e5 prinsessans perspektiv, de storpolitiska h\u00e4ndelserna utspelar sig vid sidan av och framg\u00e5r endast i sm\u00e5 ordv\u00e4xlingar mellan kungen och hans r\u00e5dgivare eller som en uppretad lynchmobb p\u00e5 slottsg\u00e5rden. Den handlar om Marie-Antoinettes k\u00e4nslor och hennes roll som maka och den person som f\u00f6rv\u00e4ntas producera en tronarvinge. Vilket inte \u00e4r det l\u00e4ttaste. Maken visar sig vara mera intresserad av jakt och av att samla p\u00e5 l\u00e5s. Marie-Antoinette portr\u00e4tteras som en h\u00f6gst sympatisk person, barnk\u00e4r och t\u00e5lmodig, men som efter hand h\u00e4nfaller \u00e5t excesser. Hon b\u00f6rjar tr\u00f6stshoppa och livet blir en fest. Makarnas relation beskrivs ocks\u00e5 p\u00e5 ett \u00f6msint s\u00e4tt, d\u00e4r de tv\u00e5 huvudpersonerna i riket f\u00f6rst\u00e5r sina roller, f\u00f6rst\u00e5r och respekterar varandra och g\u00f6r det b\u00e4sta av den situation de hamnat i till f\u00f6ljd av politiska f\u00f6rpliktelser.<\/p>\n<p style=\"text-align: center;\"><a href=\"http:\/\/www.susannavaris.com\/blogg\/wp-content\/uploads\/2013\/03\/marieantoinette02.jpg\"><img loading=\"lazy\" decoding=\"async\" class=\"aligncenter size-full wp-image-9302\" alt=\"Marie Antoinette\" src=\"http:\/\/www.susannavaris.com\/blogg\/wp-content\/uploads\/2013\/03\/marieantoinette02.jpg\" width=\"1110\" height=\"753\" srcset=\"http:\/\/www.susannavaris.com\/blogg\/wp-content\/uploads\/2013\/03\/marieantoinette02.jpg 1110w, http:\/\/www.susannavaris.com\/blogg\/wp-content\/uploads\/2013\/03\/marieantoinette02-300x203.jpg 300w, http:\/\/www.susannavaris.com\/blogg\/wp-content\/uploads\/2013\/03\/marieantoinette02-1024x694.jpg 1024w\" sizes=\"auto, (max-width: 1110px) 100vw, 1110px\" \/><\/a>\u00a0<em>Fest och spel&#8230;<\/em><\/p>\n<p style=\"text-align: center;\"><a href=\"http:\/\/www.susannavaris.com\/blogg\/wp-content\/uploads\/2013\/03\/marieantoinette01.jpg\"><img loading=\"lazy\" decoding=\"async\" class=\"aligncenter size-full wp-image-9303\" alt=\"marieantoinette01\" src=\"http:\/\/www.susannavaris.com\/blogg\/wp-content\/uploads\/2013\/03\/marieantoinette01.jpg\" width=\"674\" height=\"500\" srcset=\"http:\/\/www.susannavaris.com\/blogg\/wp-content\/uploads\/2013\/03\/marieantoinette01.jpg 674w, http:\/\/www.susannavaris.com\/blogg\/wp-content\/uploads\/2013\/03\/marieantoinette01-300x222.jpg 300w\" sizes=\"auto, (max-width: 674px) 100vw, 674px\" \/><\/a>\u00a0<em>Excesser i skor&#8230;<\/em><\/p>\n<p style=\"text-align: center;\"><a href=\"http:\/\/www.susannavaris.com\/blogg\/wp-content\/uploads\/2013\/03\/marie_antoinettemmarie-antoinette-food.jpg\"><img loading=\"lazy\" decoding=\"async\" class=\"aligncenter size-full wp-image-9306\" alt=\"marie_antoinettemmarie antoinette food\" src=\"http:\/\/www.susannavaris.com\/blogg\/wp-content\/uploads\/2013\/03\/marie_antoinettemmarie-antoinette-food.jpg\" width=\"600\" height=\"320\" srcset=\"http:\/\/www.susannavaris.com\/blogg\/wp-content\/uploads\/2013\/03\/marie_antoinettemmarie-antoinette-food.jpg 600w, http:\/\/www.susannavaris.com\/blogg\/wp-content\/uploads\/2013\/03\/marie_antoinettemmarie-antoinette-food-300x160.jpg 300w\" sizes=\"auto, (max-width: 600px) 100vw, 600px\" \/><\/a>\u00a0<em>&#8230;och godsaker<\/em><\/p>\n<p>Jag tycker ocks\u00e5 om att filmen spetsats med modern musik, fr\u00e4mst artister fr\u00e5n 80-talet som Bow Wow Wow och Siouxie and the Banshees. Jag \u00e4lskar den h\u00e4r filmen&#8230;det skrev jag visst redan&#8230;och jag kommer att njuta av denna lilla rococo-p\u00e4rla m\u00e5nga m\u00e5nga fler g\u00e5nger.<\/p>\n<p style=\"text-align: center;\"><a href=\"http:\/\/www.susannavaris.com\/blogg\/wp-content\/uploads\/2013\/03\/marie-antoinette-580x435.jpg\"><img loading=\"lazy\" decoding=\"async\" class=\"aligncenter size-full wp-image-9304\" alt=\"marie-antoinette-580x435\" src=\"http:\/\/www.susannavaris.com\/blogg\/wp-content\/uploads\/2013\/03\/marie-antoinette-580x435.jpg\" width=\"580\" height=\"435\" srcset=\"http:\/\/www.susannavaris.com\/blogg\/wp-content\/uploads\/2013\/03\/marie-antoinette-580x435.jpg 580w, http:\/\/www.susannavaris.com\/blogg\/wp-content\/uploads\/2013\/03\/marie-antoinette-580x435-300x225.jpg 300w\" sizes=\"auto, (max-width: 580px) 100vw, 580px\" \/><\/a>\u00a0<em>Marie-Antoinette tr\u00e4ffar den svenske greven Axel von Fersen&#8230;<\/em><\/p>\n<p style=\"text-align: center;\"><a href=\"http:\/\/www.susannavaris.com\/blogg\/wp-content\/uploads\/2013\/03\/marie_antoinette_screen2_large.jpg\"><img loading=\"lazy\" decoding=\"async\" class=\"aligncenter size-full wp-image-9305\" alt=\"marie_antoinette_screen2_large\" src=\"http:\/\/www.susannavaris.com\/blogg\/wp-content\/uploads\/2013\/03\/marie_antoinette_screen2_large.jpg\" width=\"1400\" height=\"933\" srcset=\"http:\/\/www.susannavaris.com\/blogg\/wp-content\/uploads\/2013\/03\/marie_antoinette_screen2_large.jpg 1400w, http:\/\/www.susannavaris.com\/blogg\/wp-content\/uploads\/2013\/03\/marie_antoinette_screen2_large-300x199.jpg 300w, http:\/\/www.susannavaris.com\/blogg\/wp-content\/uploads\/2013\/03\/marie_antoinette_screen2_large-1024x682.jpg 1024w\" sizes=\"auto, (max-width: 1400px) 100vw, 1400px\" \/><\/a>\u00a0<a href=\"http:\/\/www.susannavaris.com\/blogg\/wp-content\/uploads\/2013\/03\/marieantoinettevogue-kirsten.jpg\"><img loading=\"lazy\" decoding=\"async\" class=\"aligncenter size-full wp-image-9307\" alt=\"marieantoinettevogue-kirsten\" src=\"http:\/\/www.susannavaris.com\/blogg\/wp-content\/uploads\/2013\/03\/marieantoinettevogue-kirsten.jpg\" width=\"529\" height=\"359\" srcset=\"http:\/\/www.susannavaris.com\/blogg\/wp-content\/uploads\/2013\/03\/marieantoinettevogue-kirsten.jpg 529w, http:\/\/www.susannavaris.com\/blogg\/wp-content\/uploads\/2013\/03\/marieantoinettevogue-kirsten-300x203.jpg 300w\" sizes=\"auto, (max-width: 529px) 100vw, 529px\" \/><\/a>\u00a0<em>Givetvis f\u00f6rst\u00e5r sig modetidningarna p\u00e5 att utnyttja v\u00e5ra prinsessdr\u00f6mmar&#8230;Kirsten Dunst i Vogue.<\/em><\/p>\n","protected":false},"excerpt":{"rendered":"<p>Ig\u00e5r kv\u00e4ll hade jag en myskv\u00e4ll p\u00e5 egen hand, eftersom Uffe var borta hela natten. Jag \u00e4r ju f\u00f6rkyld i vanlig ordning och l\u00e5g i soffan och tr\u00f6st\u00e5t v\u00e4rldens godaste\u00a0J\u00e4rnaglass.\u00a0Isabella L\u00f6wengrip\u00a0dr\u00f6mde till och med om deras bl\u00e5b\u00e4rsglass, s\u00e5 god tyckte &hellip; <a href=\"http:\/\/www.susannavaris.com\/blogg\/2013\/03\/tjejig-myskvall\/\">Forts\u00e4tt l\u00e4sa <span class=\"meta-nav\">&rarr;<\/span><\/a><\/p>\n","protected":false},"author":1,"featured_media":0,"comment_status":"open","ping_status":"open","sticky":false,"template":"","format":"standard","meta":{"footnotes":""},"categories":[9,674,13,1162,14,994,1],"tags":[2871,2868,2413,755,445,2867,2865,19,2869,2866,2870],"class_list":["post-9293","post","type-post","status-publish","format-standard","hentry","category-film","category-historia","category-inspiration","category-kultur","category-mode","category-musik","category-okategoriserade","tag-1700-tal","tag-en-vampyrs-bekannelse","tag-film-2","tag-isabella-lowengrip","tag-jarnaglass","tag-kirsten-dunst","tag-marie-antoinette","tag-mode-2","tag-rococo","tag-sofia-coppola","tag-versailles"],"_links":{"self":[{"href":"http:\/\/www.susannavaris.com\/blogg\/wp-json\/wp\/v2\/posts\/9293","targetHints":{"allow":["GET"]}}],"collection":[{"href":"http:\/\/www.susannavaris.com\/blogg\/wp-json\/wp\/v2\/posts"}],"about":[{"href":"http:\/\/www.susannavaris.com\/blogg\/wp-json\/wp\/v2\/types\/post"}],"author":[{"embeddable":true,"href":"http:\/\/www.susannavaris.com\/blogg\/wp-json\/wp\/v2\/users\/1"}],"replies":[{"embeddable":true,"href":"http:\/\/www.susannavaris.com\/blogg\/wp-json\/wp\/v2\/comments?post=9293"}],"version-history":[{"count":4,"href":"http:\/\/www.susannavaris.com\/blogg\/wp-json\/wp\/v2\/posts\/9293\/revisions"}],"predecessor-version":[{"id":9309,"href":"http:\/\/www.susannavaris.com\/blogg\/wp-json\/wp\/v2\/posts\/9293\/revisions\/9309"}],"wp:attachment":[{"href":"http:\/\/www.susannavaris.com\/blogg\/wp-json\/wp\/v2\/media?parent=9293"}],"wp:term":[{"taxonomy":"category","embeddable":true,"href":"http:\/\/www.susannavaris.com\/blogg\/wp-json\/wp\/v2\/categories?post=9293"},{"taxonomy":"post_tag","embeddable":true,"href":"http:\/\/www.susannavaris.com\/blogg\/wp-json\/wp\/v2\/tags?post=9293"}],"curies":[{"name":"wp","href":"https:\/\/api.w.org\/{rel}","templated":true}]}}