{"id":9374,"date":"2013-04-01T21:54:52","date_gmt":"2013-04-01T19:54:52","guid":{"rendered":"http:\/\/www.susannavaris.com\/blogg\/?p=9374"},"modified":"2013-04-01T21:54:52","modified_gmt":"2013-04-01T19:54:52","slug":"arnholm-pa-sekretariatet","status":"publish","type":"post","link":"http:\/\/www.susannavaris.com\/blogg\/2013\/04\/arnholm-pa-sekretariatet\/","title":{"rendered":"Arnholm p\u00e5 Sekretariatet"},"content":{"rendered":"<p style=\"text-align: center;\"><a href=\"http:\/\/www.susannavaris.com\/blogg\/wp-content\/uploads\/2013\/04\/minister_framtidskommission_184px.jpg\"><img loading=\"lazy\" decoding=\"async\" class=\"aligncenter size-full wp-image-9375\" alt=\"minister_framtidskommission_184px\" src=\"http:\/\/www.susannavaris.com\/blogg\/wp-content\/uploads\/2013\/04\/minister_framtidskommission_184px.jpg\" width=\"184\" height=\"246\" \/><\/a>\u00a0 <em>Bild fr\u00e5n Nationella Sekretariatet f\u00f6r Genusforskning<\/em><\/p>\n<p>J\u00e4mst\u00e4lldhetsminister Maria Arnholm har <a href=\"http:\/\/www.genus.se\/meromgenus\/genusflodet\/genusflodetdetalj\/\/maria-arnholm-besokte-sekretariatet-for-genusforskning.cid1163372\">bes\u00f6kt<\/a>\u00a0Nationella Sekretariatet f\u00f6r Genusforskning och verkar entusiastisk:<\/p>\n<blockquote><p>&#8221;Under m\u00f6tet diskuterades bland annat j\u00e4mst\u00e4lldhetsintegrering, j\u00e4mst\u00e4lldhet i akademin, genusforskningens villkor och behovet av v\u00e4lgrundad kunskap som underlag f\u00f6r b\u00e5de j\u00e4mst\u00e4lldhetspolitiken och j\u00e4mst\u00e4lldhetsarbete. Ett exempel \u00e4r l\u00f6nefr\u00e5gan och arbetsmarknadens villkor.<br \/>\n\u2013 Jag skulle vilja veta mer om strukturella skillnader mellan hur m\u00e4ns och kvinnors arbeten v\u00e4rderas, sa Maria Arnholm.<\/p>\n<p>Hon betonade Nationella sekretariatet f\u00f6r genusforsknings roll inom s\u00e5v\u00e4l forskningsf\u00f6rmedling, forskningsst\u00f6d som j\u00e4mst\u00e4lldhetsst\u00f6d.<br \/>\n\u2013 Det \u00e4r v\u00e4ldigt sp\u00e4nnande hur ni arbetar b\u00e5de med forskningen och konkreta j\u00e4mst\u00e4lldhetsuppdrag. Ni \u00e4r p\u00e5 ett tydligt s\u00e4tt en brygga mellan forskning och j\u00e4mst\u00e4lldhetsarbete, och kan med era uppdrag verkligen hj\u00e4lpa och ge st\u00f6d till myndigheter, kommuner, landsting, och andra verksamheter som beh\u00f6ver det, sa Maria Arnholm.&#8221;<\/p><\/blockquote>\n<p>N\u00e5gonting annat kanske man inte kunde ens v\u00e4nta sig med tanke p\u00e5 Arnholms radikalfeministiska uttalanden. Hon befinner sig helt enkelt hos likasinnade. Det bekymmersamma i sammanhanget \u00e4r att denna ideologiproduktion under vetenskaplig t\u00e4ckmantel vinner inflytande p\u00e5 ministerniv\u00e5. Jag rekommenderar Arnholms alliansv\u00e4nner att se den norska dokument\u00e4ren Hjernevask.<\/p>\n","protected":false},"excerpt":{"rendered":"<p>\u00a0 Bild fr\u00e5n Nationella Sekretariatet f\u00f6r Genusforskning J\u00e4mst\u00e4lldhetsminister Maria Arnholm har bes\u00f6kt\u00a0Nationella Sekretariatet f\u00f6r Genusforskning och verkar entusiastisk: &#8221;Under m\u00f6tet diskuterades bland annat j\u00e4mst\u00e4lldhetsintegrering, j\u00e4mst\u00e4lldhet i akademin, genusforskningens villkor och behovet av v\u00e4lgrundad kunskap som underlag f\u00f6r b\u00e5de j\u00e4mst\u00e4lldhetspolitiken och &hellip; <a href=\"http:\/\/www.susannavaris.com\/blogg\/2013\/04\/arnholm-pa-sekretariatet\/\">Forts\u00e4tt l\u00e4sa <span class=\"meta-nav\">&rarr;<\/span><\/a><\/p>\n","protected":false},"author":1,"featured_media":0,"comment_status":"open","ping_status":"open","sticky":false,"template":"","format":"standard","meta":{"footnotes":""},"categories":[181,259,1321,1162,1,590,403,384],"tags":[4900,4899,815,2883,2631,2361],"class_list":["post-9374","post","type-post","status-publish","format-standard","hentry","category-feminism","category-genusvetenskap","category-jamstalldhet","category-kultur","category-okategoriserade","category-politik","category-pseudovetenskap","category-tv","tag-feminism","tag-genus","tag-genusforskning","tag-hjernevask","tag-maria-arnholm","tag-nationella-sekretariatet-for-genusforskning"],"_links":{"self":[{"href":"http:\/\/www.susannavaris.com\/blogg\/wp-json\/wp\/v2\/posts\/9374","targetHints":{"allow":["GET"]}}],"collection":[{"href":"http:\/\/www.susannavaris.com\/blogg\/wp-json\/wp\/v2\/posts"}],"about":[{"href":"http:\/\/www.susannavaris.com\/blogg\/wp-json\/wp\/v2\/types\/post"}],"author":[{"embeddable":true,"href":"http:\/\/www.susannavaris.com\/blogg\/wp-json\/wp\/v2\/users\/1"}],"replies":[{"embeddable":true,"href":"http:\/\/www.susannavaris.com\/blogg\/wp-json\/wp\/v2\/comments?post=9374"}],"version-history":[{"count":1,"href":"http:\/\/www.susannavaris.com\/blogg\/wp-json\/wp\/v2\/posts\/9374\/revisions"}],"predecessor-version":[{"id":9376,"href":"http:\/\/www.susannavaris.com\/blogg\/wp-json\/wp\/v2\/posts\/9374\/revisions\/9376"}],"wp:attachment":[{"href":"http:\/\/www.susannavaris.com\/blogg\/wp-json\/wp\/v2\/media?parent=9374"}],"wp:term":[{"taxonomy":"category","embeddable":true,"href":"http:\/\/www.susannavaris.com\/blogg\/wp-json\/wp\/v2\/categories?post=9374"},{"taxonomy":"post_tag","embeddable":true,"href":"http:\/\/www.susannavaris.com\/blogg\/wp-json\/wp\/v2\/tags?post=9374"}],"curies":[{"name":"wp","href":"https:\/\/api.w.org\/{rel}","templated":true}]}}