{"id":9390,"date":"2013-04-04T18:03:18","date_gmt":"2013-04-04T16:03:18","guid":{"rendered":"http:\/\/www.susannavaris.com\/blogg\/?p=9390"},"modified":"2013-04-06T15:12:08","modified_gmt":"2013-04-06T13:12:08","slug":"feministisk-agenda","status":"publish","type":"post","link":"http:\/\/www.susannavaris.com\/blogg\/2013\/04\/feministisk-agenda\/","title":{"rendered":"Feministisk agenda"},"content":{"rendered":"<p style=\"text-align: center;\"><a href=\"http:\/\/www.susannavaris.com\/blogg\/wp-content\/uploads\/2013\/04\/dr\u00e4ngHusbygge5.jpg\"><img loading=\"lazy\" decoding=\"async\" class=\"aligncenter size-full wp-image-9391\" alt=\"dr\u00e4ngHusbygge5\" src=\"http:\/\/www.susannavaris.com\/blogg\/wp-content\/uploads\/2013\/04\/dr\u00e4ngHusbygge5.jpg\" width=\"500\" height=\"332\" srcset=\"http:\/\/www.susannavaris.com\/blogg\/wp-content\/uploads\/2013\/04\/dr\u00e4ngHusbygge5.jpg 500w, http:\/\/www.susannavaris.com\/blogg\/wp-content\/uploads\/2013\/04\/dr\u00e4ngHusbygge5-300x199.jpg 300w\" sizes=\"auto, (max-width: 500px) 100vw, 500px\" \/><\/a>\u00a0<em>Arbetets s\u00f6ner<\/em><\/p>\n<p>I Aftonbladet idag:<\/p>\n<blockquote><p>&#8221;Alla behandlas inte lika i Sverige, sade Stefan L\u00f6fven och kr\u00e4vde &#8221;en feministisk agenda&#8221; i sitt f\u00f6rsta kongresstal som S-ledare.&#8221;<\/p>\n<p>[&#8230;]<\/p>\n<p id=\"yui_3_8_1_2_1365088577257_548\">&#8221;I sitt tal till kongressen tog Stefan L\u00f6fven avstamp i familjen.<\/p>\n<p>\u2013 Vi ska bygga samh\u00e4llet s\u00e5 som vi vill att en bra familj ska vara. En familj d\u00e4r varje m\u00e4nniska g\u00f6r sitt, men d\u00e4r vi ocks\u00e5 tar ett gemensamt ansvar f\u00f6r varandra, sade han.<\/p>\n<p>Alla ska behandlas lika oavsett k\u00f6n och ursprung.<\/p>\n<p>\u2013 D\u00e4r \u00e4r vi inte i dag, sade L\u00f6fven.<\/p>\n<p>\u2013 Sverige har fortfarande en manlig k\u00f6nsmaktsordning, som beh\u00f6ver bem\u00f6tas med en feministisk agenda.&#8221;<\/p><\/blockquote>\n<p>Stefan L\u00f6fven skriver allts\u00e5 under p\u00e5\u00a0<a href=\"http:\/\/www.susannavaris.com\/blogg\/2013\/04\/konsmaktsordning-genusordning\/\">definitionen<\/a>\u00a0av k\u00f6nsmaktsordning (= genussystem):<\/p>\n<blockquote><p>\u201dUtm\u00e4rkande f\u00f6r genussystem \u00e4r enligt flera forskare m\u00f6nster av dels is\u00e4rh\u00e5llning, dels hierarkisering av m\u00e4n och kvinnor p\u00e5 samh\u00e4llets olika niv\u00e5er, till exempel p\u00e5 arbetsmarknaden (genusarbetsdelning) eller inom politiken.\u201d<\/p>\n<p>[&#8230;]<\/p>\n<p>\u201d\u2026beteckna hela k\u00f6ns- eller genusaspekten p\u00e5 ett visst samh\u00e4lle inom vilket m\u00e4n \u00e4r \u00f6verordnade kvinnor s\u00e5v\u00e4l vad g\u00e4ller resursf\u00f6rdelning som i ett maktperspektiv.\u201d<\/p><\/blockquote>\n<p>En feministisk agenda torde inneb\u00e4ra f\u00f6r Stefan L\u00f6fven att inte st\u00e4lla upp som partiledare. Han har fel k\u00f6n. Dessutom sp\u00f6kar de f\u00f6raktliga &#8221;vinsterna i v\u00e4lf\u00e4rden&#8221;, d\u00e4r L\u00f6fven f\u00f6rordar en slags kompromiss:<\/p>\n<blockquote><p>&#8221;Han slog ett slag f\u00f6r partistyrelsens f\u00f6rslag att begr\u00e4nsa vinsterna i v\u00e4lf\u00e4rden, bland annat med h\u00f6gre krav p\u00e5 bemanning och kvalitet.<\/p>\n<p>\u2013 Det utesluter helt enkelt oseri\u00f6sa akt\u00f6rer fr\u00e5n svensk v\u00e4lf\u00e4rd. Samtidigt skapar det m\u00f6jligheter att vara kvar f\u00f6r de seri\u00f6sa verksamheter som m\u00e5nga uppskattar och f\u00f6rlitar sig p\u00e5.<\/p>\n<p>Om det visar sig att detta inte r\u00e4cker, \u00e4r L\u00f6fven beredd att g\u00e5 l\u00e4ngre.<\/p>\n<p>Han tog ocks\u00e5 upp b\u00e4ttre villkor f\u00f6r dem som jobbar i v\u00e4lf\u00e4rden och att heltid ska vara norm.&#8221;<\/p><\/blockquote>\n<p>Kan L\u00f6fven f\u00f6rklara det feministiska i att vinster prompt m\u00e5ste begr\u00e4nsas hos f\u00f6retag verksamma inom omr\u00e5den d\u00e4r m\u00e5nga kvinnor kan t\u00e4nkas vilja bli egenf\u00f6retagare? Varf\u00f6r \u00e4r det viktigt att just f\u00f6retag inom v\u00e4lf\u00e4rdssektorn inte f\u00e5r g\u00f6ra vinst, n\u00e4r t ex byggbolag, dataf\u00f6retag och alla andra sorts f\u00f6retag som anlitas till projekt finansierade med skattepengar f\u00e5r g\u00f6ra obegr\u00e4nsade vinster? Skattepengar som skattepengar.<\/p>\n<p>Han vill dock inte g\u00e5 lika l\u00e5ngt som <a href=\"http:\/\/www.dn.se\/debatt\/bara-vanstersamverkan-ger-en-rattvisare-politik\">Jonas Sj\u00f6stedt<\/a>\u00a0(V):<\/p>\n<blockquote><p>&#8221;Vi vill ta bort det privata vinstintresset fr\u00e5n skolan, f\u00f6rskolan, v\u00e5rden och \u00e4ldreomsorgen. Behoven och kvaliteten ska st\u00e5 i centrum, inte vinstintresset hos riskkapitalbolag som i dag tj\u00e4nar miljarder p\u00e5 v\u00e5ra skattepengar.<\/p>\n<p>Vi vill ha m\u00e5ngfald och valm\u00f6jligheter utan privata vinster.&#8221;<\/p><\/blockquote>\n<p>Det sista kan man ju undra hur han har t\u00e4nkt sig att det ska g\u00e5 till.<\/p>\n<blockquote><p>&#8221;F\u00f6retag ska inte till\u00e5tas plocka ut vinster i dessa sektorer. Demokratin ska avg\u00f6ra var v\u00e5ra skattepengar ska satsas p\u00e5 skolor, \u00e4ldreboenden och v\u00e5rdcentraler.&#8221;<\/p><\/blockquote>\n<p>Incitamenten f\u00f6r egenf\u00f6retagande ska med andra ord kv\u00e4sas i dessa kvinnodominerade branscher. Att kvinnor i dessa branscher skulle kunna starta egna f\u00f6retag och bedriva de slags verksamheter de, med sin branschexpertis, ser som de b\u00e4sta f\u00f6r brukarna och samtidigt f\u00e5 m\u00f6jlighet att p\u00e5verka sin verksamhet och sina liv \u00e4r inget f\u00f6r Sj\u00f6stedt. Hans l\u00f6sning f\u00f6r j\u00e4mst\u00e4lldhet ser ut s\u00e5 h\u00e4r:<\/p>\n<blockquote><p><strong>&#8221;J\u00e4mst\u00e4lldheten mellan kvinnor\u00a0<\/strong>och m\u00e4n kr\u00e4ver v\u00e4nstersamverkan. I dag \u00f6kar inkomstklyftan mellan kvinnor och m\u00e4n. Vi vill driva en ekonomisk politik med starka socialf\u00f6rs\u00e4kringar och mer r\u00e4ttvisa skatter som i st\u00e4llet utj\u00e4mnar denna inkomstklyfta.<\/p>\n<p>Vi vill ta beslut om och inleda en reformering som leder till delad f\u00f6r\u00e4ldraf\u00f6rs\u00e4kring. Det \u00e4r en nyckel till mer j\u00e4mst\u00e4llda l\u00f6ner och pensioner och st\u00f6rre j\u00e4mst\u00e4lldhet i hemmen.<\/p>\n<p>Vi vill lagstifta om r\u00e4tten att arbeta heltid, med deltid som en m\u00f6jlighet. De ofrivilliga deltiderna \u00e4r ett stort j\u00e4mst\u00e4lldhetsproblem eftersom det fr\u00e4mst \u00e4r kvinnor som drabbas.&#8221;<\/p><\/blockquote>\n<p>L\u00e5t mig gissa att &#8221;mer r\u00e4ttvisa skatter&#8221; betyder &#8221;h\u00f6jda skatter&#8221;. Kanske till och med kraftigt h\u00f6jda skatter. Som ska anv\u00e4ndas till bidrag f\u00f6r kvinnor som arbetar i l\u00e5gl\u00f6neyrken, fastl\u00e5sta hos en enda, offentlig arbetsgivare. Frihet \u00e4r uppenbarligen inte Sj\u00f6stedts melodi. och absolut inte frihet att forma sitt liv som man vill. F\u00f6r\u00e4ldraf\u00f6rs\u00e4kringen ska delas. Punkt. Redan nu kan den som vill dela p\u00e5 f\u00f6r\u00e4ldraf\u00f6rs\u00e4kringen, varf\u00f6r m\u00e5ste m\u00e4nniskor tvingas att dela? F\u00f6r att de inte vet vad som \u00e4r b\u00e4st f\u00f6r dem och deras familjer?<\/p>\n<p>R\u00e4tten till heltid d\u00e4remot \u00e4r ett bra f\u00f6rslag. Varf\u00f6r har den f\u00f6red\u00f6mliga offentliga sektorn som arbetsgivare inte redan inf\u00f6rt detta?<\/p>\n<p>Till\u00e4gg:<\/p>\n<p>I\u00a0<a href=\"http:\/\/www.blogkeen.com\/view_blog2.aspx?blog=461238&amp;row=1\">denna<\/a>\u00a0artikel:<\/p>\n<blockquote><p>&#8221;\u2013 Att bek\u00e4mpa rasism, antifeminism och homofobi och alla f\u00f6rs\u00f6k att sl\u00e5 split mellan m\u00e4nniskor \u00e4r ytterst att bek\u00e4mpa r\u00e5dsl\u00e5r.&#8221;<\/p><\/blockquote>\n<p>Hur st\u00e4ller sig L\u00f6fven till misandrin som florerar p\u00e5 sina h\u00e5ll inom feminismen (d\u00e4r vita, heterosexuella m\u00e4n kontinuerligt h\u00e5nas) och mycket av den moderna feministiska diskursen som just g\u00e5r ut p\u00e5 att sl\u00e5 split mellan m\u00e4nniskor?<\/p>\n<p>Till\u00e4gg: Lena Mellin\u00a0<a href=\"http:\/\/www.aftonbladet.se\/nyheter\/kolumnister\/lenamellin\/article16550585.ab\">skriver<\/a> p\u00e5 samma tema den\u00a06. april i Aftonbladet<\/p>\n","protected":false},"excerpt":{"rendered":"<p>\u00a0Arbetets s\u00f6ner I Aftonbladet idag: &#8221;Alla behandlas inte lika i Sverige, sade Stefan L\u00f6fven och kr\u00e4vde &#8221;en feministisk agenda&#8221; i sitt f\u00f6rsta kongresstal som S-ledare.&#8221; [&#8230;] &#8221;I sitt tal till kongressen tog Stefan L\u00f6fven avstamp i familjen. \u2013 Vi ska &hellip; <a href=\"http:\/\/www.susannavaris.com\/blogg\/2013\/04\/feministisk-agenda\/\">Forts\u00e4tt l\u00e4sa <span class=\"meta-nav\">&rarr;<\/span><\/a><\/p>\n","protected":false},"author":1,"featured_media":0,"comment_status":"open","ping_status":"open","sticky":false,"template":"","format":"standard","meta":{"footnotes":""},"categories":[178,181,1321,589,1,590],"tags":[4900,2892,2891,4899,4918,2889,2840,1358,774,2890],"class_list":["post-9390","post","type-post","status-publish","format-standard","hentry","category-blodtryckshojare","category-feminism","category-jamstalldhet","category-medier","category-okategoriserade","category-politik","tag-feminism","tag-foretag","tag-foretagsamhet","tag-genus","tag-jamstalldhet","tag-jonas-sjostedt","tag-offentlig-sektor","tag-socialdemokraterna","tag-socialdemokrati","tag-valfardssekto"],"_links":{"self":[{"href":"http:\/\/www.susannavaris.com\/blogg\/wp-json\/wp\/v2\/posts\/9390","targetHints":{"allow":["GET"]}}],"collection":[{"href":"http:\/\/www.susannavaris.com\/blogg\/wp-json\/wp\/v2\/posts"}],"about":[{"href":"http:\/\/www.susannavaris.com\/blogg\/wp-json\/wp\/v2\/types\/post"}],"author":[{"embeddable":true,"href":"http:\/\/www.susannavaris.com\/blogg\/wp-json\/wp\/v2\/users\/1"}],"replies":[{"embeddable":true,"href":"http:\/\/www.susannavaris.com\/blogg\/wp-json\/wp\/v2\/comments?post=9390"}],"version-history":[{"count":4,"href":"http:\/\/www.susannavaris.com\/blogg\/wp-json\/wp\/v2\/posts\/9390\/revisions"}],"predecessor-version":[{"id":9393,"href":"http:\/\/www.susannavaris.com\/blogg\/wp-json\/wp\/v2\/posts\/9390\/revisions\/9393"}],"wp:attachment":[{"href":"http:\/\/www.susannavaris.com\/blogg\/wp-json\/wp\/v2\/media?parent=9390"}],"wp:term":[{"taxonomy":"category","embeddable":true,"href":"http:\/\/www.susannavaris.com\/blogg\/wp-json\/wp\/v2\/categories?post=9390"},{"taxonomy":"post_tag","embeddable":true,"href":"http:\/\/www.susannavaris.com\/blogg\/wp-json\/wp\/v2\/tags?post=9390"}],"curies":[{"name":"wp","href":"https:\/\/api.w.org\/{rel}","templated":true}]}}