{"id":9488,"date":"2013-04-14T12:49:23","date_gmt":"2013-04-14T10:49:23","guid":{"rendered":"http:\/\/www.susannavaris.com\/blogg\/?p=9488"},"modified":"2013-04-14T13:04:37","modified_gmt":"2013-04-14T11:04:37","slug":"frukost-och-blodtryck","status":"publish","type":"post","link":"http:\/\/www.susannavaris.com\/blogg\/2013\/04\/frukost-och-blodtryck\/","title":{"rendered":"Frukost och blodtryck"},"content":{"rendered":"<p><a href=\"http:\/\/www.susannavaris.com\/blogg\/wp-content\/uploads\/2013\/04\/ae9.jpg\"><img loading=\"lazy\" decoding=\"async\" class=\"aligncenter size-full wp-image-9490\" alt=\"ae9\" src=\"http:\/\/www.susannavaris.com\/blogg\/wp-content\/uploads\/2013\/04\/ae9.jpg\" width=\"894\" height=\"1205\" srcset=\"http:\/\/www.susannavaris.com\/blogg\/wp-content\/uploads\/2013\/04\/ae9.jpg 894w, http:\/\/www.susannavaris.com\/blogg\/wp-content\/uploads\/2013\/04\/ae9-222x300.jpg 222w, http:\/\/www.susannavaris.com\/blogg\/wp-content\/uploads\/2013\/04\/ae9-759x1024.jpg 759w\" sizes=\"auto, (max-width: 894px) 100vw, 894px\" \/><\/a><\/p>\n<p>&nbsp;<\/p>\n<p style=\"text-align: center;\"><em>Amelia Earhart. Observera att ingen skugga ska falla \u00f6ver de kvinnliga piloterna i inl\u00e4gget, min kritik g\u00e4ller enbart DN och tidningens journalistik och agenda.<\/em><\/p>\n<p>Jaha. Jag gick upp, kokade kaffe, gjorde i ordning en tallrik m\u00fcsli och fil, kokade \u00e4gg, satte mig ner och \u00f6ppnade DN. Egentligen beh\u00f6vde jag inte ens \u00f6ppna den, redan p\u00e5 f\u00f6rsta sidan m\u00f6ttes jag av det f\u00f6rsta k\u00f6nspolitiska inslaget om hur sv\u00e5rt det \u00e4r f\u00f6r kvinnliga piloter, men vilka hj\u00e4ltar de \u00e4r som f\u00f6ljer sin dr\u00f6m trots m\u00e4nnens motst\u00e5nd. \u00c5ter har vi allts\u00e5 de hemska m\u00e4nnen som hindrar kvinnor fr\u00e5n det ena och det andra.<\/p>\n<p>I artikeln kan man l\u00e4sa saker som:<\/p>\n<blockquote><p>&#8221;Att flyga blev en tidig frig\u00f6relse f\u00f6r kvinnor \u2013 trots m\u00e5nga m\u00e4ns h\u00e5rda motst\u00e5nd.&#8221;<\/p>\n<p>&#8221;Redan i b\u00f6rjan av 1900-talet hade kvinnor med god ekonomi revolterat genom att till exempel l\u00e4ra sig flyga, k\u00f6ra racerbil och ge sig ut p\u00e5 dj\u00e4rva expeditioner. De dr\u00f6mde om ett \u00e4ventyrligt liv och ville inte bli inst\u00e4ngda i \u00e4ktenskap d\u00e4r mannen var den som best\u00e4mde.<\/p>\n<p>Men kampen f\u00f6r att flyga var inte enkel \u2013 motst\u00e5ndet fr\u00e5n m\u00e4n som ville beh\u00e5lla kunskapen f\u00f6r sig sj\u00e4lva var starkt.&#8221;<\/p><\/blockquote>\n<p>Om den tidiga flygaren Hedvig Nordvall:<\/p>\n<blockquote><p>&#8221;Under flera \u00e5r arbetade Hedvig Nordvall som l\u00e4rare, kontorist och mekaniker p\u00e5 flygskolan utanf\u00f6r Ystad innan den st\u00e4ngde 1936. Hon lyckades f\u00e5 arbete i Malm\u00f6 d\u00e4r hon guidade bes\u00f6kare i den stora hangaren p\u00e5 Bulltofta flygplats.<\/p>\n<p>P\u00e5 fritiden tog Hedvig flygcertfikat, men det drogs in redan efter ett \u00e5r p\u00e5 grund av hennes d\u00e5liga syn. Hon fortsatte dock att \u201dsvartflyga\u201d. N\u00e4r andra v\u00e4rldskriget br\u00f6t ut f\u00f6r\u00e4ndrades allt. Hedvig blev krigsplacerad p\u00e5 Saabs fabrik i Trollh\u00e4ttan \u2013 och visade under resten av livet inte n\u00e5got intresse f\u00f6r att flyga igen.&#8221;<\/p><\/blockquote>\n<p>Vilket monumentalt motst\u00e5nd mot hennes flygande!<\/p>\n<blockquote><p>&#8221;En annan kvinna som verkligen l\u00e4ngtade efter att f\u00e5 lyfta fr\u00e5n marken var Elsa Andersson. I b\u00f6rjan av 1920-talet br\u00f6t mot alla manliga normer, och utbildade sig till b\u00e5de pilot och fallsk\u00e4rmshoppare.<\/p>\n<p>Den 30 juni 1920 blev hon Sveriges f\u00f6rsta kvinna att ta flygcertifikat.<\/p>\n<p>Hon ville \u00e4ven utbilda sig till fallsk\u00e4rmshoppare, men den enda experten i landet p\u00e5 omr\u00e5det v\u00e4grade att l\u00e4ra kvinnor denna \u00e4dla konst.&#8221;<\/p><\/blockquote>\n<p>Det tycks handla om Raoul Th\u00f6rnblad, som av ok\u00e4nd anledning inte ville l\u00e4ra kvinnor fallsk\u00e4rmshopp. Andersson \u00e5kte ist\u00e4llet iv\u00e4g till Berlin och Otto Heineckes skola och fick undervisning d\u00e4r.<\/p>\n<p>Sj\u00e4lvklart finns lite fakta med och h\u00e4r kan vi se den skriande avvikelsen fr\u00e5n 50\/50-normen:<\/p>\n<blockquote><p>&#8221;Det finns en kvinnlig stridspilot i det svenska flygvapnet.<\/p>\n<p>Runt 240 kvinnor i Sverige har flygcertifikat. Det kan j\u00e4mf\u00f6ras med runt 2200 m\u00e4n, eller tio g\u00e5nger s\u00e5 m\u00e5nga.<\/p>\n<p>Det finns 1718 segelflygare i Sverige &#8211; av dem \u00e4r 55 kvinnor.&#8221;<\/p><\/blockquote>\n<p>Mera fakta:<\/p>\n<blockquote><p>&#8221;De f\u00f6rsta kvinnliga piloterna bar en stark frihetsl\u00e4ngtan och k\u00e4nde sig ofta inst\u00e4ngda i ett samh\u00e4lle d\u00e4r m\u00e4nnen h\u00e4rskade \u2013 b\u00e5de i yrkeslivet och i familjelivet. Att flyga blev f\u00f6r m\u00e5nga kvinnor b\u00e5de en v\u00e4g att b\u00e5de fly och att f\u00f6rverkliga sig sj\u00e4lv.&#8221;<\/p>\n<p>[&#8230;]<\/p>\n<p>&#8221;Tyskan Amelie Beese blev landets f\u00f6rsta kvinnliga pilot 1911. Under utbildningen utsattes hennes plan f\u00f6r flera sabotage av manliga kurskamrater. I december tog hon sitt liv i en l\u00e4genhet i Berlin.&#8221;<\/p><\/blockquote>\n<p>Tre kvinnliga piloter portr\u00e4tteras ocks\u00e5 och i artikeln om Lena Lindeberg skrivs:<\/p>\n<blockquote><p>&#8221;S\u00e5 blev hon tillsammans med en norsk pilot p\u00e5 samma f\u00f6retag och de best\u00e4mde sig f\u00f6r att s\u00f6ka ett s\u00e5 kallat \u201dgreen card\u201d f\u00f6r att kunna stanna kvar i USA. Lena och pojkv\u00e4nnen hade samma meriter, samma utbildning och ans\u00f6kningarna var ifyllda p\u00e5 samma s\u00e4tt. Hon fick nej p\u00e5 sin ans\u00f6kan, han ett okej.<\/p>\n<p>\u2013\u2009Om mitt avslag berodde p\u00e5 att jag \u00e4r kvinna? Jag har aldrig t\u00e4nkt i de banorna. \u00c4ven om jag betraktar mig som feminist har jag aldrig velat se mig som ett offer. Vare sig d\u00e5 eller senare i livet, s\u00e4ger hon.&#8221;<\/p><\/blockquote>\n<p>Lindeberg har sj\u00e4lv inte uppfattat den k\u00f6nsdiskriminering som DN menar s\u00e4kert finns d\u00e4r&#8230;<\/p>\n<p>Barbara Sil\u00e9n, en annan av piloterna:<\/p>\n<blockquote>\n<h5>&#8221;Har du sj\u00e4lv m\u00f6tt n\u00e5gra f\u00f6rdomar?<\/h5>\n<p>\u2013\u2009N\u00e4r jag b\u00f6rjade flyga i Schweiz menade en l\u00e4rare att om Gud hade velat att kvinnor skulle flyga s\u00e5 skulle han ha utrustat oss med vingar. H\u00e4r i Sverige har jag inte st\u00f6tt p\u00e5 n\u00e5got liknande, snarare tycker de flesta att det verkar h\u00e4ftigt att flyga och \u00e4r nyfikna p\u00e5 vad jag g\u00f6r.&#8221;<\/p><\/blockquote>\n<p>Ja, se d\u00e4r, lite f\u00f6rdomar gick allt att vaska fram.<\/p>\n<p>I kulturdelen har Bj\u00f6rn Wiman anammat Gunilla Molloys teser om det icke-manliga l\u00e4sandet:<\/p>\n<blockquote><p><strong>&#8221;En av Gunilla Molloys teser\u00a0<\/strong>\u00e4r att sk\u00f6nlitteraturen har en vital roll i en demokrati och att sk\u00e4let till att pojkar inte l\u00e4ser \u00e4r en fr\u00e5ga om manlig identitet: \u201dOm vuxna m\u00e4n inte l\u00e4ser b\u00f6cker, s\u00e5 kommer inte deras s\u00f6ner att g\u00f6ra det.\u201d<\/p>\n<p>S\u00e4kert hade ocks\u00e5 Dag Hammarskj\u00f6ld \u2013 ekonomen som blev akademiledamot \u2013 f\u00f6rst\u00e5tt vad det handlar om. Det \u00e4r en detalj som ser ut som en tanke att hans bok \u201dV\u00e4gm\u00e4rken\u201d finns insmugen som kv\u00e4llslektyr i SVT-serien \u201dMolanders\u201d \u2013 med en man som l\u00e4sare. Antingen f\u00e5r det ses som en f\u00f6rsynt fingervisning om att ocks\u00e5 haikudikter har en roll att spela i demokratin \u2013 eller som en uppmaning till dagens m\u00e4n att sluta g\u00f6ra sig dummare \u00e4n vad de \u00e4r.&#8221;<\/p><\/blockquote>\n<p>M\u00e4nnen \u00e4r fel, beter sig fel och g\u00f6r sig dummare \u00e4n de \u00e4r allts\u00e5.<\/p>\n<p>Till sist hann jag tyv\u00e4rr kika p\u00e5 Ingeg\u00e4rd Waaranper\u00e4s recension av Teater Brunnsgatan Fyras upps\u00e4ttning av Kawa Zolfagarys <em>Vita kr\u00e4nkta M\u00e4n.<\/em> Som v\u00e4ntat \u00e4r detta en upps\u00e4ttning helt i DN Kulturs smak. Jag hade inte t\u00e4nkt att till\u00e4gna den n\u00e5gon uppm\u00e4rksamhet, men det \u00e4r en orwellsk k\u00e4nsla som infinner sig; krig \u00e4r fred och k\u00e4rlek \u00e4r hat. Antifeminister, P\u00e4r Str\u00f6m, hat och misslyckade looserm\u00e4n \u00e4r samma sak, precis som den av Sveland och andra mediafeminister hopsnickrade f\u00f6rklaringsmodellen anger.<\/p>\n<blockquote><p><a href=\"http:\/\/www.susannavaris.com\/blogg\/wp-content\/uploads\/2013\/04\/lokauppi.jpg\"><img loading=\"lazy\" decoding=\"async\" class=\"aligncenter size-full wp-image-9489\" alt=\"lokauppi\" src=\"http:\/\/www.susannavaris.com\/blogg\/wp-content\/uploads\/2013\/04\/lokauppi.jpg\" width=\"203\" height=\"419\" srcset=\"http:\/\/www.susannavaris.com\/blogg\/wp-content\/uploads\/2013\/04\/lokauppi.jpg 203w, http:\/\/www.susannavaris.com\/blogg\/wp-content\/uploads\/2013\/04\/lokauppi-145x300.jpg 145w\" sizes=\"auto, (max-width: 203px) 100vw, 203px\" \/><\/a>\u00a0&#8221;Kawa Zolfagarys bok \u201dVita kr\u00e4nkta m\u00e4n\u201d som bygger p\u00e5 hans Facebookgrupp med samma namn, d\u00e4r han samlade manliga n\u00e4thatares mest oh\u00e4mmade anti\u00adfeministiska, antiintellektuella och rasistiska inl\u00e4gg, har gjorts p\u00e5 scen f\u00f6rut som h\u00f6gl\u00e4sning. Redan d\u00e5 med stor publik dragningskraft och elak humor. Det \u00e4r sk\u00f6nt att skratta \u00e5t det skr\u00e4mmande.&#8221;<\/p>\n<p>[&#8230;]<\/p>\n<p><strong>&#8221;Liten, blek,\u00a0<\/strong>i m\u00f6rk kostym och med t\u00e4nderna i oordning \u00e4r Kauppi inte s\u00e5 olik en av v\u00e5ra mer k\u00e4nda genusdebatt\u00f6rer P\u00e4r Str\u00f6m.&#8221;<\/p>\n<p>[&#8230;]<\/p>\n<p><strong>&#8221;I Figge Norlings regi\u00a0<\/strong>jobbar Lo Kauppi mycket med glipan mellan den manligt sj\u00e4lvs\u00e4kra fasaden och os\u00e4kerheten undertill. Med fumligt ritade kurvor pekar hon ut hur m\u00e4n f\u00f6rtrycks i v\u00e5rt politiskt korrekta, genomfeministiska samh\u00e4lle. Statistiken hon citerar fr\u00e5n chatt\u00adinl\u00e4ggen \u00e4r underbart obesv\u00e4rad av all verklighet. Skygga blickar p\u00e5 publiken underminerar det auktoritativa tonfallet. Det \u00e4r infamt roligt.<\/p>\n<p>I denna inramning blir ocks\u00e5 de mest aggressiva utsagor som projiceras p\u00e5 v\u00e4ggen avkl\u00e4dda och desarmerade. Inuti varje vr\u00e5lande fitthatare anas en naken o\u00e4lskad pojke, en som kvinnorna tittar f\u00f6rbi, som aldrig f\u00e5r ligga och som inte t\u00f6rs tala i samtalston utan m\u00e5ste skrika. Helt klart \u00e4r detta en roande h\u00e4mnd f\u00f6r alla hotade och skr\u00e4mda, men det lyckas ocks\u00e5 bli en bekl\u00e4mmande, lite r\u00f6rande bild av en massa ensamma, sorgliga m\u00e4n d\u00e4r ute, och av en viss sorts manlighets existentiella kris.&#8221;<\/p><\/blockquote>\n<p>Japp. All kritik mot feminismen fint pakterat ihop med loosers till m\u00e4n, kryddat med P\u00e4r Str\u00f6m, som den evige hatfiguren f\u00f6r feministerna och alltihopa etiketterat som hat. J\u00e4mst\u00e4lldhetsdebatt, n\u00e5gon? H\u00e4r ska fan inte debatteras, den som v\u00e5gar ifr\u00e5gas\u00e4tta dekretet om k\u00f6nsmaktsordningen ska rullas i tj\u00e4ra, bespottas, h\u00e5nas och f\u00f6rhoppningsvis tystas f\u00f6r alltid (<a href=\"http:\/\/www.susannavaris.com\/blogg\/2013\/03\/asiktsfriheten-snart-ett-minne-blott\/\">Rapport fr\u00e5n Nordiska R\u00e5det<\/a>). Inga avvikande \u00e5sikter \u00e4r \u00f6nskv\u00e4rda. M\u00e4n \u00e4r inte f\u00f6rf\u00f6rdelade f\u00f6r det \u00e4r kvinnors PRIVILEGIUM att vara det, s\u00e5 h\u00e5ll k\u00e4ften och hacka i dig, ty du \u00e4r en elak och ond f\u00f6rtryckare (\u00e4ven om du sitter i din ensamma stuga, \u00f6vergiven av fru och barn och utan arbete).<\/p>\n<p>T\u00e4nk ens tanken att en kreddig, liten teater med fina anor s\u00e4tter upp en pj\u00e4s av n\u00e5gon fr\u00e5n Avpixlat eller Flashback, trycker ihop allehanda uppkastningar undertecknade &#8221;feminister&#8221; och st\u00e4ller en karikatyrfigur av Maria Sveland p\u00e5 scenen. I upps\u00e4ttningen m\u00e5lar man upp en bild av misslyckade, fula, manshatande feminister:<\/p>\n<blockquote><p>&#8221;I denna inramning blir ocks\u00e5 de mest aggressiva utsagor som projiceras p\u00e5 v\u00e4ggen avkl\u00e4dda och desarmerade. Inuti varje vr\u00e5lande kukhatare anas en naken o\u00e4lskad flicka, en som m\u00e4nnen tittar f\u00f6rbi, som aldrig f\u00e5r ligga och som inte t\u00f6rs tala i samtalston utan m\u00e5ste skrika.\u00a0Helt klart \u00e4r detta en roande h\u00e4mnd f\u00f6r alla hotade och skr\u00e4mda, men det lyckas ocks\u00e5 bli en bekl\u00e4mmande, lite r\u00f6rande bild av en massa ensamma, sorgliga kvinnor d\u00e4r ute, och av en viss sorts kvinnlighetens existentiella kris.&#8221;<\/p><\/blockquote>\n<p>Men visst n\u00e4, det \u00e4r ju m\u00e4nnen som \u00e4r f\u00f6rtryckare, s\u00e5 d\u00e5 funkar det inte s\u00e5? Eller? F\u00e5r jag p\u00e5minna om att kvinnor i Sverige har alla, samma r\u00e4ttigheter som m\u00e4nnen har, samt n\u00e5gra till. Lagstiftningsm\u00e4ssigt \u00e4r det tyv\u00e4rr faktiskt m\u00e4n som \u00e4r diskriminerade. Oavsett vad Waaranper\u00e4 tycker. Sedan har b\u00e5da k\u00f6nen sina specifika problemomr\u00e5den, n\u00e5got som bland annat P\u00e4r Str\u00f6m ville visa p\u00e5 p\u00e5 sitt tillspetsade s\u00e4tt, men det \u00e4r tyv\u00e4rr inget som intresserar mediafeminismen. D\u00e4r \u00e4r man mera intresserad av att hata och h\u00e5na (vita) m\u00e4n (och g\u00e4rna g\u00f6ra sig en hacka och s\u00e4tta sig sj\u00e4lv p\u00e5 kartan samtidigt), som nu i denna upps\u00e4ttning. Eller har jag missat n\u00e5got, p\u00e5 vad s\u00e4tt fr\u00e4mjar en upps\u00e4ttning som denna n\u00e5gon form av dialog?<\/p>\n<p>B\u00e4st att jag lugnar ner mig nu. Jag \u00f6verg\u00e5r till Kalle Anka. Kvalitetskultur i j\u00e4mf\u00f6relse.<\/p>\n<p>&nbsp;<\/p>\n","protected":false},"excerpt":{"rendered":"<p>&nbsp; Amelia Earhart. Observera att ingen skugga ska falla \u00f6ver de kvinnliga piloterna i inl\u00e4gget, min kritik g\u00e4ller enbart DN och tidningens journalistik och agenda. Jaha. Jag gick upp, kokade kaffe, gjorde i ordning en tallrik m\u00fcsli och fil, kokade &hellip; <a href=\"http:\/\/www.susannavaris.com\/blogg\/2013\/04\/frukost-och-blodtryck\/\">Forts\u00e4tt l\u00e4sa <span class=\"meta-nav\">&rarr;<\/span><\/a><\/p>\n","protected":false},"author":1,"featured_media":0,"comment_status":"open","ping_status":"open","sticky":false,"template":"","format":"standard","meta":{"footnotes":""},"categories":[178,181,259,1321,1928,1162,589,1,590,303],"tags":[2936,175,4900,2932,4899,2933,1460,2935,2800,2934,2276,2799],"class_list":["post-9488","post","type-post","status-publish","format-standard","hentry","category-blodtryckshojare","category-feminism","category-genusvetenskap","category-jamstalldhet","category-journalistik","category-kultur","category-medier","category-okategoriserade","category-politik","category-religion","tag-amelia-earhart","tag-dn","tag-feminism","tag-figge-norling","tag-genus","tag-ingegard-waaranpera","tag-kawa-zolfagary","tag-kvinnlig-pilot","tag-lo-kauppi","tag-pilot","tag-teater-brunnsgatan-fyra","tag-vita-krankta-man"],"_links":{"self":[{"href":"http:\/\/www.susannavaris.com\/blogg\/wp-json\/wp\/v2\/posts\/9488","targetHints":{"allow":["GET"]}}],"collection":[{"href":"http:\/\/www.susannavaris.com\/blogg\/wp-json\/wp\/v2\/posts"}],"about":[{"href":"http:\/\/www.susannavaris.com\/blogg\/wp-json\/wp\/v2\/types\/post"}],"author":[{"embeddable":true,"href":"http:\/\/www.susannavaris.com\/blogg\/wp-json\/wp\/v2\/users\/1"}],"replies":[{"embeddable":true,"href":"http:\/\/www.susannavaris.com\/blogg\/wp-json\/wp\/v2\/comments?post=9488"}],"version-history":[{"count":6,"href":"http:\/\/www.susannavaris.com\/blogg\/wp-json\/wp\/v2\/posts\/9488\/revisions"}],"predecessor-version":[{"id":9493,"href":"http:\/\/www.susannavaris.com\/blogg\/wp-json\/wp\/v2\/posts\/9488\/revisions\/9493"}],"wp:attachment":[{"href":"http:\/\/www.susannavaris.com\/blogg\/wp-json\/wp\/v2\/media?parent=9488"}],"wp:term":[{"taxonomy":"category","embeddable":true,"href":"http:\/\/www.susannavaris.com\/blogg\/wp-json\/wp\/v2\/categories?post=9488"},{"taxonomy":"post_tag","embeddable":true,"href":"http:\/\/www.susannavaris.com\/blogg\/wp-json\/wp\/v2\/tags?post=9488"}],"curies":[{"name":"wp","href":"https:\/\/api.w.org\/{rel}","templated":true}]}}