{"id":9497,"date":"2013-04-17T10:38:12","date_gmt":"2013-04-17T08:38:12","guid":{"rendered":"http:\/\/www.susannavaris.com\/blogg\/?p=9497"},"modified":"2013-04-17T17:06:23","modified_gmt":"2013-04-17T15:06:23","slug":"malin-ullgren-ser-ingen-konsensuselit","status":"publish","type":"post","link":"http:\/\/www.susannavaris.com\/blogg\/2013\/04\/malin-ullgren-ser-ingen-konsensuselit\/","title":{"rendered":"Malin Ullgren ser ingen konsensuselit"},"content":{"rendered":"<p style=\"text-align: center;\"><a href=\"http:\/\/www.susannavaris.com\/blogg\/wp-content\/uploads\/2013\/04\/malin2301635_520_292.jpg\"><img loading=\"lazy\" decoding=\"async\" class=\"aligncenter size-full wp-image-9498\" alt=\"malin2301635_520_292\" src=\"http:\/\/www.susannavaris.com\/blogg\/wp-content\/uploads\/2013\/04\/malin2301635_520_292.jpg\" width=\"520\" height=\"292\" srcset=\"http:\/\/www.susannavaris.com\/blogg\/wp-content\/uploads\/2013\/04\/malin2301635_520_292.jpg 520w, http:\/\/www.susannavaris.com\/blogg\/wp-content\/uploads\/2013\/04\/malin2301635_520_292-300x168.jpg 300w\" sizes=\"auto, (max-width: 520px) 100vw, 520px\" \/><\/a>\u00a0<em>Malin Ullgren. Bild fr\u00e5n SR<\/em><\/p>\n<p>I dagens DN\u00a0<a href=\"http:\/\/www.dn.se\/kultur-noje\/malin-ullgren-nej-yttrandefriheten-hotas-inte-av-en-feministisk-konsensuselit\">menar<\/a> Malin Ullgren att yttrandefriheten inte alls hotas av n\u00e5gon feministisk konsensuselit. Det kan f\u00f6rst\u00e5s vara sv\u00e5rt att se att yttrandefriheten skulle vara hotad p\u00e5 DN Kultur, eftersom man d\u00e4r inte har n\u00e5gra personer som skulle f\u00e5 f\u00f6r sig att anf\u00f6ra n\u00e5got annat \u00e4n feministiska pamfletter.<\/p>\n<p>Har Ullgren helt missat Maria Svelands och Mattias Gardells, bland andra, pigga f\u00f6rslag hos Nordiska R\u00e5det om att <a href=\"http:\/\/www.susannavaris.com\/blogg\/2013\/03\/asiktsfriheten-snart-ett-minne-blott\/\">f\u00f6rbjuda kritik av feminismen<\/a>? Tv\u00e5 journalister som f\u00f6rknippas med &#8221;feminism och antirasism&#8221; (i Gardells fall eftersom han st\u00e5r p\u00e5 r\u00e4tt sida i konflikten, mot Israel). Har tidningen ens noterat att rapporten existerar? Har man skrivit om den? Nej.<\/p>\n<blockquote><p>&#8221;Det sorgliga, om man t\u00e4nker p\u00e5 verklighetens f\u00f6rlust mot vanf\u00f6rest\u00e4llningen, \u00e4r att det hot om politiskt v\u00e5ld som faktiskt riktas mot journalister i Sverige, just g\u00e4rna riktas mot journalister som f\u00f6rknippas med anti-rasism och feminism.&#8221;<\/p><\/blockquote>\n<p>Vad har Ullgren f\u00f6r bel\u00e4gg f\u00f6r det h\u00e4r p\u00e5st\u00e5endet? Handlar det om samma slags &#8221;sanning&#8221; som att <a href=\"http:\/\/www.bra.se\/bra\/publikationer\/arkiv\/publikationer\/2009-05-28-vald-mot-kvinnor-och-man-i-nara-relationer.html\">relationsv\u00e5ld<\/a>\u00a0best\u00e5r av &#8221;m\u00e4ns v\u00e5ld mot kvinnor&#8221;? \u00c4r Fogelberg, Aschberg och Josefsson, aprop\u00e5 debaclet p\u00e5 Gr\u00e4v 2013, specifikt antirasistiska och feministiska journalister? Alla hade de blivit utsatta. (Inte f\u00f6r att dessa herrar skulle vara n\u00e5gon slags motsats till det ovan n\u00e4mnda, men jag har inte upplevt dem som just s\u00e4rskilt antirasistiska och feministiska).<\/p>\n<blockquote><p>&#8221;\u00c4nd\u00e5 \u00e4r det inte dessa reella hot som \u00e5syftas, n\u00e4r till och med r\u00f6ststarka mediespelare h\u00e4vdar att m\u00e4nniskor \u00e4r r\u00e4dda f\u00f6r att yttra sig i svensk debatt.&#8221;<\/p><\/blockquote>\n<p>Priset f\u00f6r att framf\u00f6ra kritik mot t ex feminismen kan bli h\u00f6gt, socialt och karri\u00e4rsm\u00e4ssigt. De tv\u00e5 mest k\u00e4nda bloggarna och debatt\u00f6rerna i den genren, P\u00e4r Str\u00f6m och Pelle Billing, har b\u00e5da slutat. \u00c5tminstone i Str\u00f6ms fall eftersom priset blev f\u00f6r h\u00f6gt. M\u00e5nga som bloggar om \u00e4mnet v\u00e5gar inte eller k\u00e4nner obehag att g\u00f6ra detta under eget namn.<\/p>\n<blockquote><p>&#8221;Jag ser tre huvudsakliga orsaker till f\u00f6rest\u00e4llningen att det finns en elit som kv\u00e4ser samtalet.&#8221;<\/p><\/blockquote>\n<p>Inget av dessa \u00e4r f\u00f6rst\u00e5s att det verkligen skulle existera en s\u00e5dan elit.<\/p>\n<blockquote><p><strong>&#8221;F\u00f6r det f\u00f6rsta finns politiska intressen i att sprida<\/strong>\u00a0en s\u00e5dan van\u00adf\u00f6rest\u00e4llning. F\u00f6r den h\u00f6gerextrema r\u00f6relsen \u00e4r det en viktig strategi. Tyv\u00e4rr kan man nu se hur denna strategiska mytbildning, vanlig p\u00e5 sajter som Avpixlat, f\u00e5tt f\u00e4ste ocks\u00e5 bland namnkunniga journalister.&#8221;<\/p><\/blockquote>\n<p>Ja, Breivikar \u00e4r vi ju allihopa.<\/p>\n<blockquote><p>&#8221;En andra orsak till f\u00f6rest\u00e4llningen om att \u201dinte f\u00e5 s\u00e4ga\u201d tror jag \u00e4r n\u00e4tets alla m\u00f6jligheter att just s\u00e4ga saker. Om Janne Josefsson eller Stina Dabrowski f\u00e5r kritik f\u00f6r tv-program eller s\u00e5dant de sagt, stannar den kritiken inte l\u00e4ngre som ett hemligt fr\u00e4sande i tv-soffan. I st\u00e4llet uttrycks kritiken i en m\u00e4ngd kanaler p\u00e5 n\u00e4tet; tjafsigheten kan vara utmattande, och de m\u00e5ngfaldigade och ibland osakliga och sm\u00e4rtsamma omd\u00f6mena f\u00f6rv\u00e4xlas med en vilja att \u201dtysta\u201d.&#8221;<\/p><\/blockquote>\n<p>P\u00e5 samma s\u00e4tt som klumpiga och f\u00f6rkastliga kommentarer p\u00e5 n\u00e4tet blir till &#8221;kvinnohat&#8221; och blir till anledning f\u00f6r journalister som Sveland att vilja tysta all feminismkritik? Skillnaden \u00e4r ju att Sveland blir inbjuden till Nordiska R\u00e5det som &#8221;expert&#8221;.<\/p>\n<blockquote><p>&#8221;Den tredje orsaken \u00e4r att fler r\u00f6ster m\u00e5ste r\u00e4knas med i dag, fler \u00e4n f\u00f6r bara ett par decennier sedan: feminister, icke-vita, queerpersoner \u2013 alla har de beg\u00e4rt ordet och de kommer troligen inte att sl\u00e4ppa det frivilligt. Det inneb\u00e4r konkurrens om talutrymmet, en strid om verklighetsbeskrivningen och det inneb\u00e4r att gamla tolkningsf\u00f6retr\u00e4den ifr\u00e5gas\u00e4tts. Yttrandefriheten begagnas av fler och med en ny auktoritet i offentligheten.&#8221;<\/p><\/blockquote>\n<p>Vem p\u00e5 DN Kultur utmanar den feministiska och misandriska verklighetsbeskrivningen och tolkningsf\u00f6retr\u00e4det? Till exempel.<\/p>\n","protected":false},"excerpt":{"rendered":"<p>\u00a0Malin Ullgren. Bild fr\u00e5n SR I dagens DN\u00a0menar Malin Ullgren att yttrandefriheten inte alls hotas av n\u00e5gon feministisk konsensuselit. Det kan f\u00f6rst\u00e5s vara sv\u00e5rt att se att yttrandefriheten skulle vara hotad p\u00e5 DN Kultur, eftersom man d\u00e4r inte har n\u00e5gra &hellip; <a href=\"http:\/\/www.susannavaris.com\/blogg\/2013\/04\/malin-ullgren-ser-ingen-konsensuselit\/\">Forts\u00e4tt l\u00e4sa <span class=\"meta-nav\">&rarr;<\/span><\/a><\/p>\n","protected":false},"author":1,"featured_media":0,"comment_status":"open","ping_status":"open","sticky":false,"template":"","format":"standard","meta":{"footnotes":""},"categories":[178,181,259,1321,1928,1162,589,1,590,303],"tags":[4900,4899,4918,4922,760,1285,2855,2815,1605],"class_list":["post-9497","post","type-post","status-publish","format-standard","hentry","category-blodtryckshojare","category-feminism","category-genusvetenskap","category-jamstalldhet","category-journalistik","category-kultur","category-medier","category-okategoriserade","category-politik","category-religion","tag-feminism","tag-genus","tag-jamstalldhet","tag-journalistik","tag-malin-ullgren","tag-maria-sveland","tag-mattias-gardell","tag-nordiska-radet","tag-yttrandefrihet"],"_links":{"self":[{"href":"http:\/\/www.susannavaris.com\/blogg\/wp-json\/wp\/v2\/posts\/9497","targetHints":{"allow":["GET"]}}],"collection":[{"href":"http:\/\/www.susannavaris.com\/blogg\/wp-json\/wp\/v2\/posts"}],"about":[{"href":"http:\/\/www.susannavaris.com\/blogg\/wp-json\/wp\/v2\/types\/post"}],"author":[{"embeddable":true,"href":"http:\/\/www.susannavaris.com\/blogg\/wp-json\/wp\/v2\/users\/1"}],"replies":[{"embeddable":true,"href":"http:\/\/www.susannavaris.com\/blogg\/wp-json\/wp\/v2\/comments?post=9497"}],"version-history":[{"count":6,"href":"http:\/\/www.susannavaris.com\/blogg\/wp-json\/wp\/v2\/posts\/9497\/revisions"}],"predecessor-version":[{"id":9504,"href":"http:\/\/www.susannavaris.com\/blogg\/wp-json\/wp\/v2\/posts\/9497\/revisions\/9504"}],"wp:attachment":[{"href":"http:\/\/www.susannavaris.com\/blogg\/wp-json\/wp\/v2\/media?parent=9497"}],"wp:term":[{"taxonomy":"category","embeddable":true,"href":"http:\/\/www.susannavaris.com\/blogg\/wp-json\/wp\/v2\/categories?post=9497"},{"taxonomy":"post_tag","embeddable":true,"href":"http:\/\/www.susannavaris.com\/blogg\/wp-json\/wp\/v2\/tags?post=9497"}],"curies":[{"name":"wp","href":"https:\/\/api.w.org\/{rel}","templated":true}]}}