{"id":9506,"date":"2013-04-18T10:39:00","date_gmt":"2013-04-18T08:39:00","guid":{"rendered":"http:\/\/www.susannavaris.com\/blogg\/?p=9506"},"modified":"2013-04-18T10:41:42","modified_gmt":"2013-04-18T08:41:42","slug":"isabella-lowengrip-stretar-i-motvind","status":"publish","type":"post","link":"http:\/\/www.susannavaris.com\/blogg\/2013\/04\/isabella-lowengrip-stretar-i-motvind\/","title":{"rendered":"Isabella L\u00f6wengrip stretar i motvind"},"content":{"rendered":"<p style=\"text-align: center;\"><a href=\"http:\/\/www.susannavaris.com\/blogg\/wp-content\/uploads\/2013\/04\/egoboost.jpg\"><img loading=\"lazy\" decoding=\"async\" class=\"aligncenter size-full wp-image-9508\" alt=\"egoboost\" src=\"http:\/\/www.susannavaris.com\/blogg\/wp-content\/uploads\/2013\/04\/egoboost.jpg\" width=\"221\" height=\"293\" \/><\/a>\u00a0<em>Egoboost, en tidning grundad av L\u00f6wengrip.<\/em><\/p>\n<p>Isabella L\u00f6wengrip, alias Blondinbella, <a href=\"http:\/\/blondinbella.se\/2013\/04\/18\/fel-att-redovisa-kon-i-arsredovisning\/\">reagerar<\/a>\u00a0idag p\u00e5 sin blogg mot kravet att redovisa k\u00f6nsf\u00f6rdelning i styrelsen i \u00e5rsredovisningen.<\/p>\n<blockquote><p>&#8221;Det \u00e4r upp till varje bolag att best\u00e4mma vilka personer\/kompetenser man vill ha in och d\u00e5 spelar k\u00f6n ingen roll. Att tro att det h\u00e4r hj\u00e4lper kvinnor, med att tvinga bolagen att redovisa k\u00f6nsf\u00f6rdelningen, h\u00e5ller jag inte med om. Jag som tjej vill inte v\u00e4ljas in f\u00f6r att h\u00f6ja en j\u00e4kla procent i en \u00e5rsredovisning s\u00e5 att f\u00f6retaget f\u00e5r en klapp p\u00e5 axeln, utan f\u00f6r att jag \u00e4r jag.<\/p>\n<p>Inom en snar framtid kommer jag troligtvis sitta i en styrelse med bara kvinnor. Hur ska vi t\u00e4nka d\u00e5? Ska vi f\u00f6rs\u00f6ka leta upp en kille f\u00f6r att siffrorna ska se b\u00e4ttre ut\u00a0<em>eller<\/em>\u00a0driva f\u00f6retaget utifr\u00e5n s\u00e5som\u00a0<em>vi<\/em>\u00a0vill ha det. Att fokusera p\u00e5 k\u00f6nsf\u00f6rdelning n\u00e4r man driver bolag \u00e4r en galen felprioritering. Man v\u00e4ljer utifr\u00e5n kompetens och \u00e4r det st\u00f6rre m\u00e4ngd m\u00e4n eller kvinnor, ja vad spelar det f\u00f6r roll?&#8221;<\/p>\n<p>[&#8230;]<\/p>\n<p>&#8221;Jag tr\u00e4ffar kvinnor som sitter p\u00e5 tunga styrelseposter hela tiden. Det \u00e4r min vardag och aldrig n\u00e5gonsin har jag h\u00f6rt fr\u00e5n de att m\u00e4nnen skulle varit i v\u00e4gen.\u00a0Snarare deras egen sj\u00e4lvk\u00e4nsla.&#8221;<\/p><\/blockquote>\n<p>Det sistn\u00e4mnda tror jag personligen \u00e4r en stor del av f\u00f6rklaringen, i kombination med att proportionellt sett f\u00e4rre kvinnor vill satsa p\u00e5 den h\u00e4r typen av karri\u00e4r. Kvinnor, som grupp (som Schyman skulle s\u00e4ga), prioriterar st\u00f6rre kvalitet p\u00e5 familjelivet, sitt privatliv och sin h\u00e4lsa h\u00f6gre mer \u00e4n att g\u00f6ra de stora uppoffringar som karri\u00e4rer som leder till styrelsepositioner kr\u00e4ver. Det finns kvinnor som satsar p\u00e5 de h\u00e4r karri\u00e4rerna, men de \u00e4r inte lika m\u00e5nga som m\u00e4nnen.<\/p>\n<p>Det verkligt deprimerande \u00e4r m\u00e5nga av de kommentarer som inl\u00e4gget f\u00e5tt. L\u00f6wengrip kallas b\u00e5de omogen och okunnig (hon har sj\u00e4lv startat och drivit ett flertal bolag och haft m\u00e5nga anst\u00e4llda). En av de mer k\u00e4nda bloggarfeministerna skriver:<\/p>\n<p><a href=\"http:\/\/www.susannavaris.com\/blogg\/wp-content\/uploads\/2013\/04\/bella.jpg\"><img loading=\"lazy\" decoding=\"async\" class=\"aligncenter size-full wp-image-9507\" alt=\"bella\" src=\"http:\/\/www.susannavaris.com\/blogg\/wp-content\/uploads\/2013\/04\/bella.jpg\" width=\"511\" height=\"143\" srcset=\"http:\/\/www.susannavaris.com\/blogg\/wp-content\/uploads\/2013\/04\/bella.jpg 511w, http:\/\/www.susannavaris.com\/blogg\/wp-content\/uploads\/2013\/04\/bella-300x83.jpg 300w\" sizes=\"auto, (max-width: 511px) 100vw, 511px\" \/><\/a>Sj\u00e4lvklart har v\u00e4l inte k\u00f6nsf\u00f6rdelningen i styrelser n\u00e5got att g\u00f6ra med just kvinnors egna prioriteringar eller underlaget av kvinnor med erforderlig kompetens f\u00f6r styrelseuppdrag i den \u00e5ldersgrupp detta handlar om. Sj\u00e4lvklart har det v\u00e4l heller ingenting med kvinnors eget f\u00f6retagande att g\u00f6ra. Det r\u00e4cker inte heller att en kvinna \u00e4r kompetent, hon m\u00e5ste ocks\u00e5 <span style=\"text-decoration: underline;\">prioritera<\/span> den h\u00e4r formen av karri\u00e4r. Eller egentligen inte. Den 50\/50-vurmande delen av feminismen \u00e4r inte intresserad av kvinnors val eller prioriteringar, f\u00f6r den \u00e4r vi alla ett k\u00f6nspolitiskt instrument. Intressant nog \u00e4r dessa feminister sj\u00e4lva mer s\u00e4llan intresserade av att plugga till civilekonom, -ingenj\u00f6r eller jurist, jobba stenh\u00e5rt f\u00f6r karri\u00e4rer i n\u00e4ringslivet eller sn\u00f6a in sig i decennier p\u00e5 laboratorier f\u00f6r att kanske ha m\u00f6jligheten till nobelpris (ett annat omr\u00e5de d\u00e4r k\u00f6nsf\u00f6rdelning alltid debatteras fr\u00e5n feministh\u00e5ll). Det \u00e4r alltsomoftast n\u00e5gon annan som ska uppfylla den feministiska utopin om 50\/50-f\u00f6rdelning.<\/p>\n","protected":false},"excerpt":{"rendered":"<p>\u00a0Egoboost, en tidning grundad av L\u00f6wengrip. Isabella L\u00f6wengrip, alias Blondinbella, reagerar\u00a0idag p\u00e5 sin blogg mot kravet att redovisa k\u00f6nsf\u00f6rdelning i styrelsen i \u00e5rsredovisningen. &#8221;Det \u00e4r upp till varje bolag att best\u00e4mma vilka personer\/kompetenser man vill ha in och d\u00e5 spelar &hellip; <a href=\"http:\/\/www.susannavaris.com\/blogg\/2013\/04\/isabella-lowengrip-stretar-i-motvind\/\">Forts\u00e4tt l\u00e4sa <span class=\"meta-nav\">&rarr;<\/span><\/a><\/p>\n","protected":false},"author":1,"featured_media":0,"comment_status":"open","ping_status":"open","sticky":false,"template":"","format":"standard","meta":{"footnotes":""},"categories":[181,259,1321,589,1,590],"tags":[2460,284,1229,147,150,4900,4899,755,2937],"class_list":["post-9506","post","type-post","status-publish","format-standard","hentry","category-feminism","category-genusvetenskap","category-jamstalldhet","category-medier","category-okategoriserade","category-politik","tag-2460","tag-blogg","tag-bloggare","tag-blondinbella","tag-egoboost","tag-feminism","tag-genus","tag-isabella-lowengrip","tag-lady-dahmer"],"_links":{"self":[{"href":"http:\/\/www.susannavaris.com\/blogg\/wp-json\/wp\/v2\/posts\/9506","targetHints":{"allow":["GET"]}}],"collection":[{"href":"http:\/\/www.susannavaris.com\/blogg\/wp-json\/wp\/v2\/posts"}],"about":[{"href":"http:\/\/www.susannavaris.com\/blogg\/wp-json\/wp\/v2\/types\/post"}],"author":[{"embeddable":true,"href":"http:\/\/www.susannavaris.com\/blogg\/wp-json\/wp\/v2\/users\/1"}],"replies":[{"embeddable":true,"href":"http:\/\/www.susannavaris.com\/blogg\/wp-json\/wp\/v2\/comments?post=9506"}],"version-history":[{"count":4,"href":"http:\/\/www.susannavaris.com\/blogg\/wp-json\/wp\/v2\/posts\/9506\/revisions"}],"predecessor-version":[{"id":9512,"href":"http:\/\/www.susannavaris.com\/blogg\/wp-json\/wp\/v2\/posts\/9506\/revisions\/9512"}],"wp:attachment":[{"href":"http:\/\/www.susannavaris.com\/blogg\/wp-json\/wp\/v2\/media?parent=9506"}],"wp:term":[{"taxonomy":"category","embeddable":true,"href":"http:\/\/www.susannavaris.com\/blogg\/wp-json\/wp\/v2\/categories?post=9506"},{"taxonomy":"post_tag","embeddable":true,"href":"http:\/\/www.susannavaris.com\/blogg\/wp-json\/wp\/v2\/tags?post=9506"}],"curies":[{"name":"wp","href":"https:\/\/api.w.org\/{rel}","templated":true}]}}