{"id":9513,"date":"2013-04-18T21:45:23","date_gmt":"2013-04-18T19:45:23","guid":{"rendered":"http:\/\/www.susannavaris.com\/blogg\/?p=9513"},"modified":"2013-04-19T20:34:35","modified_gmt":"2013-04-19T18:34:35","slug":"kartlaggning-av-jamstalldismen","status":"publish","type":"post","link":"http:\/\/www.susannavaris.com\/blogg\/2013\/04\/kartlaggning-av-jamstalldismen\/","title":{"rendered":"Kartl\u00e4ggning av J\u00e4mst\u00e4lldismen"},"content":{"rendered":"<p style=\"text-align: center;\"><a href=\"http:\/\/www.susannavaris.com\/blogg\/wp-content\/uploads\/2013\/04\/uu1136042_520_292.jpg\"><img loading=\"lazy\" decoding=\"async\" class=\"aligncenter size-full wp-image-9514\" alt=\"uu1136042_520_292\" src=\"http:\/\/www.susannavaris.com\/blogg\/wp-content\/uploads\/2013\/04\/uu1136042_520_292.jpg\" width=\"520\" height=\"292\" srcset=\"http:\/\/www.susannavaris.com\/blogg\/wp-content\/uploads\/2013\/04\/uu1136042_520_292.jpg 520w, http:\/\/www.susannavaris.com\/blogg\/wp-content\/uploads\/2013\/04\/uu1136042_520_292-300x168.jpg 300w\" sizes=\"auto, (max-width: 520px) 100vw, 520px\" \/><\/a>\u00a0<em>Det h\u00e4nder saker p\u00e5 Uppsala Universitet&#8230;<\/em><\/p>\n<p>Olika former av kartl\u00e4ggningar av J\u00e4mst\u00e4lldismen, som nu tycks ha blivit identifierad som en r\u00f6relse, f\u00f6rsigg\u00e5r. \u00c4ven Crowbar har f\u00f6sts in i f\u00e5llan. Ja, jag finner den programf\u00f6rklaring, eller <a href=\"http:\/\/genusnytt.wordpress.com\/2012\/03\/16\/vad-vill-jamstalldisterna\/\">manifest<\/a>, kalla det vad ni vill, som P\u00e4r Str\u00f6m st\u00e4llt samman som mera verklighetsf\u00f6rankrad och humanistisk \u00e4n de g\u00e4ngse feministiska verklighetsbeskrivningen med en k\u00f6nsmaktsordning och med tilldelade, olika v\u00e4rden f\u00f6r kvinnor och m\u00e4n. Och ja, jag har en del kritik mot delar av feminismen och genusvetenskapen. Anti-feminist \u00e4r inte en korrekt beskrivning av mig, inte heller hatare.<\/p>\n<p>Bittergubben\u00a0<a href=\"http:\/\/bittergubben.wordpress.com\/2013\/04\/18\/ecpg-malin-holm-granskar-jamstalldismrorelsen\/\">beskriver i ett inl\u00e4gg idag<\/a>\u00a0en\u00a0<a href=\"https:\/\/docs.google.com\/viewer?a=v&amp;q=cache:_BpqKDcL4PQJ:www.ecpg-barcelona.com\/sites\/default\/files\/Men%2520who%2520hate%2520women%2520online_MalinHolm.pdf+&amp;hl=en&amp;gl=se&amp;pid=bl&amp;srcid=ADGEEShRf-SBxQeUt16rqIk6GZbEXMQs4z544yepdvF7qS5_NNAUMpMmyuuhlmUj-cc2TwrhOWFscBLBpZb0qPa0OvaHMmNUdYIzg_iEzi7hpaRM2N4X1DiXgMsPQSj7rce_iUOvyPAP&amp;sig=AHIEtbRxefYl8f6PTkEGXop7cS2ss2jLWQ\">rapport<\/a>, presenterad nyligen vid en\u00a0<a href=\"http:\/\/www.ecpg-barcelona.com\/\">konferens<\/a>\u00a0i Barcelona, d\u00e4r en Malin Holm kartl\u00e4gger anti-feminismen, givetvis hopbuntad med n\u00e4that, i Sverige. Ur Bittergubbens inl\u00e4gg:<\/p>\n<blockquote><p>&#8221;<strong>\u201cTheir basic claim is that the gender equality reforms and norms promoted by Swedish feminist movement, and the Swedish \u201cstate feminism\u201d, has led to a society where Swedish men now are discriminated against, and this needs to be stopped and changed to the advantage of men\u201d<\/strong><\/p>\n<p>Formuleringen p\u00e5 slutet \u00e4r tvetydig, den kan tolkas som att det efterfr\u00e5gas en privilegierad behandling av m\u00e4n, n\u00e5got som m\u00e5nga feminister p\u00e5st\u00e5r. Men den kan ocks\u00e5 l\u00e4sas som att f\u00f6r\u00e4ndringen fr\u00e5n mansdiskriminering till lika spelregler, att sj\u00e4lva f\u00f6r\u00e4ndringen skulle vara till m\u00e4ns f\u00f6rdel.&#8221;<\/p><\/blockquote>\n<p>Jag vill understryka att j\u00e4mst\u00e4lldismen p\u00e5 intet vis handlar om att ge m\u00e4n f\u00f6rdelar i f\u00f6rh\u00e5llande till kvinnor. Det borde tydligt framg\u00e5 av Str\u00f6ms uppst\u00e4llning.<\/p>\n<p>Min inst\u00e4llning ang\u00e5ende j\u00e4mst\u00e4lldhet \u00e4r j\u00e4mst\u00e4lldistisk. Del av en r\u00f6relse? Kanske. Anti-feminist? Nej. Hatisk? Knappast.<\/p>\n<p>Men detta och \u00e4ven andra indicier p\u00e5 samma tema pekar \u00e4nd\u00e5 \u00e5t att r\u00f6relsen J\u00e4mst\u00e4lldismen uppm\u00e4rksammas p\u00e5 fler och fler h\u00e5ll.<\/p>\n<p style=\"text-align: center;\"><a href=\"http:\/\/www.susannavaris.com\/blogg\/wp-content\/uploads\/2013\/04\/malinholm.jpg\"><img loading=\"lazy\" decoding=\"async\" class=\"aligncenter size-full wp-image-9516\" alt=\"malinholm\" src=\"http:\/\/www.susannavaris.com\/blogg\/wp-content\/uploads\/2013\/04\/malinholm.jpg\" width=\"609\" height=\"126\" srcset=\"http:\/\/www.susannavaris.com\/blogg\/wp-content\/uploads\/2013\/04\/malinholm.jpg 609w, http:\/\/www.susannavaris.com\/blogg\/wp-content\/uploads\/2013\/04\/malinholm-300x62.jpg 300w\" sizes=\"auto, (max-width: 609px) 100vw, 609px\" \/><\/a>\u00a0<em>Malin Holm sitter ocks\u00e5 i styrelsen f\u00f6r\u00a0<a href=\"http:\/\/www.feministiskforskning.se\/styrelsen\">Forum f\u00f6r Feministisk Forskning<\/a>\u00a0<\/em><\/p>\n<p style=\"text-align: center;\">(S\u00e5dana h\u00e4r konstruktioner f\u00e5r mig alltid att undra varf\u00f6r vi inte har till exempel moderat forskning? Eller kommunistisk forskning&#8230;?)<\/p>\n<p style=\"text-align: center;\">Andra inl\u00e4gg p\u00e5 samma tema:<\/p>\n<p style=\"text-align: center;\"><a href=\"http:\/\/genusdebatten.se\/vi-ar-under-lupp\/\">Genusdebatten<\/a><\/p>\n<p style=\"text-align: center;\"><a href=\"http:\/\/kimhzabremersbodega.wordpress.com\/2013\/04\/19\/jakten-ar-igang-fienden-ar-identifierad\/\">Kimhza Bremers Bodega<\/a><\/p>\n<p style=\"text-align: center;\"><a href=\"http:\/\/aktivarum.wordpress.com\/2013\/04\/18\/ecpg-i-barcelona-hade-forelasning-om-jamstalldismen-i-sverige\/\">Aktivarum<\/a><\/p>\n<p style=\"text-align: center;\"><a href=\"http:\/\/ekvalist.blogspot.se\/2013\/04\/bloggen-har-blivit-foremal-for-en.html\">Ekvalist<\/a><\/p>\n<p style=\"text-align: center;\"><a href=\"http:\/\/enstillaundran.wordpress.com\/2013\/04\/19\/vi-de-icke-kartlagda\/\">En Stilla Undran<\/a><\/p>\n<p style=\"text-align: center;\"><a href=\"http:\/\/toklandet.wordpress.com\/2013\/04\/18\/jag-ar-beromd\/\">Toklandet<\/a><\/p>\n<p style=\"text-align: center;\">F\u00f6r att underl\u00e4tta Malin Holms kartl\u00e4ggning kan alla intresserade registera sig hos:<\/p>\n<p style=\"text-align: center;\"><a href=\"http:\/\/genusdebatten.se\/missa-inte-den-vetenskapliga-kartlaggningen\/\">Genusdebatten kartl\u00e4ggning<\/a><\/p>\n","protected":false},"excerpt":{"rendered":"<p>\u00a0Det h\u00e4nder saker p\u00e5 Uppsala Universitet&#8230; Olika former av kartl\u00e4ggningar av J\u00e4mst\u00e4lldismen, som nu tycks ha blivit identifierad som en r\u00f6relse, f\u00f6rsigg\u00e5r. \u00c4ven Crowbar har f\u00f6sts in i f\u00e5llan. Ja, jag finner den programf\u00f6rklaring, eller manifest, kalla det vad ni &hellip; <a href=\"http:\/\/www.susannavaris.com\/blogg\/2013\/04\/kartlaggning-av-jamstalldismen\/\">Forts\u00e4tt l\u00e4sa <span class=\"meta-nav\">&rarr;<\/span><\/a><\/p>\n","protected":false},"author":1,"featured_media":0,"comment_status":"open","ping_status":"open","sticky":false,"template":"","format":"standard","meta":{"footnotes":""},"categories":[178,181,259,1321,1,590,403],"tags":[2818,2939,4900,2940,4899,4903,2938,2406,435],"class_list":["post-9513","post","type-post","status-publish","format-standard","hentry","category-blodtryckshojare","category-feminism","category-genusvetenskap","category-jamstalldhet","category-okategoriserade","category-politik","category-pseudovetenskap","tag-bittergubben","tag-european-conference-on-politics-and-gender","tag-feminism","tag-forum-for-feministisk-forskning","tag-genus","tag-genusvetenskap","tag-malin-holm","tag-statsvetenskap","tag-uppsala-universitet"],"_links":{"self":[{"href":"http:\/\/www.susannavaris.com\/blogg\/wp-json\/wp\/v2\/posts\/9513","targetHints":{"allow":["GET"]}}],"collection":[{"href":"http:\/\/www.susannavaris.com\/blogg\/wp-json\/wp\/v2\/posts"}],"about":[{"href":"http:\/\/www.susannavaris.com\/blogg\/wp-json\/wp\/v2\/types\/post"}],"author":[{"embeddable":true,"href":"http:\/\/www.susannavaris.com\/blogg\/wp-json\/wp\/v2\/users\/1"}],"replies":[{"embeddable":true,"href":"http:\/\/www.susannavaris.com\/blogg\/wp-json\/wp\/v2\/comments?post=9513"}],"version-history":[{"count":5,"href":"http:\/\/www.susannavaris.com\/blogg\/wp-json\/wp\/v2\/posts\/9513\/revisions"}],"predecessor-version":[{"id":9517,"href":"http:\/\/www.susannavaris.com\/blogg\/wp-json\/wp\/v2\/posts\/9513\/revisions\/9517"}],"wp:attachment":[{"href":"http:\/\/www.susannavaris.com\/blogg\/wp-json\/wp\/v2\/media?parent=9513"}],"wp:term":[{"taxonomy":"category","embeddable":true,"href":"http:\/\/www.susannavaris.com\/blogg\/wp-json\/wp\/v2\/categories?post=9513"},{"taxonomy":"post_tag","embeddable":true,"href":"http:\/\/www.susannavaris.com\/blogg\/wp-json\/wp\/v2\/tags?post=9513"}],"curies":[{"name":"wp","href":"https:\/\/api.w.org\/{rel}","templated":true}]}}