{"id":9541,"date":"2013-04-22T10:48:32","date_gmt":"2013-04-22T08:48:32","guid":{"rendered":"http:\/\/www.susannavaris.com\/blogg\/?p=9541"},"modified":"2013-04-22T18:56:35","modified_gmt":"2013-04-22T16:56:35","slug":"dn-feminism-fortsatter","status":"publish","type":"post","link":"http:\/\/www.susannavaris.com\/blogg\/2013\/04\/dn-feminism-fortsatter\/","title":{"rendered":"DN Feminism forts\u00e4tter"},"content":{"rendered":"<p style=\"text-align: center;\"><a href=\"http:\/\/www.susannavaris.com\/blogg\/wp-content\/uploads\/2013\/04\/beate.jpg\"><img loading=\"lazy\" decoding=\"async\" class=\"aligncenter size-full wp-image-9542\" alt=\"beate\" src=\"http:\/\/www.susannavaris.com\/blogg\/wp-content\/uploads\/2013\/04\/beate.jpg\" width=\"657\" height=\"493\" srcset=\"http:\/\/www.susannavaris.com\/blogg\/wp-content\/uploads\/2013\/04\/beate.jpg 657w, http:\/\/www.susannavaris.com\/blogg\/wp-content\/uploads\/2013\/04\/beate-300x225.jpg 300w\" sizes=\"auto, (max-width: 657px) 100vw, 657px\" \/><\/a>\u00a0<em>Beate Zsch\u00e4pe<\/em><\/p>\n<p>Idag har jag hunnit ta del av endast ett par artiklar; en <a href=\"http:\/\/www.dn.se\/ledare\/huvudledare\/jakten-pa-ett-darfor\">artikel<\/a>\u00a0p\u00e5 ledarsidan, d\u00e4r man vill koppla terrorism hellre till bland annat k\u00f6n \u00e4n religion och Catia Hulqvist som <a href=\"http:\/\/www.dn.se\/kultur-noje\/kronikor\/catia-hultquist-det-ar-dags-att-vi-genomskadar-illusionen-av-var-fortraffliga-ja\">skriver<\/a>\u00a0om &#8221;den manliga blicken&#8221; exemplifierad med det danska programmet <a href=\"http:\/\/www.dr.dk\/tv\/program\/blachman\">Blachman<\/a>.<\/p>\n<blockquote><p><strong>&#8221;I st\u00e4llet f\u00f6r att<\/strong>\u00a0leta efter \u201ddet d\u00e4r\u201d i ett enskilt fall b\u00f6r vi titta p\u00e5 den samlade bilden av massmord och terrord\u00e5d i v\u00e4st. Och nej, d\u00e5 \u00e4r inte minsta gemensamma n\u00e4mnare att f\u00f6r\u00f6varna framf\u00f6r allt \u00e4r utl\u00e4ndska studenter, tjetjener eller muslimer. Det \u00e4r i st\u00e4llet att de \u00e4r av manligt k\u00f6n, ganska eller riktigt unga och ofta p\u00e5 ett eller annat vis utanf\u00f6r det \u201dvanliga\u201d samh\u00e4llet.<\/p>\n<p>Vare sig d\u00e5den kl\u00e4s i islamistisk, h\u00f6gerextrem eller \u2013 som vid skolmassakrer \u2013 apolitisk och icke-religi\u00f6s kl\u00e4dnad framtr\u00e4der en mer eller mindre socialt alienerad g\u00e4rningsman.<\/p>\n<p>[&#8230;]<\/p>\n<p>Medan Wall Street Journal argumenterar f\u00f6r ut\u00f6kad \u00f6vervakning av vissa grupper, dock inte unga, socialt kantiga, l\u00e4ttkr\u00e4nkta och arga m\u00e4n, finns andra som drar helt andra slutsatser.&#8221;<\/p><\/blockquote>\n<p>Det \u00e4r allts\u00e5 problematiskt att f\u00f6rknippa g\u00e4rningsm\u00e4n med en viss ideologi eller en viss religion, men det g\u00e5r utm\u00e4rkt att f\u00f6rknippa dem med ett k\u00f6n. Har man gl\u00f6mt <a href=\"http:\/\/www.svt.se\/nyheter\/sverige\/jihad-jane-darfor-forsokte-jag-morda-vilks\">Jihad Jane<\/a>\u00a0och\u00a0<a href=\"http:\/\/www.dn.se\/nyheter\/varlden\/nazistligans-enda-overlevande-atalas\">Beate Zsch\u00e4pe<\/a>? Eller r\u00e4knas kanske bara bombd\u00e5d och skjutningar?<\/p>\n<blockquote><p>&#8221;Men \u00e4nd\u00e5 finns sk\u00e4l att fundera \u00f6ver vad Wall Street Journal skulle s\u00e4ga om det skulle visa sig att n\u00e5gon eller n\u00e5gra inf\u00f6dda amerikaner varit delaktiga. D\u00e5 faller hela resonemanget.&#8221;<\/p><\/blockquote>\n<p>Vad skulle DN s\u00e4ga om det visade sig att n\u00e5gra kvinnor var involverade?<\/p>\n<p>Catia Hulquist tycker att det \u00e4r<\/p>\n<blockquote>\n<h1>&#8221;dags att vi genomsk\u00e5dar illusionen av v\u00e5r f\u00f6rtr\u00e4ffliga j\u00e4mst\u00e4lldhet&#8221;<\/h1>\n<\/blockquote>\n<p>Hennes exempel handlar allts\u00e5 om ett program som produceras och s\u00e4nds i Danmark, men av n\u00e5gon anledning \u00e4r det vi som ska genomsk\u00e5da illusionen om v\u00e5r f\u00f6rtr\u00e4ffliga j\u00e4mst\u00e4lldhet.<\/p>\n<blockquote><p><strong>&#8221;Jag ins\u00e5g ocks\u00e5 att den\u00a0<\/strong>mytomspunna manliga blicken str\u00e4cker sig l\u00e5ngt utanf\u00f6r modebranschen. F\u00f6rutom alla avkl\u00e4dda kvinnokroppar i medierna ser jag mansblicken avspeglas i hur vi kl\u00e4r oss: urringade karri\u00e4rkvinnor, mammor i burka, ton\u00e5rstjejer som g\u00f6mmer sig i huvtr\u00f6ja. Att f\u00f6rh\u00e5lla sig till den manliga sexualiteten \u00e4r ett \u00e5tagande s\u00e5 sj\u00e4lvklart att vi inte ens t\u00e4nker p\u00e5 det. Vi har gjort den manliga blicken till v\u00e5r egen.&#8221;<\/p><\/blockquote>\n<p>Kvinnor har, som bekant, ingen f\u00f6rm\u00e5ga till sj\u00e4lvst\u00e4ndigt t\u00e4nkande eller att fatta egna beslut. De kl\u00e4r sig i precis det som dikteras av de onda m\u00e4nnen. Det vore ju f\u00f6rtr\u00e4ffligt om Hultquist ville granska myten om den f\u00f6rtr\u00e4ffliga j\u00e4mst\u00e4lldheten \u00e4ven ur ett manligt perspektiv, men en s\u00e5dan ing\u00e5r kanske inte i hennes uppfattning om vad j\u00e4mst\u00e4lldhet \u00e4r.<\/p>\n<p style=\"text-align: center;\">\u00a0&#8211; : &#8211; : &#8211; : &#8211;<\/p>\n<p style=\"text-align: center;\">Ekvalist fyller p\u00e5 listan av kvinnliga terrorister\u00a0<a href=\"http:\/\/ekvalist.blogspot.se\/2013\/04\/alla-terrorister-ar-inte-lattkrankta-man.html\">h\u00e4r<\/a><\/p>\n","protected":false},"excerpt":{"rendered":"<p>\u00a0Beate Zsch\u00e4pe Idag har jag hunnit ta del av endast ett par artiklar; en artikel\u00a0p\u00e5 ledarsidan, d\u00e4r man vill koppla terrorism hellre till bland annat k\u00f6n \u00e4n religion och Catia Hulqvist som skriver\u00a0om &#8221;den manliga blicken&#8221; exemplifierad med det danska &hellip; <a href=\"http:\/\/www.susannavaris.com\/blogg\/2013\/04\/dn-feminism-fortsatter\/\">Forts\u00e4tt l\u00e4sa <span class=\"meta-nav\">&rarr;<\/span><\/a><\/p>\n","protected":false},"author":1,"featured_media":0,"comment_status":"open","ping_status":"open","sticky":false,"template":"","format":"standard","meta":{"footnotes":""},"categories":[178,181,259,674,1321,1928,1162,589,1,590,303],"tags":[2956,2954,2953,2250,175,4900,4899,4918,2955,1268,449],"class_list":["post-9541","post","type-post","status-publish","format-standard","hentry","category-blodtryckshojare","category-feminism","category-genusvetenskap","category-historia","category-jamstalldhet","category-journalistik","category-kultur","category-medier","category-okategoriserade","category-politik","category-religion","tag-beate-zschape","tag-bombning","tag-boston","tag-catia-hultquist","tag-dn","tag-feminism","tag-genus","tag-jamstalldhet","tag-jihad-jane","tag-skonhetsideal","tag-terrorism"],"_links":{"self":[{"href":"http:\/\/www.susannavaris.com\/blogg\/wp-json\/wp\/v2\/posts\/9541","targetHints":{"allow":["GET"]}}],"collection":[{"href":"http:\/\/www.susannavaris.com\/blogg\/wp-json\/wp\/v2\/posts"}],"about":[{"href":"http:\/\/www.susannavaris.com\/blogg\/wp-json\/wp\/v2\/types\/post"}],"author":[{"embeddable":true,"href":"http:\/\/www.susannavaris.com\/blogg\/wp-json\/wp\/v2\/users\/1"}],"replies":[{"embeddable":true,"href":"http:\/\/www.susannavaris.com\/blogg\/wp-json\/wp\/v2\/comments?post=9541"}],"version-history":[{"count":5,"href":"http:\/\/www.susannavaris.com\/blogg\/wp-json\/wp\/v2\/posts\/9541\/revisions"}],"predecessor-version":[{"id":9547,"href":"http:\/\/www.susannavaris.com\/blogg\/wp-json\/wp\/v2\/posts\/9541\/revisions\/9547"}],"wp:attachment":[{"href":"http:\/\/www.susannavaris.com\/blogg\/wp-json\/wp\/v2\/media?parent=9541"}],"wp:term":[{"taxonomy":"category","embeddable":true,"href":"http:\/\/www.susannavaris.com\/blogg\/wp-json\/wp\/v2\/categories?post=9541"},{"taxonomy":"post_tag","embeddable":true,"href":"http:\/\/www.susannavaris.com\/blogg\/wp-json\/wp\/v2\/tags?post=9541"}],"curies":[{"name":"wp","href":"https:\/\/api.w.org\/{rel}","templated":true}]}}