{"id":955,"date":"2011-06-25T15:10:53","date_gmt":"2011-06-25T13:10:53","guid":{"rendered":"http:\/\/www.susannavaris.com\/blogg\/?p=955"},"modified":"2023-02-13T20:10:54","modified_gmt":"2023-02-13T19:10:54","slug":"sjukhuset","status":"publish","type":"post","link":"http:\/\/www.susannavaris.com\/blogg\/2011\/06\/sjukhuset\/","title":{"rendered":"Sjukhuset"},"content":{"rendered":"\n<p>Ok. Sjukhusbes\u00f6ket. Sjukhussp\u00f6ket.<\/p>\n\n\n<div class=\"wp-block-image\">\n<figure class=\"aligncenter size-large\"><img loading=\"lazy\" decoding=\"async\" width=\"900\" height=\"1024\" src=\"http:\/\/www.susannavaris.com\/blogg\/wp-content\/uploads\/2023\/02\/000-Sodertalje_sjukhus_mars_2010-900x1024.jpg\" alt=\"\" class=\"wp-image-17735\" title=\"nilspetternilsson\" srcset=\"http:\/\/www.susannavaris.com\/blogg\/wp-content\/uploads\/2023\/02\/000-Sodertalje_sjukhus_mars_2010-900x1024.jpg 900w, http:\/\/www.susannavaris.com\/blogg\/wp-content\/uploads\/2023\/02\/000-Sodertalje_sjukhus_mars_2010-264x300.jpg 264w, http:\/\/www.susannavaris.com\/blogg\/wp-content\/uploads\/2023\/02\/000-Sodertalje_sjukhus_mars_2010-768x874.jpg 768w, http:\/\/www.susannavaris.com\/blogg\/wp-content\/uploads\/2023\/02\/000-Sodertalje_sjukhus_mars_2010.jpg 1024w\" sizes=\"auto, (max-width: 900px) 100vw, 900px\" \/><figcaption class=\"wp-element-caption\">S\u00f6dert\u00e4lje sjukhus. Foto: Wikipedia\/public domain<\/figcaption><\/figure>\n<\/div>\n\n\n<p>Jag var ovanligt lugn tidigt p\u00e5 morgonen den 20:e juni, d\u00e5 jag skulle in p\u00e5 S\u00f6dert\u00e4lje sjukhus f\u00f6r en hysterektomi. Oroande lugn. Jag klarade tom av att \u00e5ka buss dit med bara en kopp honungst\u00e9 i mig. Det hade inte g\u00e5tt f\u00f6r n\u00e5gra \u00e5r sedan. Nu hade jag ju Uffe med mig ocks\u00e5, annars kanske det inte hade fungerat.<\/p>\n\n\n<div class=\"wp-block-image\">\n<figure class=\"aligncenter\"><a href=\"http:\/\/www.susannavaris.com\/blogg\/wp-content\/uploads\/2011\/06\/operationswirl.jpg\"><img decoding=\"async\" src=\"http:\/\/www.susannavaris.com\/blogg\/wp-content\/uploads\/2011\/06\/operationswirl.jpg\" alt=\"\" class=\"wp-image-958\" title=\"operationswirl\"\/><\/a><\/figure>\n<\/div>\n\n\n<p>Vi var framme f\u00f6re personalen och fick v\u00e4nta en stund, men sedan gick det desto fortare. Jag fick knappt tid att byta om till de ytterst tilldragande nattkl\u00e4derna som ing\u00e5r i Landstinget Collection. Jag k\u00e4nde att mitt kolugn b\u00f6rjade spricka och bad om n\u00e5got lugnande inf\u00f6r att jag skulle in. Det fick jag, samt sm\u00e4rtstillande och s\u00e5 bar det av till kirurgin. F\u00f6rst ett v\u00e4ntrum d\u00e4r patienter rullade in och ut och jag k\u00e4nde mig lugn, s\u00e5 lugn n\u00e4r jag tittade ut genom f\u00f6nstret \u00f6ver tak\u00e5sarna. Sedan operationssk\u00f6terskor, som intygade att jag hade f\u00e5tt top of the line doktorerna f\u00f6r min operation. Min egen l\u00e4kare, Gabor Sebastyen visste jag om, men det skulle vara en till. Doktor Sebastyen \u00e4r ett under av professionalitet, medm\u00e4nsklighet, kunnighet&#8230;ja, jag kan bara \u00f6dsla ur mig superlativ ang\u00e5ende honom och det var f\u00f6r att jag \u00e4ntligen hittat en bra gynekolog som jag v\u00e5gade ta steget till en operation. Jag fick slangar kopplade till mig och man beskrev lite vad som skulle h\u00e4nda&#8230;sedan blev det svart. Jag s\u00e5g v\u00e4l ut som en neds\u00f6vd katt med tungan h\u00e4ngandes ute.<\/p>\n\n\n<div class=\"wp-block-image\">\n<figure class=\"aligncenter\"><a href=\"http:\/\/www.susannavaris.com\/blogg\/wp-content\/uploads\/2011\/06\/operationDSC_0319.jpg\"><img decoding=\"async\" src=\"http:\/\/www.susannavaris.com\/blogg\/wp-content\/uploads\/2011\/06\/operationDSC_0319.jpg\" alt=\"\" class=\"wp-image-959\" title=\"operationDSC_0319\"\/><\/a><\/figure>\n<\/div>\n\n\n<p>N\u00e4r jag vaknade upp var jag p\u00e5 uppvakningsavdelningen. Jag k\u00e4nde igen mig p\u00e5 en g\u00e5ng eftersom jag varit d\u00e4r f\u00f6rut. Genast blir jag tillfr\u00e5gad om sm\u00e4rtstillande och f\u00e5r det. Snart kom jag tillbaka till &#8221;min&#8221; avdelning, d\u00e4r jag skulle ligga. Jag var v\u00e4ldigt tr\u00f6tt hela f\u00f6rsta dagen, men glad \u00f6ver att jag kom in s\u00e5 fort och slapp fasta n\u00e5gon l\u00e4ngre tid. Jag kom in i matrutinen ocks\u00e5 till middagen. Uffe kom tillbaka f\u00f6r ett bes\u00f6k och jag serverades min f\u00f6rsta portion av den \u00f6k\u00e4nda sjukhusmaten. Munnen var bortom torr och kn\u00e4ckebr\u00f6det fastnade som ett skrovligt lager i den som fick sk\u00f6ljas bort med vatten. Det smakade inte mycket och k\u00f6ttf\u00e4rsen var full med brosk, men jag tryckte i mig, eftersom jag ville f\u00e5 krafter.<\/p>\n\n\n\n<p>F\u00f6rsta natten sov jag relativt bra. Jag vaknade upp med ett ryck n\u00e5gra g\u00e5nger och fick ont i s\u00e5ret&#8230;jag trodde att jag hade spr\u00e4ttat upp n\u00e5gon kant. Magen var ur funktion. P\u00e5 natten togs det ocks\u00e5 lite tester, blodtryck, temperatur etc.<\/p>\n\n\n\n<p>Dagarna fl\u00f6t p\u00e5 med st\u00e5- och g\u00e5\u00f6vningar, olika projekt f\u00f6r att f\u00e5 magen att fungera, bes\u00f6k av moderskan och Uffe, mat som bara blev \u00e4ckligare och \u00e4ckligare. Sodexos sm\u00f6rja g\u00e5r ner i ett par dagar, sedan orsakar det kv\u00e4ljningar. Det \u00e4r n\u00e5got med lukten. Sista kv\u00e4llen fick jag spyk\u00e4nslor av bara tanken, men jag \u00e5t alltid det som serverades i hopp om att tillfriskna b\u00e4ttre. Bara stuvade gr\u00f6nsaker. Hur bra id\u00e9 \u00e4r egentligen en kombination av potatismos och stuvad blomk\u00e5l f\u00f6r n\u00e5gon som redan har problem med magen och f\u00e5r j\u00e4tteont av gaser?<\/p>\n\n\n<div class=\"wp-block-image\">\n<figure class=\"aligncenter size-large\"><img loading=\"lazy\" decoding=\"async\" width=\"1024\" height=\"1024\" src=\"http:\/\/www.susannavaris.com\/blogg\/wp-content\/uploads\/2023\/02\/Bild-borttagen-2-1024x1024.jpg\" alt=\"\" class=\"wp-image-17623\" title=\"ssjsjukhusmat_4_620_467803b\" srcset=\"http:\/\/www.susannavaris.com\/blogg\/wp-content\/uploads\/2023\/02\/Bild-borttagen-2-1024x1024.jpg 1024w, http:\/\/www.susannavaris.com\/blogg\/wp-content\/uploads\/2023\/02\/Bild-borttagen-2-300x300.jpg 300w, http:\/\/www.susannavaris.com\/blogg\/wp-content\/uploads\/2023\/02\/Bild-borttagen-2-150x150.jpg 150w, http:\/\/www.susannavaris.com\/blogg\/wp-content\/uploads\/2023\/02\/Bild-borttagen-2-768x768.jpg 768w, http:\/\/www.susannavaris.com\/blogg\/wp-content\/uploads\/2023\/02\/Bild-borttagen-2-1536x1536.jpg 1536w, http:\/\/www.susannavaris.com\/blogg\/wp-content\/uploads\/2023\/02\/Bild-borttagen-2-2048x2048.jpg 2048w\" sizes=\"auto, (max-width: 1024px) 100vw, 1024px\" \/><\/figure>\n<\/div>\n\n\n<p class=\"has-text-align-center\"><em>Sodexosm\u00f6rja<\/em><\/p>\n\n\n<div class=\"wp-block-image\">\n<figure class=\"aligncenter size-large\"><img loading=\"lazy\" decoding=\"async\" width=\"1024\" height=\"1024\" src=\"http:\/\/www.susannavaris.com\/blogg\/wp-content\/uploads\/2023\/02\/Bild-borttagen-2-1024x1024.jpg\" alt=\"\" class=\"wp-image-17623\" title=\"ssjanderseriksson2321912345\" srcset=\"http:\/\/www.susannavaris.com\/blogg\/wp-content\/uploads\/2023\/02\/Bild-borttagen-2-1024x1024.jpg 1024w, http:\/\/www.susannavaris.com\/blogg\/wp-content\/uploads\/2023\/02\/Bild-borttagen-2-300x300.jpg 300w, http:\/\/www.susannavaris.com\/blogg\/wp-content\/uploads\/2023\/02\/Bild-borttagen-2-150x150.jpg 150w, http:\/\/www.susannavaris.com\/blogg\/wp-content\/uploads\/2023\/02\/Bild-borttagen-2-768x768.jpg 768w, http:\/\/www.susannavaris.com\/blogg\/wp-content\/uploads\/2023\/02\/Bild-borttagen-2-1536x1536.jpg 1536w, http:\/\/www.susannavaris.com\/blogg\/wp-content\/uploads\/2023\/02\/Bild-borttagen-2-2048x2048.jpg 2048w\" sizes=\"auto, (max-width: 1024px) 100vw, 1024px\" \/><\/figure>\n<\/div>\n\n\n<p class=\"has-text-align-center\"><em>Anders Eriksson, Sodexo, visar h\u00e4r planritning \u00f6ver det nya stork\u00f6ket varifr\u00e5n de kulinariska och n\u00e4ringsm\u00e4ssiga h\u00f6jdpunkterna levereras.<\/em><\/p>\n\n\n\n<p>Men v\u00e5rden var utm\u00e4rkt, som alltid. Tack alla! Doktor Sebastyen kom tv\u00e5 g\u00e5nger och ber\u00e4ttade att operationen hade g\u00e5tt bra, \u00e4ggstockarna var felfria och kvar, precis som jag ville. Tv\u00e5, f\u00f6rmodligen l\u00e4karstuderande, kom en rond och ville h\u00f6ra och kl\u00e4mma. En fick peta lite p\u00e5 min mage. Jag hade lite sm\u00e5konversationer med min salsgranne, som \u00e4ven hon hade gjort en hysterektomi. En kvinna mittemot fick bes\u00f6k av en halv liten by.<\/p>\n\n\n<div class=\"wp-block-image\">\n<figure class=\"aligncenter size-large\"><img loading=\"lazy\" decoding=\"async\" width=\"1024\" height=\"1024\" src=\"http:\/\/www.susannavaris.com\/blogg\/wp-content\/uploads\/2023\/02\/Bild-borttagen-2-1024x1024.jpg\" alt=\"\" class=\"wp-image-17623\" title=\"ssjriket-jpe_25249556\" srcset=\"http:\/\/www.susannavaris.com\/blogg\/wp-content\/uploads\/2023\/02\/Bild-borttagen-2-1024x1024.jpg 1024w, http:\/\/www.susannavaris.com\/blogg\/wp-content\/uploads\/2023\/02\/Bild-borttagen-2-300x300.jpg 300w, http:\/\/www.susannavaris.com\/blogg\/wp-content\/uploads\/2023\/02\/Bild-borttagen-2-150x150.jpg 150w, http:\/\/www.susannavaris.com\/blogg\/wp-content\/uploads\/2023\/02\/Bild-borttagen-2-768x768.jpg 768w, http:\/\/www.susannavaris.com\/blogg\/wp-content\/uploads\/2023\/02\/Bild-borttagen-2-1536x1536.jpg 1536w, http:\/\/www.susannavaris.com\/blogg\/wp-content\/uploads\/2023\/02\/Bild-borttagen-2-2048x2048.jpg 2048w\" sizes=\"auto, (max-width: 1024px) 100vw, 1024px\" \/><figcaption class=\"wp-element-caption\">(Ernst Hugo J\u00e4reg\u00e5rd i Riket)<\/figcaption><\/figure>\n<\/div>\n\n\n<p class=\"has-text-align-center\"><em>Inte min doktor&#8230;<\/em><\/p>\n\n\n<div class=\"wp-block-image\">\n<figure class=\"aligncenter size-large\"><img loading=\"lazy\" decoding=\"async\" width=\"1024\" height=\"1024\" src=\"http:\/\/www.susannavaris.com\/blogg\/wp-content\/uploads\/2023\/02\/Bild-borttagen-2-1024x1024.jpg\" alt=\"\" class=\"wp-image-17623\" title=\"ssjriget_25249911\" srcset=\"http:\/\/www.susannavaris.com\/blogg\/wp-content\/uploads\/2023\/02\/Bild-borttagen-2-1024x1024.jpg 1024w, http:\/\/www.susannavaris.com\/blogg\/wp-content\/uploads\/2023\/02\/Bild-borttagen-2-300x300.jpg 300w, http:\/\/www.susannavaris.com\/blogg\/wp-content\/uploads\/2023\/02\/Bild-borttagen-2-150x150.jpg 150w, http:\/\/www.susannavaris.com\/blogg\/wp-content\/uploads\/2023\/02\/Bild-borttagen-2-768x768.jpg 768w, http:\/\/www.susannavaris.com\/blogg\/wp-content\/uploads\/2023\/02\/Bild-borttagen-2-1536x1536.jpg 1536w, http:\/\/www.susannavaris.com\/blogg\/wp-content\/uploads\/2023\/02\/Bild-borttagen-2-2048x2048.jpg 2048w\" sizes=\"auto, (max-width: 1024px) 100vw, 1024px\" \/><figcaption class=\"wp-element-caption\">(Bilder ur tv-serien Riket)<\/figcaption><\/figure>\n<\/div>\n\n\n<p class=\"has-text-align-center\"><em>&#8230;men lite s\u00e5h\u00e4r kan vissa k\u00e4nslor och mardr\u00f6mmar beskrivas.<\/em><\/p>\n\n\n\n<p>Jag gick sm\u00e5 vankande promenader i korridoren och dagrummen, studerade montrarna med gammaldags k\u00e4rl och pottor, l\u00e4ste skvaller. L\u00e4ste mina b\u00f6cker. F\u00f6rst Ozzy, sedan Guns n\u00b4Roses. Tyv\u00e4rr hade jag ingen kamera med mig, jag hade velat fota lite f\u00f6r bloggen. Fick l\u00e4ra mig att ge sprutor till mig sj\u00e4lv (l\u00e4kemedel som f\u00f6rhindrar blodpropp). Allt som allt gick tiden fort. Avdelningen skulle st\u00e4ngas f\u00f6r sommaren och sista natten fick jag enkelrum, vilket k\u00e4ndes j\u00e4ttelyxigt. D\u00e4r l\u00e5g jag och hade utsikt \u00f6ver parken med skogsduvor och andra f\u00e5glar och eget badrum. P\u00e5 f\u00f6rmiddagen h\u00e4mtade moderskan hem mig till ackompanjemang av blixtar och dunder. Regnet piskade ner som fr\u00e5n d\u00e5liga regnmaskiner p\u00e5 film.<\/p>\n\n\n<div class=\"wp-block-image\">\n<figure class=\"aligncenter\"><a href=\"http:\/\/www.susannavaris.com\/blogg\/wp-content\/uploads\/2011\/06\/ssjutsikt_fr_1205317654_6090012.jpg\"><img loading=\"lazy\" decoding=\"async\" width=\"500\" height=\"375\" src=\"http:\/\/www.susannavaris.com\/blogg\/wp-content\/uploads\/2011\/06\/ssjutsikt_fr_1205317654_6090012.jpg\" alt=\"\" class=\"wp-image-965\" title=\"<Digimax S600 \/ Kenox S600 \/ Digimax Cyber 630&gt;\" srcset=\"http:\/\/www.susannavaris.com\/blogg\/wp-content\/uploads\/2011\/06\/ssjutsikt_fr_1205317654_6090012.jpg 500w, http:\/\/www.susannavaris.com\/blogg\/wp-content\/uploads\/2011\/06\/ssjutsikt_fr_1205317654_6090012-300x225.jpg 300w\" sizes=\"auto, (max-width: 500px) 100vw, 500px\" \/><\/a><\/figure>\n<\/div>\n\n\n<p class=\"has-text-align-center\"><em>En annan sal, n\u00e5gra v\u00e5ningar upp, men ungef\u00e4r likadan som den gemensamma salen jag l\u00e5g i.<\/em><\/p>\n\n\n\n<p>Nu \u00e5terst\u00e5r l\u00e4kning och konvalescens hemma. Det g\u00e5r b\u00e4ttre dag f\u00f6r dag. Jag k\u00e4nner fortfarande inte av n\u00e5gon depression, som det s\u00e4gs ska kunna ing\u00e5. Jag tror att det \u00e4r f\u00f6r att jag aldrig varit barntypen, aldrig haft min identitet i barnalstrande.<\/p>\n","protected":false},"excerpt":{"rendered":"<p>Ok. Sjukhusbes\u00f6ket. Sjukhussp\u00f6ket. Jag var ovanligt lugn tidigt p\u00e5 morgonen den 20:e juni, d\u00e5 jag skulle in p\u00e5 S\u00f6dert\u00e4lje sjukhus f\u00f6r en hysterektomi. Oroande lugn. Jag klarade tom av att \u00e5ka buss dit med bara en kopp honungst\u00e9 i mig. &hellip; <a href=\"http:\/\/www.susannavaris.com\/blogg\/2011\/06\/sjukhuset\/\">Forts\u00e4tt l\u00e4sa <span class=\"meta-nav\">&rarr;<\/span><\/a><\/p>\n","protected":false},"author":1,"featured_media":957,"comment_status":"open","ping_status":"open","sticky":false,"template":"","format":"standard","meta":{"footnotes":""},"categories":[1],"tags":[161,244,271],"class_list":["post-955","post","type-post","status-publish","format-standard","has-post-thumbnail","hentry","category-okategoriserade","tag-hysterektomi","tag-sodertalje-sjukhus","tag-sodexo"],"_links":{"self":[{"href":"http:\/\/www.susannavaris.com\/blogg\/wp-json\/wp\/v2\/posts\/955","targetHints":{"allow":["GET"]}}],"collection":[{"href":"http:\/\/www.susannavaris.com\/blogg\/wp-json\/wp\/v2\/posts"}],"about":[{"href":"http:\/\/www.susannavaris.com\/blogg\/wp-json\/wp\/v2\/types\/post"}],"author":[{"embeddable":true,"href":"http:\/\/www.susannavaris.com\/blogg\/wp-json\/wp\/v2\/users\/1"}],"replies":[{"embeddable":true,"href":"http:\/\/www.susannavaris.com\/blogg\/wp-json\/wp\/v2\/comments?post=955"}],"version-history":[{"count":5,"href":"http:\/\/www.susannavaris.com\/blogg\/wp-json\/wp\/v2\/posts\/955\/revisions"}],"predecessor-version":[{"id":17738,"href":"http:\/\/www.susannavaris.com\/blogg\/wp-json\/wp\/v2\/posts\/955\/revisions\/17738"}],"wp:featuredmedia":[{"embeddable":true,"href":"http:\/\/www.susannavaris.com\/blogg\/wp-json\/wp\/v2\/media\/957"}],"wp:attachment":[{"href":"http:\/\/www.susannavaris.com\/blogg\/wp-json\/wp\/v2\/media?parent=955"}],"wp:term":[{"taxonomy":"category","embeddable":true,"href":"http:\/\/www.susannavaris.com\/blogg\/wp-json\/wp\/v2\/categories?post=955"},{"taxonomy":"post_tag","embeddable":true,"href":"http:\/\/www.susannavaris.com\/blogg\/wp-json\/wp\/v2\/tags?post=955"}],"curies":[{"name":"wp","href":"https:\/\/api.w.org\/{rel}","templated":true}]}}