{"id":9561,"date":"2013-04-23T17:31:52","date_gmt":"2013-04-23T15:31:52","guid":{"rendered":"http:\/\/www.susannavaris.com\/blogg\/?p=9561"},"modified":"2013-04-24T11:58:33","modified_gmt":"2013-04-24T09:58:33","slug":"kvinnor-valdtar-och-misshandlar-inte-eller-hur-var-det-nu","status":"publish","type":"post","link":"http:\/\/www.susannavaris.com\/blogg\/2013\/04\/kvinnor-valdtar-och-misshandlar-inte-eller-hur-var-det-nu\/","title":{"rendered":"Kvinnor v\u00e5ldtar och misshandlar inte, eller hur var det nu?"},"content":{"rendered":"<p>&nbsp;<\/p>\n<p><a href=\"http:\/\/www.susannavaris.com\/blogg\/wp-content\/uploads\/2013\/04\/ab.jpg\"><img loading=\"lazy\" decoding=\"async\" class=\"aligncenter size-full wp-image-9562\" alt=\"ab\" src=\"http:\/\/www.susannavaris.com\/blogg\/wp-content\/uploads\/2013\/04\/ab.jpg\" width=\"505\" height=\"367\" srcset=\"http:\/\/www.susannavaris.com\/blogg\/wp-content\/uploads\/2013\/04\/ab.jpg 505w, http:\/\/www.susannavaris.com\/blogg\/wp-content\/uploads\/2013\/04\/ab-300x218.jpg 300w\" sizes=\"auto, (max-width: 505px) 100vw, 505px\" \/><\/a><\/p>\n<p><a href=\"http:\/\/www.aftonbladet.se\/nyheter\/article16656001.ab\">Aftonbladet<\/a>\u00a0idag:<\/p>\n<blockquote><p>&#8221;Den 22-\u00e5riga kvinnan d\u00f6mdes vid V\u00e4nersborgs tingsr\u00e4tt i dag till 2,5 \u00e5rs f\u00e4ngelse f\u00f6r v\u00e5ldt\u00e4kt, olaga hot, utpressning och narkotikabrott. Hon ska \u00e4ven betala skadest\u00e5nd till tv\u00e5barnspappan.<\/p>\n<p>Kvinnan har tidigare d\u00f6mts flera g\u00e5nger f\u00f6r olika brott, bland annat medhj\u00e4lp till r\u00e5n, olovlig k\u00f6rning, olaga hot och st\u00f6ld.&#8221;<\/p><\/blockquote>\n<p>Jag brukar i regel inte uppm\u00e4rksamma s\u00e5dana h\u00e4r fall h\u00e4r p\u00e5 bloggen, men jag tar ett par exempel idag f\u00f6r att exemplifiera att \u00e4ven kvinnor ut\u00f6var v\u00e5ld och kan beg\u00e5 v\u00e5ldt\u00e4kter, n\u00e5got som t ex Sveriges Kvinnolobby menar att man <a href=\"http:\/\/www.susannavaris.com\/blogg\/2013\/01\/sveriges-kvinnolobby-del-3\/\">inte ska uppm\u00e4rksamma<\/a>.<\/p>\n<p>Ett annat <a href=\"http:\/\/www.aftonbladet.se\/nyheter\/article16656473.ab\">fall<\/a>, fr\u00e5n n\u00e4ra h\u00e5ll:<\/p>\n<p><a href=\"http:\/\/www.susannavaris.com\/blogg\/wp-content\/uploads\/2013\/04\/ab2.jpg\"><img loading=\"lazy\" decoding=\"async\" class=\"aligncenter size-full wp-image-9563\" alt=\"ab2\" src=\"http:\/\/www.susannavaris.com\/blogg\/wp-content\/uploads\/2013\/04\/ab2.jpg\" width=\"510\" height=\"215\" srcset=\"http:\/\/www.susannavaris.com\/blogg\/wp-content\/uploads\/2013\/04\/ab2.jpg 510w, http:\/\/www.susannavaris.com\/blogg\/wp-content\/uploads\/2013\/04\/ab2-300x126.jpg 300w\" sizes=\"auto, (max-width: 510px) 100vw, 510px\" \/><\/a><\/p>\n<p style=\"text-align: center;\">\u00a0&#8211; : &#8211; : &#8211; : &#8211;<\/p>\n<p style=\"text-align: center;\">Ett fall som ligger n\u00e4ra i tiden (130424) finns p\u00e5 Ann-Maris\u00a0<a href=\"http:\/\/maukonen.wordpress.com\/2013\/04\/24\/valdsam-flickvan-med-pms-misshandlar-sin-pojkvan\/\">blogg<\/a><\/p>\n","protected":false},"excerpt":{"rendered":"<p>&nbsp; Aftonbladet\u00a0idag: &#8221;Den 22-\u00e5riga kvinnan d\u00f6mdes vid V\u00e4nersborgs tingsr\u00e4tt i dag till 2,5 \u00e5rs f\u00e4ngelse f\u00f6r v\u00e5ldt\u00e4kt, olaga hot, utpressning och narkotikabrott. Hon ska \u00e4ven betala skadest\u00e5nd till tv\u00e5barnspappan. Kvinnan har tidigare d\u00f6mts flera g\u00e5nger f\u00f6r olika brott, bland annat &hellip; <a href=\"http:\/\/www.susannavaris.com\/blogg\/2013\/04\/kvinnor-valdtar-och-misshandlar-inte-eller-hur-var-det-nu\/\">Forts\u00e4tt l\u00e4sa <span class=\"meta-nav\">&rarr;<\/span><\/a><\/p>\n","protected":false},"author":1,"featured_media":0,"comment_status":"open","ping_status":"open","sticky":false,"template":"","format":"standard","meta":{"footnotes":""},"categories":[181,259,1321,589,1,590],"tags":[2961,1128,2591,2517,2014],"class_list":["post-9561","post","type-post","status-publish","format-standard","hentry","category-feminism","category-genusvetenskap","category-jamstalldhet","category-medier","category-okategoriserade","category-politik","tag-kvinnliga-utovare","tag-relationsvald","tag-sveriges-kvinnolobby","tag-vald","tag-valdtakt"],"_links":{"self":[{"href":"http:\/\/www.susannavaris.com\/blogg\/wp-json\/wp\/v2\/posts\/9561","targetHints":{"allow":["GET"]}}],"collection":[{"href":"http:\/\/www.susannavaris.com\/blogg\/wp-json\/wp\/v2\/posts"}],"about":[{"href":"http:\/\/www.susannavaris.com\/blogg\/wp-json\/wp\/v2\/types\/post"}],"author":[{"embeddable":true,"href":"http:\/\/www.susannavaris.com\/blogg\/wp-json\/wp\/v2\/users\/1"}],"replies":[{"embeddable":true,"href":"http:\/\/www.susannavaris.com\/blogg\/wp-json\/wp\/v2\/comments?post=9561"}],"version-history":[{"count":3,"href":"http:\/\/www.susannavaris.com\/blogg\/wp-json\/wp\/v2\/posts\/9561\/revisions"}],"predecessor-version":[{"id":9572,"href":"http:\/\/www.susannavaris.com\/blogg\/wp-json\/wp\/v2\/posts\/9561\/revisions\/9572"}],"wp:attachment":[{"href":"http:\/\/www.susannavaris.com\/blogg\/wp-json\/wp\/v2\/media?parent=9561"}],"wp:term":[{"taxonomy":"category","embeddable":true,"href":"http:\/\/www.susannavaris.com\/blogg\/wp-json\/wp\/v2\/categories?post=9561"},{"taxonomy":"post_tag","embeddable":true,"href":"http:\/\/www.susannavaris.com\/blogg\/wp-json\/wp\/v2\/tags?post=9561"}],"curies":[{"name":"wp","href":"https:\/\/api.w.org\/{rel}","templated":true}]}}