{"id":9566,"date":"2013-04-24T11:24:24","date_gmt":"2013-04-24T09:24:24","guid":{"rendered":"http:\/\/www.susannavaris.com\/blogg\/?p=9566"},"modified":"2013-04-24T11:24:24","modified_gmt":"2013-04-24T09:24:24","slug":"min-coola-pappa","status":"publish","type":"post","link":"http:\/\/www.susannavaris.com\/blogg\/2013\/04\/min-coola-pappa\/","title":{"rendered":"Min coola pappa"},"content":{"rendered":"<p style=\"text-align: center;\">Jag hittade ett gammalt fotografi p\u00e5 min far i mammas album, som jag h\u00e5ller p\u00e5 att scanna in&#8230;<\/p>\n<p style=\"text-align: center;\"><a href=\"http:\/\/www.susannavaris.com\/blogg\/wp-content\/uploads\/2013\/04\/eero-01.jpg\"><img loading=\"lazy\" decoding=\"async\" class=\"aligncenter size-full wp-image-9567\" alt=\"eero-01\" src=\"http:\/\/www.susannavaris.com\/blogg\/wp-content\/uploads\/2013\/04\/eero-01.jpg\" width=\"460\" height=\"656\" srcset=\"http:\/\/www.susannavaris.com\/blogg\/wp-content\/uploads\/2013\/04\/eero-01.jpg 460w, http:\/\/www.susannavaris.com\/blogg\/wp-content\/uploads\/2013\/04\/eero-01-210x300.jpg 210w\" sizes=\"auto, (max-width: 460px) 100vw, 460px\" \/><\/a><\/p>\n","protected":false},"excerpt":{"rendered":"<p>Jag hittade ett gammalt fotografi p\u00e5 min far i mammas album, som jag h\u00e5ller p\u00e5 att scanna in&#8230;<\/p>\n","protected":false},"author":1,"featured_media":0,"comment_status":"open","ping_status":"open","sticky":false,"template":"","format":"standard","meta":{"footnotes":""},"categories":[110,1200,674,1],"tags":[2963,2962,4897,113,2659,2964],"class_list":["post-9566","post","type-post","status-publish","format-standard","hentry","category-foto","category-fran-arkiven","category-historia","category-okategoriserade","tag-60-tal","tag-far","tag-foto","tag-fotografi","tag-pappa","tag-svartvit"],"_links":{"self":[{"href":"http:\/\/www.susannavaris.com\/blogg\/wp-json\/wp\/v2\/posts\/9566","targetHints":{"allow":["GET"]}}],"collection":[{"href":"http:\/\/www.susannavaris.com\/blogg\/wp-json\/wp\/v2\/posts"}],"about":[{"href":"http:\/\/www.susannavaris.com\/blogg\/wp-json\/wp\/v2\/types\/post"}],"author":[{"embeddable":true,"href":"http:\/\/www.susannavaris.com\/blogg\/wp-json\/wp\/v2\/users\/1"}],"replies":[{"embeddable":true,"href":"http:\/\/www.susannavaris.com\/blogg\/wp-json\/wp\/v2\/comments?post=9566"}],"version-history":[{"count":1,"href":"http:\/\/www.susannavaris.com\/blogg\/wp-json\/wp\/v2\/posts\/9566\/revisions"}],"predecessor-version":[{"id":9568,"href":"http:\/\/www.susannavaris.com\/blogg\/wp-json\/wp\/v2\/posts\/9566\/revisions\/9568"}],"wp:attachment":[{"href":"http:\/\/www.susannavaris.com\/blogg\/wp-json\/wp\/v2\/media?parent=9566"}],"wp:term":[{"taxonomy":"category","embeddable":true,"href":"http:\/\/www.susannavaris.com\/blogg\/wp-json\/wp\/v2\/categories?post=9566"},{"taxonomy":"post_tag","embeddable":true,"href":"http:\/\/www.susannavaris.com\/blogg\/wp-json\/wp\/v2\/tags?post=9566"}],"curies":[{"name":"wp","href":"https:\/\/api.w.org\/{rel}","templated":true}]}}