{"id":9576,"date":"2013-04-25T22:15:23","date_gmt":"2013-04-25T20:15:23","guid":{"rendered":"http:\/\/www.susannavaris.com\/blogg\/?p=9576"},"modified":"2013-04-26T22:46:31","modified_gmt":"2013-04-26T20:46:31","slug":"dn-fe-igen-och-igen","status":"publish","type":"post","link":"http:\/\/www.susannavaris.com\/blogg\/2013\/04\/dn-fe-igen-och-igen\/","title":{"rendered":"DN Fe&#8230; igen och igen"},"content":{"rendered":"<p style=\"text-align: center;\"><a href=\"http:\/\/www.susannavaris.com\/blogg\/wp-content\/uploads\/2013\/04\/hannarotheliusmattiasjohansson.jpg\"><img loading=\"lazy\" decoding=\"async\" class=\"aligncenter size-full wp-image-9578\" alt=\"hannarotheliusmattiasjohansson\" src=\"http:\/\/www.susannavaris.com\/blogg\/wp-content\/uploads\/2013\/04\/hannarotheliusmattiasjohansson.jpg\" width=\"327\" height=\"508\" srcset=\"http:\/\/www.susannavaris.com\/blogg\/wp-content\/uploads\/2013\/04\/hannarotheliusmattiasjohansson.jpg 327w, http:\/\/www.susannavaris.com\/blogg\/wp-content\/uploads\/2013\/04\/hannarotheliusmattiasjohansson-193x300.jpg 193w\" sizes=\"auto, (max-width: 327px) 100vw, 327px\" \/><\/a>\u00a0<em>Hanna Rothelius. Foto: Mattias Johansson<\/em><\/p>\n<p>Jag skulle bara l\u00e4sa en artikel i dagens DN Feminism. Den handlade om f\u00f6rorten och den popul\u00e4ra journalistsporten f\u00f6rortsbashing. Johanna Langhorst har skrivit en debattbok, <em>F\u00f6rortshat.\u00a0<\/em>\u00c5ter detta hat, men \u00e4nd\u00e5. Jag t\u00e4nkte att h\u00e4r kan man v\u00e4l \u00e4nd\u00e5 slippa den sedvanliga misandrin.<\/p>\n<p>D\u00f6m om min f\u00f6rv\u00e5ning, n\u00e4r nu \u00e4ven f\u00f6rortsbashingen \u00e4r den vite, heterosexuelle och medel\u00e5lders mannens fel:<\/p>\n<blockquote><p>&#8221;Hon retar sig p\u00e5 de \u201dmedel\u00e5lders vita m\u00e4n\u201d som i medier beskriver f\u00f6rorten som ett misslyckat byggprojekt. Bland annat kritiserar hon arkitekten Ola Anderssons bok \u201dVykort fr\u00e5n Utopia\u201d f\u00f6r att peka ut den modernistiska stadsplaneringen som boven i dramat med Stockholms innerstads h\u00f6ga bostads- och lokalkostnader.&#8221;<\/p><\/blockquote>\n<p>Rid\u00e5.<\/p>\n<p>\u00d6ver till Metro, d\u00e4r man idag problematiserar den l\u00e5ga andelen kvinnliga idoler hos barn:<\/p>\n<blockquote>\n<h2 itemprop=\"alternativeHeadline\">&#8221;N\u00e4r Metro fr\u00e5gade hundra barn vem deras favoritartist \u00e4r s\u00e5 svarade 85 procent en manlig artist. \u2028\u2013 Det \u00e5l\u00e4ggs p\u00e5 tjejer att de ska dyrka killar, s\u00e4ger Hanna Rothelius p\u00e5 Popkollo som arbetar f\u00f6r fler kvinnliga artister.&#8221;<\/h2>\n<p><a href=\"http:\/\/www.susannavaris.com\/blogg\/wp-content\/uploads\/2013\/04\/metro01.jpg\"><img loading=\"lazy\" decoding=\"async\" class=\"aligncenter size-full wp-image-9577\" alt=\"metro01\" src=\"http:\/\/www.susannavaris.com\/blogg\/wp-content\/uploads\/2013\/04\/metro01.jpg\" width=\"288\" height=\"480\" srcset=\"http:\/\/www.susannavaris.com\/blogg\/wp-content\/uploads\/2013\/04\/metro01.jpg 288w, http:\/\/www.susannavaris.com\/blogg\/wp-content\/uploads\/2013\/04\/metro01-180x300.jpg 180w\" sizes=\"auto, (max-width: 288px) 100vw, 288px\" \/><\/a><\/p><\/blockquote>\n<p>Man kan ju fr\u00e5ga sig om kvinnor egentligen ens borde vara myndiga. N\u00e5got sj\u00e4lvst\u00e4ndigt t\u00e4nkande eller agerande kan man v\u00e4l knappast f\u00f6rv\u00e4nta sig, enligt den feministiska logiken, av dessa m\u00e4h\u00e4n .<\/p>\n<blockquote><p>&#8221;\u2013 I allm\u00e4nhet s\u00e5 \u00e4r de manliga egenskaperna v\u00e4rda mer \u00e4n de kvinnliga. Det f\u00f6rklarar varf\u00f6r inte killar har tjejer som idoler, det anses inte vara lika tufft. Jag tror ocks\u00e5 att det kan vara s\u00e5 att det \u00e5l\u00e4ggs p\u00e5 tjejer att de ska dyrka killar, s\u00e4ger hon.&#8221;<\/p><\/blockquote>\n<p>\u00c4r det h\u00e4r resultatet av decenniers feministisk indoktrinering? Att unga tjejer och kvinnor tror p\u00e5 de h\u00e4r hj\u00e4rnsp\u00f6kena som bland andra Yvonne Hirdman konstruerat p\u00e5 60-talet? Tjatar man om detta tillr\u00e4ckligt mycket och l\u00e4nge blir det kanske en sj\u00e4lvuppfyllande profetia. Skr\u00e4mmande. Yvonne Hirdmans (och de flesta andra feministers) patenterade f\u00f6rklaring p\u00e5 allt kan Rothelius ocks\u00e5 utantill:<\/p>\n<blockquote><p>&#8221;Hanna Rothelius menar att det hela grundar sig i ett st\u00f6rre strukturellt problem som att fler m\u00e4n v\u00e4ljer att spela och syssla med musik.&#8221;<\/p><\/blockquote>\n<p>Men lite matnyttig information finns ocks\u00e5 i artikeln. Jag har l\u00e4nge s\u00f6kt efter statistik om antalet ut\u00f6vande kvinnliga musiker i Sverige och h\u00e4r finns uppgifter:<\/p>\n<blockquote><p>&#8221;Detta speglas i antalet medlemmar hos STIM. Av deras 71\u2009291 medlemmar \u00e4r knappt 20 procent kvinnor och drygt 80 procent m\u00e4n. Popkollo f\u00f6rs\u00f6ker r\u00e5da bot p\u00e5 den snedf\u00f6rdelningen.&#8221;<\/p><\/blockquote>\n<p>Intressant med tanke p\u00e5 50\/50-ivrandet. Och mycket riktigt, SVT h\u00e5ller sig i framkant:<\/p>\n<blockquote><p>\u00a0&#8221;\u2013 Generellt \u00e4r det sv\u00e5rare f\u00f6r oss att f\u00e5 tag i kvinnliga artister som v\u00e5r m\u00e5lgrupp \u00e4r intresserade av. Men vi jobbar v\u00e4ldigt aktivt med att f\u00e5 fram en j\u00e4mn f\u00f6rdelning med lika m\u00e5nga tjejer som killar, s\u00e4ger Maria Karlsson Th\u00f6rnqvist, projektledare och utvecklingsansvarig p\u00e5 SVT Barn.&#8221;<\/p><\/blockquote>\n<p>Det h\u00e4r inneb\u00e4r inget annat \u00e4n en r\u00e4kmacka in p\u00e5 SVT Barn f\u00f6r kvinnliga artister.<\/p>\n<p><a href=\"http:\/\/www.blogkeen.com\/view_blog2.aspx?blog=461238&amp;row=1\">Ekvalist<\/a>\u00a0och <a href=\"http:\/\/certatio.wordpress.com\/2013\/04\/25\/barn-gillar-artister-av-fel-kon\/\">Certatio<\/a>\u00a0p\u00e5 samma tema<\/p>\n","protected":false},"excerpt":{"rendered":"<p>\u00a0Hanna Rothelius. Foto: Mattias Johansson Jag skulle bara l\u00e4sa en artikel i dagens DN Feminism. Den handlade om f\u00f6rorten och den popul\u00e4ra journalistsporten f\u00f6rortsbashing. Johanna Langhorst har skrivit en debattbok, F\u00f6rortshat.\u00a0\u00c5ter detta hat, men \u00e4nd\u00e5. Jag t\u00e4nkte att h\u00e4r kan &hellip; <a href=\"http:\/\/www.susannavaris.com\/blogg\/2013\/04\/dn-fe-igen-och-igen\/\">Forts\u00e4tt l\u00e4sa <span class=\"meta-nav\">&rarr;<\/span><\/a><\/p>\n","protected":false},"author":1,"featured_media":0,"comment_status":"open","ping_status":"open","sticky":false,"template":"","format":"standard","meta":{"footnotes":""},"categories":[259,1321,1928,1162,589,994,1,590,403],"tags":[2460,175,4900,176,2969,2971,4899,4903,2966,2970,2968,2721,4915,2967,2860],"class_list":["post-9576","post","type-post","status-publish","format-standard","hentry","category-genusvetenskap","category-jamstalldhet","category-journalistik","category-kultur","category-medier","category-musik","category-okategoriserade","category-politik","category-pseudovetenskap","tag-2460","tag-dn","tag-feminism","tag-forort","tag-forortsbashing","tag-forortshat","tag-genus","tag-genusvetenskap","tag-hanna-rothelius","tag-johanna-langhorst","tag-kvinnliga-musiker","tag-misandri","tag-musik","tag-popkollo","tag-statistik"],"_links":{"self":[{"href":"http:\/\/www.susannavaris.com\/blogg\/wp-json\/wp\/v2\/posts\/9576","targetHints":{"allow":["GET"]}}],"collection":[{"href":"http:\/\/www.susannavaris.com\/blogg\/wp-json\/wp\/v2\/posts"}],"about":[{"href":"http:\/\/www.susannavaris.com\/blogg\/wp-json\/wp\/v2\/types\/post"}],"author":[{"embeddable":true,"href":"http:\/\/www.susannavaris.com\/blogg\/wp-json\/wp\/v2\/users\/1"}],"replies":[{"embeddable":true,"href":"http:\/\/www.susannavaris.com\/blogg\/wp-json\/wp\/v2\/comments?post=9576"}],"version-history":[{"count":4,"href":"http:\/\/www.susannavaris.com\/blogg\/wp-json\/wp\/v2\/posts\/9576\/revisions"}],"predecessor-version":[{"id":9592,"href":"http:\/\/www.susannavaris.com\/blogg\/wp-json\/wp\/v2\/posts\/9576\/revisions\/9592"}],"wp:attachment":[{"href":"http:\/\/www.susannavaris.com\/blogg\/wp-json\/wp\/v2\/media?parent=9576"}],"wp:term":[{"taxonomy":"category","embeddable":true,"href":"http:\/\/www.susannavaris.com\/blogg\/wp-json\/wp\/v2\/categories?post=9576"},{"taxonomy":"post_tag","embeddable":true,"href":"http:\/\/www.susannavaris.com\/blogg\/wp-json\/wp\/v2\/tags?post=9576"}],"curies":[{"name":"wp","href":"https:\/\/api.w.org\/{rel}","templated":true}]}}