{"id":9587,"date":"2013-04-26T22:20:52","date_gmt":"2013-04-26T20:20:52","guid":{"rendered":"http:\/\/www.susannavaris.com\/blogg\/?p=9587"},"modified":"2013-04-26T23:53:22","modified_gmt":"2013-04-26T21:53:22","slug":"sa-var-snacket-om-ojamstallda-festivaler-igang","status":"publish","type":"post","link":"http:\/\/www.susannavaris.com\/blogg\/2013\/04\/sa-var-snacket-om-ojamstallda-festivaler-igang\/","title":{"rendered":"S\u00e5 var snacket om oj\u00e4mst\u00e4llda festivaler ig\u00e5ng"},"content":{"rendered":"<p><a href=\"http:\/\/www.susannavaris.com\/blogg\/wp-content\/uploads\/2013\/04\/festival.jpg\"><img loading=\"lazy\" decoding=\"async\" class=\"aligncenter size-full wp-image-9588\" alt=\"festival\" src=\"http:\/\/www.susannavaris.com\/blogg\/wp-content\/uploads\/2013\/04\/festival.jpg\" width=\"789\" height=\"594\" srcset=\"http:\/\/www.susannavaris.com\/blogg\/wp-content\/uploads\/2013\/04\/festival.jpg 789w, http:\/\/www.susannavaris.com\/blogg\/wp-content\/uploads\/2013\/04\/festival-300x225.jpg 300w\" sizes=\"auto, (max-width: 789px) 100vw, 789px\" \/><\/a>\u00a0<em>Metro<\/em><\/p>\n<p>D\u00e5 var det dags f\u00f6r \u00e5rets omg\u00e5ng av uppr\u00f6rda utgjutningar p\u00e5 tema oj\u00e4mst\u00e4llda festivaler i media. <a href=\"http:\/\/www.metro.se\/noje\/atta-av-tio-festivalbokningar-man\/EVHmdz!cdK0fYd7ZGGew\/\">Metro<\/a>:<\/p>\n<blockquote><p>&#8221;Hittills har 15 av Sveriges st\u00f6rsta festivaler bokat 80 procent manliga akter, nio procent blandade akter och elva procent kvinnliga.<\/p>\n<p>\u2013 Det \u00e4r j\u00e4ttetr\u00e5kigt. Vi jobbar f\u00f6r att hj\u00e4lpa festivaler att bli mer j\u00e4mst\u00e4llda, s\u00e4ger Amanda Lindholm, grundare av f\u00f6reningen J\u00e4mst\u00e4lld festival som deltog i en paneldebatt om festivalbokningar i Malm\u00f6 i onsdags.&#8221;<\/p><\/blockquote>\n<p>Och hur var det nu ANDELEN ut\u00f6vande, kvinnliga musiker <a href=\"http:\/\/www.susannavaris.com\/blogg\/2013\/04\/dn-fe-igen-och-igen\/\">s\u00e5g ut<\/a>?<\/p>\n<blockquote><p>\u201dDetta speglas i antalet medlemmar hos STIM. Av deras 71\u2009291 medlemmar \u00e4r knappt 20 procent kvinnor och drygt 80 procent m\u00e4n.&#8221;<\/p><\/blockquote>\n<p>Nu bokas det visserligen \u00e4ven utl\u00e4ndska akter p\u00e5 svenska festivaler och jag har ingen statistik \u00f6ver hur k\u00f6nsf\u00f6rdelningen bland dessa ser ut, men ser man till den svenska f\u00f6rdelningen s\u00e5 har det allts\u00e5 bokats in kvinnliga, ut\u00f6vande musiker i ganska s\u00e5 direkt relation till antalet som finns.<\/p>\n<blockquote><p><b><i>&#8221;Flera festivaler s\u00e4ger: \u201dDet finns inte tillr\u00e4ckligt m\u00e5nga kvinnliga artister\u201d och \u201dVi bokar det bes\u00f6karna vill ha\u201d. Vad s\u00e4ger J\u00e4mst\u00e4lld festival om det?<br \/>\n<\/i><\/b>\u2013 Det st\u00e4mmer inte. F\u00f6rra \u00e5ret hades Music &amp; Arts 65 procent kvinnliga akter, s\u00e5 det g\u00e5r. M\u00e5nga s\u00e4ger att det inte \u00e4r ekonomiskt h\u00e5llbart att boka kvinnliga akter men det \u00e4r att s\u00e4ga att kvinnor inte drar folk och vi har sett bevis p\u00e5 att det inte \u00e4r s\u00e5. Det \u00e4r inte sv\u00e5rare \u00e4n att man bokar fler kvinnor. Om det inte finns kvinnliga f\u00f6rebilder \u2013 hur ska publiken d\u00e5 kunna \u00f6nska kvinnliga akter?&#8221;<\/p><\/blockquote>\n<p>Visst fasiken g\u00e5r det att boka 100 % kvinnor om man vill, men vari ligger j\u00e4mst\u00e4lldheten i det? Om nu ANDELEN kvinnliga, ut\u00f6vande musiker \u00e4r ca 20 %, hur blir mer \u00e4n 20 % kvinnliga akter p\u00e5 festivalscenerna j\u00e4mst\u00e4llt???<\/p>\n<p>Enkelt exempel: 10 platser finns p\u00e5 en festival. Det finns 2 tjejer som \u00e4r musiker och 8 killar som \u00e4r musiker. J\u00e4mst\u00e4lldhet enligt feminismen blir allts\u00e5 att de 2 tjejerna f\u00e5r dela p\u00e5 5 platser och de 8 killarna p\u00e5 5 platser. Gr\u00e4ddfiler och r\u00e4kmacka f\u00f6r tjejerna allts\u00e5, l\u00e5ngt ifr\u00e5n den likabehandling feminister ofta annars p\u00e5st\u00e5r sig st\u00e5 f\u00f6r.<\/p>\n<blockquote><p><b><i>&#8221;Med bara tv\u00e5 kvinnliga akter har Sweden Rock Festival en av sommarens mest oj\u00e4mlika lineups.<br \/>\n<\/i><\/b>\u2009V\u00e5r k\u00f6nsf\u00f6rdelning speglar hur det ser ut bland musiker i h\u00e5rdrocksscenen. Om man med en j\u00e4mst\u00e4lld lineup menar att vi ska kvotera in s\u00e5 att det blir 50 procent kvinnor \u00e4r man dum i huvudet. D\u00e5 skulle vi tvingas v\u00e4lja bort intressanta akter. Vi m\u00e5ste boka det som publiken vill h\u00f6ra, s\u00e4ger Martin Forssman, bokningsansvarig p\u00e5 Sweden Rock.&#8221;<\/p><\/blockquote>\n<p>Ord och inga visor, men tyv\u00e4rr ser ju verkligheten ut s\u00e5. Inget som organisationer som J\u00e4mst\u00e4lld festival kanske f\u00f6rst\u00e5r. f\u00f6r dem handlar kulturut\u00f6vande enbart om identitets- och k\u00f6nspolitik och inga andra v\u00e4rden existerar i kulturen.<\/p>\n<p>Tidigare inl\u00e4gg\u00a0<a href=\"http:\/\/www.susannavaris.com\/blogg\/2012\/07\/emmaboda-revisited\/\">h\u00e4r<\/a><\/p>\n<p>Till\u00e4gg:<\/p>\n<p>Situationen blir knappast klarare av f\u00f6rklaringen p\u00e5 <a href=\"http:\/\/jamstalldfestival.se\/hur-raknar-vi\/\">hur man r\u00e4knar<\/a>\u00a0kvinnliga respektive manliga akter hos J\u00e4mst\u00e4lld festival:<\/p>\n<blockquote><p>&#8221;Vi\u00a0r\u00e4knar en kvinnlig akt som en akt d\u00e4r minst 50% identifierar sig som kvinnor. En manlig akt \u00e4r en akt d\u00e4r minst 50% identifierar sig som m\u00e4n. \u201dMixat\u201d betyder att det antingen \u00e4r 50% m\u00e4n och 50% kvinnor eller att artisterna inte identifierar sig med n\u00e5got k\u00f6n alternativt att vi inte k\u00e4nner till vilket k\u00f6n artisterna i den akten har. En akt \u00e4r en soloartist eller ett band.&#8221;<\/p><\/blockquote>\n","protected":false},"excerpt":{"rendered":"<p>\u00a0Metro D\u00e5 var det dags f\u00f6r \u00e5rets omg\u00e5ng av uppr\u00f6rda utgjutningar p\u00e5 tema oj\u00e4mst\u00e4llda festivaler i media. Metro: &#8221;Hittills har 15 av Sveriges st\u00f6rsta festivaler bokat 80 procent manliga akter, nio procent blandade akter och elva procent kvinnliga. \u2013 Det &hellip; <a href=\"http:\/\/www.susannavaris.com\/blogg\/2013\/04\/sa-var-snacket-om-ojamstallda-festivaler-igang\/\">Forts\u00e4tt l\u00e4sa <span class=\"meta-nav\">&rarr;<\/span><\/a><\/p>\n","protected":false},"author":1,"featured_media":0,"comment_status":"open","ping_status":"open","sticky":false,"template":"","format":"standard","meta":{"footnotes":""},"categories":[178,181,259,1321,1162,994,1,590,303],"tags":[2976,4900,1232,2975,4918,2123,4915,2977,2978,1230],"class_list":["post-9587","post","type-post","status-publish","format-standard","hentry","category-blodtryckshojare","category-feminism","category-genusvetenskap","category-jamstalldhet","category-kultur","category-musik","category-okategoriserade","category-politik","category-religion","tag-amanda-lindholm","tag-feminism","tag-festival","tag-jamstalld-festival","tag-jamstalldhet","tag-kvotering","tag-musik","tag-stim","tag-stockholm-music-and-arts","tag-sweden-rock"],"_links":{"self":[{"href":"http:\/\/www.susannavaris.com\/blogg\/wp-json\/wp\/v2\/posts\/9587","targetHints":{"allow":["GET"]}}],"collection":[{"href":"http:\/\/www.susannavaris.com\/blogg\/wp-json\/wp\/v2\/posts"}],"about":[{"href":"http:\/\/www.susannavaris.com\/blogg\/wp-json\/wp\/v2\/types\/post"}],"author":[{"embeddable":true,"href":"http:\/\/www.susannavaris.com\/blogg\/wp-json\/wp\/v2\/users\/1"}],"replies":[{"embeddable":true,"href":"http:\/\/www.susannavaris.com\/blogg\/wp-json\/wp\/v2\/comments?post=9587"}],"version-history":[{"count":4,"href":"http:\/\/www.susannavaris.com\/blogg\/wp-json\/wp\/v2\/posts\/9587\/revisions"}],"predecessor-version":[{"id":9593,"href":"http:\/\/www.susannavaris.com\/blogg\/wp-json\/wp\/v2\/posts\/9587\/revisions\/9593"}],"wp:attachment":[{"href":"http:\/\/www.susannavaris.com\/blogg\/wp-json\/wp\/v2\/media?parent=9587"}],"wp:term":[{"taxonomy":"category","embeddable":true,"href":"http:\/\/www.susannavaris.com\/blogg\/wp-json\/wp\/v2\/categories?post=9587"},{"taxonomy":"post_tag","embeddable":true,"href":"http:\/\/www.susannavaris.com\/blogg\/wp-json\/wp\/v2\/tags?post=9587"}],"curies":[{"name":"wp","href":"https:\/\/api.w.org\/{rel}","templated":true}]}}