{"id":9595,"date":"2013-04-27T23:12:20","date_gmt":"2013-04-27T21:12:20","guid":{"rendered":"http:\/\/www.susannavaris.com\/blogg\/?p=9595"},"modified":"2013-04-27T23:12:20","modified_gmt":"2013-04-27T21:12:20","slug":"genusvetare-som-vet","status":"publish","type":"post","link":"http:\/\/www.susannavaris.com\/blogg\/2013\/04\/genusvetare-som-vet\/","title":{"rendered":"Genusvetare som vet"},"content":{"rendered":"<p><a href=\"http:\/\/www.susannavaris.com\/blogg\/wp-content\/uploads\/2013\/04\/genusvetare.jpg\"><img loading=\"lazy\" decoding=\"async\" class=\"aligncenter size-full wp-image-9596\" alt=\"genusvetare\" src=\"http:\/\/www.susannavaris.com\/blogg\/wp-content\/uploads\/2013\/04\/genusvetare.jpg\" width=\"564\" height=\"315\" srcset=\"http:\/\/www.susannavaris.com\/blogg\/wp-content\/uploads\/2013\/04\/genusvetare.jpg 564w, http:\/\/www.susannavaris.com\/blogg\/wp-content\/uploads\/2013\/04\/genusvetare-300x167.jpg 300w\" sizes=\"auto, (max-width: 564px) 100vw, 564px\" \/><\/a>\u00a0Jag roade mig med att bl\u00e4ddra lite p\u00e5 bloggen\u00a0<a href=\"http:\/\/feministbiblioteket.wordpress.com\/2011\/07\/12\/antifeminister-har-fel-om-att-biologism-ar-lika-med-vetenskap\/\">Feministbiblioteket<\/a>\u00a0och hittade denna, tv\u00e4rs\u00e4kra kommentar av en doktor i genusvetenskap, Kristina Sj\u00f6gren. Visst \u00e4r det sk\u00f6nt n\u00e4r en genusdoktor kan f\u00f6rklara hur saker och ting ligger till?<\/p>\n","protected":false},"excerpt":{"rendered":"<p>\u00a0Jag roade mig med att bl\u00e4ddra lite p\u00e5 bloggen\u00a0Feministbiblioteket\u00a0och hittade denna, tv\u00e4rs\u00e4kra kommentar av en doktor i genusvetenskap, Kristina Sj\u00f6gren. Visst \u00e4r det sk\u00f6nt n\u00e4r en genusdoktor kan f\u00f6rklara hur saker och ting ligger till?<\/p>\n","protected":false},"author":1,"featured_media":0,"comment_status":"open","ping_status":"open","sticky":false,"template":"","format":"standard","meta":{"footnotes":""},"categories":[1364,181,259,1321,1162,589,1,590],"tags":[4900,2980,4899,4903,4918,2979,1244],"class_list":["post-9595","post","type-post","status-publish","format-standard","hentry","category-bocker","category-feminism","category-genusvetenskap","category-jamstalldhet","category-kultur","category-medier","category-okategoriserade","category-politik","tag-feminism","tag-feministbiblioteket","tag-genus","tag-genusvetenskap","tag-jamstalldhet","tag-kristina-sjogren","tag-par-strom"],"_links":{"self":[{"href":"http:\/\/www.susannavaris.com\/blogg\/wp-json\/wp\/v2\/posts\/9595","targetHints":{"allow":["GET"]}}],"collection":[{"href":"http:\/\/www.susannavaris.com\/blogg\/wp-json\/wp\/v2\/posts"}],"about":[{"href":"http:\/\/www.susannavaris.com\/blogg\/wp-json\/wp\/v2\/types\/post"}],"author":[{"embeddable":true,"href":"http:\/\/www.susannavaris.com\/blogg\/wp-json\/wp\/v2\/users\/1"}],"replies":[{"embeddable":true,"href":"http:\/\/www.susannavaris.com\/blogg\/wp-json\/wp\/v2\/comments?post=9595"}],"version-history":[{"count":2,"href":"http:\/\/www.susannavaris.com\/blogg\/wp-json\/wp\/v2\/posts\/9595\/revisions"}],"predecessor-version":[{"id":9598,"href":"http:\/\/www.susannavaris.com\/blogg\/wp-json\/wp\/v2\/posts\/9595\/revisions\/9598"}],"wp:attachment":[{"href":"http:\/\/www.susannavaris.com\/blogg\/wp-json\/wp\/v2\/media?parent=9595"}],"wp:term":[{"taxonomy":"category","embeddable":true,"href":"http:\/\/www.susannavaris.com\/blogg\/wp-json\/wp\/v2\/categories?post=9595"},{"taxonomy":"post_tag","embeddable":true,"href":"http:\/\/www.susannavaris.com\/blogg\/wp-json\/wp\/v2\/tags?post=9595"}],"curies":[{"name":"wp","href":"https:\/\/api.w.org\/{rel}","templated":true}]}}