{"id":9599,"date":"2013-04-28T20:51:17","date_gmt":"2013-04-28T18:51:17","guid":{"rendered":"http:\/\/www.susannavaris.com\/blogg\/?p=9599"},"modified":"2013-04-28T20:51:17","modified_gmt":"2013-04-28T18:51:17","slug":"sondagspromenad","status":"publish","type":"post","link":"http:\/\/www.susannavaris.com\/blogg\/2013\/04\/sondagspromenad\/","title":{"rendered":"S\u00f6ndagspromenad"},"content":{"rendered":"<p style=\"text-align: center;\">Ledig s\u00f6ndag och fint v\u00e4der ledde till en promenad ner\u00e5t stan.<\/p>\n<p style=\"text-align: center;\"><a href=\"http:\/\/www.susannavaris.com\/blogg\/wp-content\/uploads\/2013\/04\/013.jpg\"><img loading=\"lazy\" decoding=\"async\" class=\"aligncenter size-full wp-image-9600\" alt=\"013\" src=\"http:\/\/www.susannavaris.com\/blogg\/wp-content\/uploads\/2013\/04\/013.jpg\" width=\"1635\" height=\"1232\" srcset=\"http:\/\/www.susannavaris.com\/blogg\/wp-content\/uploads\/2013\/04\/013.jpg 1635w, http:\/\/www.susannavaris.com\/blogg\/wp-content\/uploads\/2013\/04\/013-300x226.jpg 300w, http:\/\/www.susannavaris.com\/blogg\/wp-content\/uploads\/2013\/04\/013-1024x771.jpg 1024w\" sizes=\"auto, (max-width: 1635px) 100vw, 1635px\" \/><\/a>\u00a0<em>V\u00e5rtecken i backen nedanf\u00f6r<\/em><\/p>\n<p style=\"text-align: center;\"><a href=\"http:\/\/www.susannavaris.com\/blogg\/wp-content\/uploads\/2013\/04\/014.jpg\"><img loading=\"lazy\" decoding=\"async\" class=\"aligncenter size-full wp-image-9601\" alt=\"014\" src=\"http:\/\/www.susannavaris.com\/blogg\/wp-content\/uploads\/2013\/04\/014.jpg\" width=\"1408\" height=\"1056\" srcset=\"http:\/\/www.susannavaris.com\/blogg\/wp-content\/uploads\/2013\/04\/014.jpg 1408w, http:\/\/www.susannavaris.com\/blogg\/wp-content\/uploads\/2013\/04\/014-300x225.jpg 300w, http:\/\/www.susannavaris.com\/blogg\/wp-content\/uploads\/2013\/04\/014-1024x768.jpg 1024w\" sizes=\"auto, (max-width: 1408px) 100vw, 1408px\" \/><\/a>\u00a0<em>Slussen, som nu tydligen ska breddas (av kanske f\u00f6rst\u00e5eliga sk\u00e4l). Uffe fotar b\u00e5t.<\/em><\/p>\n<p style=\"text-align: center;\"><a href=\"http:\/\/www.susannavaris.com\/blogg\/wp-content\/uploads\/2013\/04\/DSC_0162.jpg\"><img loading=\"lazy\" decoding=\"async\" class=\"aligncenter size-full wp-image-9602\" alt=\"DSC_0162\" src=\"http:\/\/www.susannavaris.com\/blogg\/wp-content\/uploads\/2013\/04\/DSC_0162.jpg\" width=\"1421\" height=\"1788\" srcset=\"http:\/\/www.susannavaris.com\/blogg\/wp-content\/uploads\/2013\/04\/DSC_0162.jpg 1421w, http:\/\/www.susannavaris.com\/blogg\/wp-content\/uploads\/2013\/04\/DSC_0162-238x300.jpg 238w, http:\/\/www.susannavaris.com\/blogg\/wp-content\/uploads\/2013\/04\/DSC_0162-813x1024.jpg 813w\" sizes=\"auto, (max-width: 1421px) 100vw, 1421px\" \/><\/a>\u00a0<a href=\"http:\/\/www.susannavaris.com\/blogg\/wp-content\/uploads\/2013\/04\/015.jpg\"><img loading=\"lazy\" decoding=\"async\" class=\"aligncenter size-full wp-image-9603\" alt=\"015\" src=\"http:\/\/www.susannavaris.com\/blogg\/wp-content\/uploads\/2013\/04\/015.jpg\" width=\"2811\" height=\"1423\" srcset=\"http:\/\/www.susannavaris.com\/blogg\/wp-content\/uploads\/2013\/04\/015.jpg 2811w, http:\/\/www.susannavaris.com\/blogg\/wp-content\/uploads\/2013\/04\/015-300x151.jpg 300w, http:\/\/www.susannavaris.com\/blogg\/wp-content\/uploads\/2013\/04\/015-1024x518.jpg 1024w\" sizes=\"auto, (max-width: 2811px) 100vw, 2811px\" \/><\/a><em>\u00a0Vid Marenplan p\u00e5gick n\u00e5gon form av demonstration eller protesttal. P\u00e5 banderollen kunde man l\u00e4sa ungef\u00e4r &#8221;terrorismen f\u00e5r inte t\u00f6mma v\u00e5ra heml\u00e4nder p\u00e5 befolkning&#8221;&#8230;<\/em><\/p>\n<p style=\"text-align: center;\">Nere p\u00e5 stan passade vi p\u00e5 att luncha p\u00e5 Irl\u00e4ndska sportbaren Limerick och inhandla kaffekokare. Den gamla har dragit sin sista, rosslande suck. Den har varit h\u00e5rt drabbad av ledningsf\u00f6rkalkning en l\u00e4ngre tid och inte en tunna med vin\u00e4ger kunde ha hj\u00e4lpt den. S\u00e5 den \u00e4r enligt konstens alla regler is\u00e4rplockad i sina plast -, metall &#8211; och glasdelar samt \u00e5tervunnen.<\/p>\n<p style=\"text-align: center;\">F\u00f6re hemg\u00e5ng r\u00e5kade jag spana upp mot S\u00f6dert\u00e4lje Konstf\u00f6renings galleri, Galleri Kretsen, bel\u00e4gen p\u00e5 kullen vid kanalen. Det s\u00e5g ut att vara \u00f6ppet och vi kikade in. Av n\u00e5gon anledning har jag aldrig varit d\u00e4r. Lokalen ser trevlig ut (kanske kan man st\u00e4lla ut d\u00e4r n\u00e5gon g\u00e5ng&#8230;)<\/p>\n<p style=\"text-align: center;\"><a href=\"http:\/\/www.susannavaris.com\/blogg\/wp-content\/uploads\/2013\/04\/016.jpg\"><img loading=\"lazy\" decoding=\"async\" class=\"aligncenter size-full wp-image-9604\" alt=\"016\" src=\"http:\/\/www.susannavaris.com\/blogg\/wp-content\/uploads\/2013\/04\/016.jpg\" width=\"2816\" height=\"1754\" srcset=\"http:\/\/www.susannavaris.com\/blogg\/wp-content\/uploads\/2013\/04\/016.jpg 2816w, http:\/\/www.susannavaris.com\/blogg\/wp-content\/uploads\/2013\/04\/016-300x186.jpg 300w, http:\/\/www.susannavaris.com\/blogg\/wp-content\/uploads\/2013\/04\/016-1024x637.jpg 1024w\" sizes=\"auto, (max-width: 2816px) 100vw, 2816px\" \/><\/a>\u00a0<em>Fina koppar av en Berit (det var br\u00e5ttom och vi skyndade f\u00f6rbi, jag fick inte namnet med mig&#8230;)<\/em><\/p>\n<p style=\"text-align: center;\"><a href=\"http:\/\/www.susannavaris.com\/blogg\/wp-content\/uploads\/2013\/04\/018.jpg\"><img loading=\"lazy\" decoding=\"async\" class=\"aligncenter size-full wp-image-9605\" alt=\"018\" src=\"http:\/\/www.susannavaris.com\/blogg\/wp-content\/uploads\/2013\/04\/018.jpg\" width=\"1408\" height=\"1056\" srcset=\"http:\/\/www.susannavaris.com\/blogg\/wp-content\/uploads\/2013\/04\/018.jpg 1408w, http:\/\/www.susannavaris.com\/blogg\/wp-content\/uploads\/2013\/04\/018-300x225.jpg 300w, http:\/\/www.susannavaris.com\/blogg\/wp-content\/uploads\/2013\/04\/018-1024x768.jpg 1024w\" sizes=\"auto, (max-width: 1408px) 100vw, 1408px\" \/><\/a>\u00a0Det finns en fast, liten konsthandel ut\u00f6ver den aktuella utst\u00e4llaren. Bland andra fanns den duktige\u00a0<a href=\"http:\/\/www.susannavaris.com\/blogg\/2012\/12\/julsalong-pa-atelje-ponton\/\">Olof N\u00e4slund<\/a>\u00a0representerad.<\/p>\n<p style=\"text-align: center;\">Hemma igen och imorgon blir en s\u00e5 okristligt tidig morgon att jag inte ens vill t\u00e4nka tanken&#8230;<\/p>\n","protected":false},"excerpt":{"rendered":"<p>Ledig s\u00f6ndag och fint v\u00e4der ledde till en promenad ner\u00e5t stan. \u00a0V\u00e5rtecken i backen nedanf\u00f6r \u00a0Slussen, som nu tydligen ska breddas (av kanske f\u00f6rst\u00e5eliga sk\u00e4l). Uffe fotar b\u00e5t. \u00a0\u00a0Vid Marenplan p\u00e5gick n\u00e5gon form av demonstration eller protesttal. P\u00e5 banderollen kunde &hellip; <a href=\"http:\/\/www.susannavaris.com\/blogg\/2013\/04\/sondagspromenad\/\">Forts\u00e4tt l\u00e4sa <span class=\"meta-nav\">&rarr;<\/span><\/a><\/p>\n","protected":false},"author":1,"featured_media":0,"comment_status":"open","ping_status":"open","sticky":false,"template":"","format":"standard","meta":{"footnotes":""},"categories":[3,1162,1,590],"tags":[2983,2984,2985,2981,2982,2556,1006,121,2986],"class_list":["post-9599","post","type-post","status-publish","format-standard","hentry","category-konst","category-kultur","category-okategoriserade","category-politik","tag-demonstration","tag-fotograf","tag-galleri-kretsen","tag-maren","tag-marenplan","tag-olof-naslund","tag-slussen","tag-sodertalje","tag-sodertalje-konstforening"],"_links":{"self":[{"href":"http:\/\/www.susannavaris.com\/blogg\/wp-json\/wp\/v2\/posts\/9599","targetHints":{"allow":["GET"]}}],"collection":[{"href":"http:\/\/www.susannavaris.com\/blogg\/wp-json\/wp\/v2\/posts"}],"about":[{"href":"http:\/\/www.susannavaris.com\/blogg\/wp-json\/wp\/v2\/types\/post"}],"author":[{"embeddable":true,"href":"http:\/\/www.susannavaris.com\/blogg\/wp-json\/wp\/v2\/users\/1"}],"replies":[{"embeddable":true,"href":"http:\/\/www.susannavaris.com\/blogg\/wp-json\/wp\/v2\/comments?post=9599"}],"version-history":[{"count":1,"href":"http:\/\/www.susannavaris.com\/blogg\/wp-json\/wp\/v2\/posts\/9599\/revisions"}],"predecessor-version":[{"id":9606,"href":"http:\/\/www.susannavaris.com\/blogg\/wp-json\/wp\/v2\/posts\/9599\/revisions\/9606"}],"wp:attachment":[{"href":"http:\/\/www.susannavaris.com\/blogg\/wp-json\/wp\/v2\/media?parent=9599"}],"wp:term":[{"taxonomy":"category","embeddable":true,"href":"http:\/\/www.susannavaris.com\/blogg\/wp-json\/wp\/v2\/categories?post=9599"},{"taxonomy":"post_tag","embeddable":true,"href":"http:\/\/www.susannavaris.com\/blogg\/wp-json\/wp\/v2\/tags?post=9599"}],"curies":[{"name":"wp","href":"https:\/\/api.w.org\/{rel}","templated":true}]}}