{"id":9611,"date":"2013-04-30T11:30:30","date_gmt":"2013-04-30T09:30:30","guid":{"rendered":"http:\/\/www.susannavaris.com\/blogg\/?p=9611"},"modified":"2013-05-01T00:38:05","modified_gmt":"2013-04-30T22:38:05","slug":"konferens-pa-viking-grace","status":"publish","type":"post","link":"http:\/\/www.susannavaris.com\/blogg\/2013\/04\/konferens-pa-viking-grace\/","title":{"rendered":"Konferens p\u00e5 Viking Grace"},"content":{"rendered":"<p>Ig\u00e5r var det planeringskonferens f\u00f6r skyddsombuden p\u00e5 firman. Konferensen tilldrog sig p\u00e5 den nya Viking Line-f\u00e4rjan Viking Grace&#8230;<\/p>\n<p style=\"text-align: center;\"><a href=\"http:\/\/www.susannavaris.com\/blogg\/wp-content\/uploads\/2013\/04\/sonny01-crop.jpg\"><img loading=\"lazy\" decoding=\"async\" class=\"aligncenter size-full wp-image-9612\" alt=\"sonny01-crop\" src=\"http:\/\/www.susannavaris.com\/blogg\/wp-content\/uploads\/2013\/04\/sonny01-crop.jpg\" width=\"848\" height=\"434\" srcset=\"http:\/\/www.susannavaris.com\/blogg\/wp-content\/uploads\/2013\/04\/sonny01-crop.jpg 848w, http:\/\/www.susannavaris.com\/blogg\/wp-content\/uploads\/2013\/04\/sonny01-crop-300x153.jpg 300w\" sizes=\"auto, (max-width: 848px) 100vw, 848px\" \/><\/a>\u00a0<em>Foto: Sonny Johansson<\/em><\/p>\n<p style=\"text-align: center;\"><a href=\"http:\/\/www.susannavaris.com\/blogg\/wp-content\/uploads\/2013\/04\/DSC_0832-50.jpg\"><img loading=\"lazy\" decoding=\"async\" class=\"aligncenter size-full wp-image-9613\" alt=\"DSC_0832-50\" src=\"http:\/\/www.susannavaris.com\/blogg\/wp-content\/uploads\/2013\/04\/DSC_0832-50.jpg\" width=\"2304\" height=\"1536\" srcset=\"http:\/\/www.susannavaris.com\/blogg\/wp-content\/uploads\/2013\/04\/DSC_0832-50.jpg 2304w, http:\/\/www.susannavaris.com\/blogg\/wp-content\/uploads\/2013\/04\/DSC_0832-50-300x200.jpg 300w, http:\/\/www.susannavaris.com\/blogg\/wp-content\/uploads\/2013\/04\/DSC_0832-50-1024x682.jpg 1024w\" sizes=\"auto, (max-width: 2304px) 100vw, 2304px\" \/><\/a>\u00a0<em>Frukost med en salig blandning av b\u00e5de lax och karelska piroger i sann finlandsf\u00e4rjestil&#8230;<\/em><\/p>\n<p style=\"text-align: center;\"><a href=\"http:\/\/www.susannavaris.com\/blogg\/wp-content\/uploads\/2013\/04\/DSC_0834-50.jpg\"><img loading=\"lazy\" decoding=\"async\" class=\"aligncenter size-full wp-image-9614\" alt=\"DSC_0834-50\" src=\"http:\/\/www.susannavaris.com\/blogg\/wp-content\/uploads\/2013\/04\/DSC_0834-50.jpg\" width=\"2304\" height=\"1536\" srcset=\"http:\/\/www.susannavaris.com\/blogg\/wp-content\/uploads\/2013\/04\/DSC_0834-50.jpg 2304w, http:\/\/www.susannavaris.com\/blogg\/wp-content\/uploads\/2013\/04\/DSC_0834-50-300x200.jpg 300w, http:\/\/www.susannavaris.com\/blogg\/wp-content\/uploads\/2013\/04\/DSC_0834-50-1024x682.jpg 1024w\" sizes=\"auto, (max-width: 2304px) 100vw, 2304px\" \/><\/a>\u00a0<em>Spaning ute p\u00e5 d\u00e4ck&#8230;<\/em><\/p>\n<p style=\"text-align: center;\"><a href=\"http:\/\/www.susannavaris.com\/blogg\/wp-content\/uploads\/2013\/04\/DSC_0836-50.jpg\"><img loading=\"lazy\" decoding=\"async\" class=\"aligncenter size-full wp-image-9615\" alt=\"DSC_0836-50\" src=\"http:\/\/www.susannavaris.com\/blogg\/wp-content\/uploads\/2013\/04\/DSC_0836-50.jpg\" width=\"1536\" height=\"2304\" srcset=\"http:\/\/www.susannavaris.com\/blogg\/wp-content\/uploads\/2013\/04\/DSC_0836-50.jpg 1536w, http:\/\/www.susannavaris.com\/blogg\/wp-content\/uploads\/2013\/04\/DSC_0836-50-200x300.jpg 200w, http:\/\/www.susannavaris.com\/blogg\/wp-content\/uploads\/2013\/04\/DSC_0836-50-682x1024.jpg 682w\" sizes=\"auto, (max-width: 1536px) 100vw, 1536px\" \/><\/a>\u00a0<em>Champagnebar med pianomusik&#8230;<\/em><\/p>\n<p style=\"text-align: center;\"><a href=\"http:\/\/www.susannavaris.com\/blogg\/wp-content\/uploads\/2013\/04\/DSC_0838-crop.jpg\"><img loading=\"lazy\" decoding=\"async\" class=\"aligncenter size-full wp-image-9616\" alt=\"DSC_0838-crop\" src=\"http:\/\/www.susannavaris.com\/blogg\/wp-content\/uploads\/2013\/04\/DSC_0838-crop.jpg\" width=\"1986\" height=\"3173\" srcset=\"http:\/\/www.susannavaris.com\/blogg\/wp-content\/uploads\/2013\/04\/DSC_0838-crop.jpg 1986w, http:\/\/www.susannavaris.com\/blogg\/wp-content\/uploads\/2013\/04\/DSC_0838-crop-187x300.jpg 187w, http:\/\/www.susannavaris.com\/blogg\/wp-content\/uploads\/2013\/04\/DSC_0838-crop-640x1024.jpg 640w\" sizes=\"auto, (max-width: 1986px) 100vw, 1986px\" \/><\/a>\u00a0<a href=\"http:\/\/www.susannavaris.com\/blogg\/wp-content\/uploads\/2013\/04\/sonny05.jpg\"><img loading=\"lazy\" decoding=\"async\" class=\"aligncenter size-full wp-image-9617\" alt=\"sonny05\" src=\"http:\/\/www.susannavaris.com\/blogg\/wp-content\/uploads\/2013\/04\/sonny05.jpg\" width=\"1024\" height=\"768\" srcset=\"http:\/\/www.susannavaris.com\/blogg\/wp-content\/uploads\/2013\/04\/sonny05.jpg 1024w, http:\/\/www.susannavaris.com\/blogg\/wp-content\/uploads\/2013\/04\/sonny05-300x225.jpg 300w\" sizes=\"auto, (max-width: 1024px) 100vw, 1024px\" \/><\/a><em>\u00a0Jag hade varit vaken sedan 02.45 p\u00e5 morgonen&#8230;<\/em><\/p>\n<p style=\"text-align: center;\"><a href=\"http:\/\/www.susannavaris.com\/blogg\/wp-content\/uploads\/2013\/04\/DSC_0840.jpg\"><img loading=\"lazy\" decoding=\"async\" class=\"aligncenter size-full wp-image-9618\" alt=\"DSC_0840\" src=\"http:\/\/www.susannavaris.com\/blogg\/wp-content\/uploads\/2013\/04\/DSC_0840.jpg\" width=\"4499\" height=\"1629\" srcset=\"http:\/\/www.susannavaris.com\/blogg\/wp-content\/uploads\/2013\/04\/DSC_0840.jpg 4499w, http:\/\/www.susannavaris.com\/blogg\/wp-content\/uploads\/2013\/04\/DSC_0840-300x108.jpg 300w, http:\/\/www.susannavaris.com\/blogg\/wp-content\/uploads\/2013\/04\/DSC_0840-1024x370.jpg 1024w\" sizes=\"auto, (max-width: 4499px) 100vw, 4499px\" \/><\/a>\u00a0<em>Mariehamn och konfererandet var avklarat. Byte av b\u00e5t.<\/em><\/p>\n<p style=\"text-align: center;\"><a href=\"http:\/\/www.susannavaris.com\/blogg\/wp-content\/uploads\/2013\/04\/DSC_0841-50.jpg\"><img loading=\"lazy\" decoding=\"async\" class=\"aligncenter size-full wp-image-9619\" alt=\"DSC_0841-50\" src=\"http:\/\/www.susannavaris.com\/blogg\/wp-content\/uploads\/2013\/04\/DSC_0841-50.jpg\" width=\"2304\" height=\"1536\" srcset=\"http:\/\/www.susannavaris.com\/blogg\/wp-content\/uploads\/2013\/04\/DSC_0841-50.jpg 2304w, http:\/\/www.susannavaris.com\/blogg\/wp-content\/uploads\/2013\/04\/DSC_0841-50-300x200.jpg 300w, http:\/\/www.susannavaris.com\/blogg\/wp-content\/uploads\/2013\/04\/DSC_0841-50-1024x682.jpg 1024w\" sizes=\"auto, (max-width: 2304px) 100vw, 2304px\" \/><\/a><em>\u00a0Puben k\u00f6rde franskt tema med fr\u00e5get\u00e4vling, pantomim och franska evergreens framf\u00f6rda av en duo som inte alls uppskattade att publiken pratade, umgicks eller ens existerade. S\u00e5 vi bytte bar.<\/em><\/p>\n<p style=\"text-align: center;\"><a href=\"http:\/\/www.susannavaris.com\/blogg\/wp-content\/uploads\/2013\/04\/DSC_0843-50.jpg\"><img loading=\"lazy\" decoding=\"async\" class=\"aligncenter size-full wp-image-9620\" alt=\"DSC_0843-50\" src=\"http:\/\/www.susannavaris.com\/blogg\/wp-content\/uploads\/2013\/04\/DSC_0843-50.jpg\" width=\"1536\" height=\"2304\" srcset=\"http:\/\/www.susannavaris.com\/blogg\/wp-content\/uploads\/2013\/04\/DSC_0843-50.jpg 1536w, http:\/\/www.susannavaris.com\/blogg\/wp-content\/uploads\/2013\/04\/DSC_0843-50-200x300.jpg 200w, http:\/\/www.susannavaris.com\/blogg\/wp-content\/uploads\/2013\/04\/DSC_0843-50-682x1024.jpg 682w\" sizes=\"auto, (max-width: 1536px) 100vw, 1536px\" \/><\/a>\u00a0<em>Paparazzi \u00f6verallt&#8230;<\/em><\/p>\n<p style=\"text-align: center;\"><a href=\"http:\/\/www.susannavaris.com\/blogg\/wp-content\/uploads\/2013\/04\/sonny02-crop.jpg\"><img loading=\"lazy\" decoding=\"async\" class=\"aligncenter size-full wp-image-9621\" alt=\"sonny02-crop\" src=\"http:\/\/www.susannavaris.com\/blogg\/wp-content\/uploads\/2013\/04\/sonny02-crop.jpg\" width=\"1023\" height=\"633\" srcset=\"http:\/\/www.susannavaris.com\/blogg\/wp-content\/uploads\/2013\/04\/sonny02-crop.jpg 1023w, http:\/\/www.susannavaris.com\/blogg\/wp-content\/uploads\/2013\/04\/sonny02-crop-300x185.jpg 300w\" sizes=\"auto, (max-width: 1023px) 100vw, 1023px\" \/><\/a>\u00a0<em>Uffe agerar paparazzi, jag sittdansar till Barry Manilow-covers (eller vad det nu var just d\u00e4r&#8230;)<\/em><\/p>\n<p style=\"text-align: center;\"><a href=\"http:\/\/www.susannavaris.com\/blogg\/wp-content\/uploads\/2013\/04\/sonny06.jpg\"><img loading=\"lazy\" decoding=\"async\" class=\"aligncenter size-full wp-image-9631\" alt=\"sonny06\" src=\"http:\/\/www.susannavaris.com\/blogg\/wp-content\/uploads\/2013\/04\/sonny06.jpg\" width=\"800\" height=\"600\" srcset=\"http:\/\/www.susannavaris.com\/blogg\/wp-content\/uploads\/2013\/04\/sonny06.jpg 800w, http:\/\/www.susannavaris.com\/blogg\/wp-content\/uploads\/2013\/04\/sonny06-300x225.jpg 300w\" sizes=\"auto, (max-width: 800px) 100vw, 800px\" \/><\/a>\u00a0<em>Lite coolare s\u00e5 h\u00e4r&#8230;<\/em><\/p>\n<p style=\"text-align: center;\"><a href=\"http:\/\/www.susannavaris.com\/blogg\/wp-content\/uploads\/2013\/04\/sonny04.jpg\"><img loading=\"lazy\" decoding=\"async\" class=\"aligncenter size-full wp-image-9622\" alt=\"sonny04\" src=\"http:\/\/www.susannavaris.com\/blogg\/wp-content\/uploads\/2013\/04\/sonny04.jpg\" width=\"1024\" height=\"768\" srcset=\"http:\/\/www.susannavaris.com\/blogg\/wp-content\/uploads\/2013\/04\/sonny04.jpg 1024w, http:\/\/www.susannavaris.com\/blogg\/wp-content\/uploads\/2013\/04\/sonny04-300x225.jpg 300w\" sizes=\"auto, (max-width: 1024px) 100vw, 1024px\" \/><\/a>\u00a0<a href=\"http:\/\/www.susannavaris.com\/blogg\/wp-content\/uploads\/2013\/04\/DSC_0846-50.jpg\"><img loading=\"lazy\" decoding=\"async\" class=\"aligncenter size-full wp-image-9623\" alt=\"DSC_0846-50\" src=\"http:\/\/www.susannavaris.com\/blogg\/wp-content\/uploads\/2013\/04\/DSC_0846-50.jpg\" width=\"2304\" height=\"1536\" srcset=\"http:\/\/www.susannavaris.com\/blogg\/wp-content\/uploads\/2013\/04\/DSC_0846-50.jpg 2304w, http:\/\/www.susannavaris.com\/blogg\/wp-content\/uploads\/2013\/04\/DSC_0846-50-300x200.jpg 300w, http:\/\/www.susannavaris.com\/blogg\/wp-content\/uploads\/2013\/04\/DSC_0846-50-1024x682.jpg 1024w\" sizes=\"auto, (max-width: 2304px) 100vw, 2304px\" \/><\/a>\u00a0<em>Den lokale Barry Manilow med passande anhang&#8230;<\/em><\/p>\n<p style=\"text-align: center;\"><a href=\"http:\/\/www.susannavaris.com\/blogg\/wp-content\/uploads\/2013\/04\/DSC_0847-50.jpg\"><img loading=\"lazy\" decoding=\"async\" class=\"aligncenter size-full wp-image-9624\" alt=\"DSC_0847-50\" src=\"http:\/\/www.susannavaris.com\/blogg\/wp-content\/uploads\/2013\/04\/DSC_0847-50.jpg\" width=\"1359\" height=\"1955\" srcset=\"http:\/\/www.susannavaris.com\/blogg\/wp-content\/uploads\/2013\/04\/DSC_0847-50.jpg 1359w, http:\/\/www.susannavaris.com\/blogg\/wp-content\/uploads\/2013\/04\/DSC_0847-50-208x300.jpg 208w, http:\/\/www.susannavaris.com\/blogg\/wp-content\/uploads\/2013\/04\/DSC_0847-50-711x1024.jpg 711w\" sizes=\"auto, (max-width: 1359px) 100vw, 1359px\" \/><\/a>\u00a0<a href=\"http:\/\/www.susannavaris.com\/blogg\/wp-content\/uploads\/2013\/04\/DSC_0848-50.jpg\"><img loading=\"lazy\" decoding=\"async\" class=\"aligncenter size-full wp-image-9625\" alt=\"DSC_0848-50\" src=\"http:\/\/www.susannavaris.com\/blogg\/wp-content\/uploads\/2013\/04\/DSC_0848-50.jpg\" width=\"1033\" height=\"1568\" srcset=\"http:\/\/www.susannavaris.com\/blogg\/wp-content\/uploads\/2013\/04\/DSC_0848-50.jpg 1033w, http:\/\/www.susannavaris.com\/blogg\/wp-content\/uploads\/2013\/04\/DSC_0848-50-197x300.jpg 197w, http:\/\/www.susannavaris.com\/blogg\/wp-content\/uploads\/2013\/04\/DSC_0848-50-674x1024.jpg 674w\" sizes=\"auto, (max-width: 1033px) 100vw, 1033px\" \/><\/a>\u00a0<a href=\"http:\/\/www.susannavaris.com\/blogg\/wp-content\/uploads\/2013\/04\/DSC_0849-50.jpg\"><img loading=\"lazy\" decoding=\"async\" class=\"aligncenter size-full wp-image-9626\" alt=\"DSC_0849-50\" src=\"http:\/\/www.susannavaris.com\/blogg\/wp-content\/uploads\/2013\/04\/DSC_0849-50.jpg\" width=\"2265\" height=\"1210\" srcset=\"http:\/\/www.susannavaris.com\/blogg\/wp-content\/uploads\/2013\/04\/DSC_0849-50.jpg 2265w, http:\/\/www.susannavaris.com\/blogg\/wp-content\/uploads\/2013\/04\/DSC_0849-50-300x160.jpg 300w, http:\/\/www.susannavaris.com\/blogg\/wp-content\/uploads\/2013\/04\/DSC_0849-50-1024x547.jpg 1024w\" sizes=\"auto, (max-width: 2265px) 100vw, 2265px\" \/><\/a>\u00a0<em>Det blev f\u00f6rst\u00e5s lite tax-free shopping (som ju i sig inte \u00e4r m\u00e4rkbart billigt l\u00e4ngre)&#8230;jag har tittat efter en s\u00e5dan h\u00e4r CK-l\u00e5da med olika sm\u00e5flaskor l\u00e4nge och nu fanns det!<\/em><\/p>\n<p style=\"text-align: center;\"><a href=\"http:\/\/www.susannavaris.com\/blogg\/wp-content\/uploads\/2013\/04\/DSC_0850-50.jpg\"><img loading=\"lazy\" decoding=\"async\" class=\"aligncenter size-full wp-image-9627\" alt=\"DSC_0850-50\" src=\"http:\/\/www.susannavaris.com\/blogg\/wp-content\/uploads\/2013\/04\/DSC_0850-50.jpg\" width=\"1766\" height=\"1445\" srcset=\"http:\/\/www.susannavaris.com\/blogg\/wp-content\/uploads\/2013\/04\/DSC_0850-50.jpg 1766w, http:\/\/www.susannavaris.com\/blogg\/wp-content\/uploads\/2013\/04\/DSC_0850-50-300x245.jpg 300w, http:\/\/www.susannavaris.com\/blogg\/wp-content\/uploads\/2013\/04\/DSC_0850-50-1024x837.jpg 1024w\" sizes=\"auto, (max-width: 1766px) 100vw, 1766px\" \/><\/a>\u00a0<em>Smaka och du \u00e4r fast! Oslagbart goda&#8230;<\/em><\/p>\n<p style=\"text-align: center;\">Ig\u00e5r kv\u00e4ll beh\u00f6vde jag ingen godnattsaga, jag var borta innan huvudet n\u00e5dde kudden. Men det var en trevlig dag och bra konferens. Viking Grace skulle tom vara rolig att \u00e5ka bara f\u00f6r skojs skull, f\u00e4rjan \u00e4r snyggt inredd och har en lockande spa-avdelning. Samt champagne-bar&#8230;<\/p>\n<p style=\"text-align: center;\">\n","protected":false},"excerpt":{"rendered":"<p>Ig\u00e5r var det planeringskonferens f\u00f6r skyddsombuden p\u00e5 firman. Konferensen tilldrog sig p\u00e5 den nya Viking Line-f\u00e4rjan Viking Grace&#8230; \u00a0Foto: Sonny Johansson \u00a0Frukost med en salig blandning av b\u00e5de lax och karelska piroger i sann finlandsf\u00e4rjestil&#8230; \u00a0Spaning ute p\u00e5 d\u00e4ck&#8230; \u00a0Champagnebar &hellip; <a href=\"http:\/\/www.susannavaris.com\/blogg\/2013\/04\/konferens-pa-viking-grace\/\">Forts\u00e4tt l\u00e4sa <span class=\"meta-nav\">&rarr;<\/span><\/a><\/p>\n","protected":false},"author":1,"featured_media":0,"comment_status":"open","ping_status":"open","sticky":false,"template":"","format":"standard","meta":{"footnotes":""},"categories":[107,1162,1],"tags":[2994,2991,2992,721,2989,2995,2996,206,2993,1524,1525,2990,495],"class_list":["post-9611","post","type-post","status-publish","format-standard","hentry","category-finland","category-kultur","category-okategoriserade","tag-bar","tag-calvin-klein","tag-champagnebar","tag-fazer","tag-konferens","tag-kryssning","tag-mariehamn","tag-pub","tag-show","tag-skyddsombud","tag-skyddsombudsmote","tag-vikig-grave","tag-viking-line"],"_links":{"self":[{"href":"http:\/\/www.susannavaris.com\/blogg\/wp-json\/wp\/v2\/posts\/9611","targetHints":{"allow":["GET"]}}],"collection":[{"href":"http:\/\/www.susannavaris.com\/blogg\/wp-json\/wp\/v2\/posts"}],"about":[{"href":"http:\/\/www.susannavaris.com\/blogg\/wp-json\/wp\/v2\/types\/post"}],"author":[{"embeddable":true,"href":"http:\/\/www.susannavaris.com\/blogg\/wp-json\/wp\/v2\/users\/1"}],"replies":[{"embeddable":true,"href":"http:\/\/www.susannavaris.com\/blogg\/wp-json\/wp\/v2\/comments?post=9611"}],"version-history":[{"count":5,"href":"http:\/\/www.susannavaris.com\/blogg\/wp-json\/wp\/v2\/posts\/9611\/revisions"}],"predecessor-version":[{"id":9632,"href":"http:\/\/www.susannavaris.com\/blogg\/wp-json\/wp\/v2\/posts\/9611\/revisions\/9632"}],"wp:attachment":[{"href":"http:\/\/www.susannavaris.com\/blogg\/wp-json\/wp\/v2\/media?parent=9611"}],"wp:term":[{"taxonomy":"category","embeddable":true,"href":"http:\/\/www.susannavaris.com\/blogg\/wp-json\/wp\/v2\/categories?post=9611"},{"taxonomy":"post_tag","embeddable":true,"href":"http:\/\/www.susannavaris.com\/blogg\/wp-json\/wp\/v2\/tags?post=9611"}],"curies":[{"name":"wp","href":"https:\/\/api.w.org\/{rel}","templated":true}]}}