{"id":9634,"date":"2013-05-03T16:11:53","date_gmt":"2013-05-03T14:11:53","guid":{"rendered":"http:\/\/www.susannavaris.com\/blogg\/?p=9634"},"modified":"2013-05-03T16:13:38","modified_gmt":"2013-05-03T14:13:38","slug":"skattetider","status":"publish","type":"post","link":"http:\/\/www.susannavaris.com\/blogg\/2013\/05\/skattetider\/","title":{"rendered":"Skattetider"},"content":{"rendered":"<p><a href=\"http:\/\/www.susannavaris.com\/blogg\/wp-content\/uploads\/2013\/05\/Taxes.png\"><img loading=\"lazy\" decoding=\"async\" class=\"aligncenter size-full wp-image-9635\" alt=\"Taxes\" src=\"http:\/\/www.susannavaris.com\/blogg\/wp-content\/uploads\/2013\/05\/Taxes.png\" width=\"400\" height=\"254\" srcset=\"http:\/\/www.susannavaris.com\/blogg\/wp-content\/uploads\/2013\/05\/Taxes.png 400w, http:\/\/www.susannavaris.com\/blogg\/wp-content\/uploads\/2013\/05\/Taxes-300x190.png 300w\" sizes=\"auto, (max-width: 400px) 100vw, 400px\" \/><\/a>\u00a0Kuvertet med deklarationsblanketterna kom hem i brevl\u00e5dan f\u00f6r en tid sedan. &#8221;Bra&#8221;, t\u00e4nkte jag, &#8221;d\u00e5 ska jag se till att deklarera i god tid s\u00e5 att det inte blir stress med det&#8221;.<\/p>\n<p>Jag lade blanketten p\u00e5 en hylla, d\u00e4r jag hela tiden skulle se den, i arbetsrummet.<\/p>\n<p>Sedan gjorde jag annat.<\/p>\n<p>Sedan gjorde jag \u00e4nnu mera annat.<\/p>\n<p>Ig\u00e5r kv\u00e4ll, vid ca 21.30, satt jag i vanlig ordning med laptopen i vardagsrummet, fullt upptagen med ytterligare mera annat. P\u00e5 tv talas det om deklaration och jag fr\u00e5gar lite sl\u00f6tt: &#8221;N\u00e4r skulle deklarationen vara inl\u00e4mnad egentligen&#8230;?&#8221;<\/p>\n<p>&#8221;Senast vid midnatt ikv\u00e4ll&#8221;, s\u00e4ger Uffe.<\/p>\n<p>Sedan minns jag inte s\u00e5 mycket mer. P\u00e4rm, blankett, siffror, minir\u00e4knare, panik, tunnelseende, telefonk\u00f6 till taxi, ut till bussh\u00e5llplatsen, missa buss med en halv minut, ringa taxi igen, taxi f\u00f6rsenad, taxi kommer, bro\u00f6ppning med en j\u00e4ttef\u00e4rja i horisonten, Skattekontorets adress, d\u00e4r det enbart \u00e5terfanns en brevl\u00e5da till Kronofogden och en till Beroendecentrum, panik, mera panik, taxi som kommer f\u00f6rbi och ropar ut en adress (stor bukett blommor till denne taxif\u00f6rare), mera taxi\u00e5kning och&#8230;23.30 l\u00e4gger jag ner kuvertet i brevl\u00e5dan. Redan avsminkad och nattkr\u00e4m i ansiktet och med tr\u00e4ningsoverall p\u00e5.<\/p>\n<p>Jag hade en blankett som m\u00e5ste l\u00e4mnas in, annars hade jag ringt in. Elektronisk legitimation fungerade inte att f\u00e5 genom Swedbank sist jag f\u00f6rs\u00f6kte, det blev bara fel hela tiden.<\/p>\n<p>Vad l\u00e4r jag mig av detta? F\u00f6rhoppningsvis att deklarera p\u00e5 en g\u00e5ng blanketterna kommer n\u00e4sta g\u00e5ng&#8230;men antagligen ingenting.<\/p>\n","protected":false},"excerpt":{"rendered":"<p>\u00a0Kuvertet med deklarationsblanketterna kom hem i brevl\u00e5dan f\u00f6r en tid sedan. &#8221;Bra&#8221;, t\u00e4nkte jag, &#8221;d\u00e5 ska jag se till att deklarera i god tid s\u00e5 att det inte blir stress med det&#8221;. Jag lade blanketten p\u00e5 en hylla, d\u00e4r jag &hellip; <a href=\"http:\/\/www.susannavaris.com\/blogg\/2013\/05\/skattetider\/\">Forts\u00e4tt l\u00e4sa <span class=\"meta-nav\">&rarr;<\/span><\/a><\/p>\n","protected":false},"author":1,"featured_media":0,"comment_status":"open","ping_status":"open","sticky":false,"template":"","format":"standard","meta":{"footnotes":""},"categories":[1],"tags":[2997,3000,2999,2998,3002,3001],"class_list":["post-9634","post","type-post","status-publish","format-standard","hentry","category-okategoriserade","tag-deklaration","tag-skattekontoret-sodertalje","tag-skattemyndigheten","tag-skatteverket","tag-taxi","tag-taxiforare"],"_links":{"self":[{"href":"http:\/\/www.susannavaris.com\/blogg\/wp-json\/wp\/v2\/posts\/9634","targetHints":{"allow":["GET"]}}],"collection":[{"href":"http:\/\/www.susannavaris.com\/blogg\/wp-json\/wp\/v2\/posts"}],"about":[{"href":"http:\/\/www.susannavaris.com\/blogg\/wp-json\/wp\/v2\/types\/post"}],"author":[{"embeddable":true,"href":"http:\/\/www.susannavaris.com\/blogg\/wp-json\/wp\/v2\/users\/1"}],"replies":[{"embeddable":true,"href":"http:\/\/www.susannavaris.com\/blogg\/wp-json\/wp\/v2\/comments?post=9634"}],"version-history":[{"count":4,"href":"http:\/\/www.susannavaris.com\/blogg\/wp-json\/wp\/v2\/posts\/9634\/revisions"}],"predecessor-version":[{"id":9639,"href":"http:\/\/www.susannavaris.com\/blogg\/wp-json\/wp\/v2\/posts\/9634\/revisions\/9639"}],"wp:attachment":[{"href":"http:\/\/www.susannavaris.com\/blogg\/wp-json\/wp\/v2\/media?parent=9634"}],"wp:term":[{"taxonomy":"category","embeddable":true,"href":"http:\/\/www.susannavaris.com\/blogg\/wp-json\/wp\/v2\/categories?post=9634"},{"taxonomy":"post_tag","embeddable":true,"href":"http:\/\/www.susannavaris.com\/blogg\/wp-json\/wp\/v2\/tags?post=9634"}],"curies":[{"name":"wp","href":"https:\/\/api.w.org\/{rel}","templated":true}]}}