{"id":9640,"date":"2013-05-03T19:15:58","date_gmt":"2013-05-03T17:15:58","guid":{"rendered":"http:\/\/www.susannavaris.com\/blogg\/?p=9640"},"modified":"2013-05-03T19:18:50","modified_gmt":"2013-05-03T17:18:50","slug":"terroristen-ar-en-man","status":"publish","type":"post","link":"http:\/\/www.susannavaris.com\/blogg\/2013\/05\/terroristen-ar-en-man\/","title":{"rendered":"Terroristen \u00e4r en man"},"content":{"rendered":"<p><a href=\"http:\/\/www.susannavaris.com\/blogg\/wp-content\/uploads\/2013\/05\/black-panther-most-wanted-terrorist-list-.si_.jpg\"><img loading=\"lazy\" decoding=\"async\" class=\"aligncenter size-full wp-image-9641\" alt=\"black-panther-most-wanted-terrorist-list-.si\" src=\"http:\/\/www.susannavaris.com\/blogg\/wp-content\/uploads\/2013\/05\/black-panther-most-wanted-terrorist-list-.si_.jpg\" width=\"690\" height=\"388\" srcset=\"http:\/\/www.susannavaris.com\/blogg\/wp-content\/uploads\/2013\/05\/black-panther-most-wanted-terrorist-list-.si_.jpg 690w, http:\/\/www.susannavaris.com\/blogg\/wp-content\/uploads\/2013\/05\/black-panther-most-wanted-terrorist-list-.si_-300x168.jpg 300w\" sizes=\"auto, (max-width: 690px) 100vw, 690px\" \/><\/a><\/p>\n<p>&#8230;<a href=\"http:\/\/www.susannavaris.com\/blogg\/2013\/04\/dn-feminism-fortsatter\/\">menade<\/a> ju DN h\u00e4rf\u00f6rleden. Nu har denna kvinna, Joanne Chesimard (Tupac Shakurs faster), tagits upp p\u00e5 FBI:s <a href=\"http:\/\/www.fbi.gov\/news\/stories\/2013\/may\/joanne-chesimard-first-woman-named-most-wanted-terrorists-list\/joanne-chesimard-first-woman-named-to-most-wanted-terrorists-list\">lista<\/a>\u00a0\u00f6ver inhemska terrorister.<\/p>\n<p><a href=\"http:\/\/www.aftonbladet.se\/nyheter\/article16714497.ab\">Aftonbladet<\/a><\/p>\n<p><a href=\"http:\/\/www.susannavaris.com\/blogg\/wp-content\/uploads\/2013\/05\/joanne.jpg\"><img loading=\"lazy\" decoding=\"async\" class=\"aligncenter size-full wp-image-9644\" alt=\"joanne\" src=\"http:\/\/www.susannavaris.com\/blogg\/wp-content\/uploads\/2013\/05\/joanne.jpg\" width=\"687\" height=\"551\" srcset=\"http:\/\/www.susannavaris.com\/blogg\/wp-content\/uploads\/2013\/05\/joanne.jpg 687w, http:\/\/www.susannavaris.com\/blogg\/wp-content\/uploads\/2013\/05\/joanne-300x240.jpg 300w\" sizes=\"auto, (max-width: 687px) 100vw, 687px\" \/><\/a><\/p>\n","protected":false},"excerpt":{"rendered":"<p>&#8230;menade ju DN h\u00e4rf\u00f6rleden. Nu har denna kvinna, Joanne Chesimard (Tupac Shakurs faster), tagits upp p\u00e5 FBI:s lista\u00a0\u00f6ver inhemska terrorister. Aftonbladet<\/p>\n","protected":false},"author":1,"featured_media":0,"comment_status":"open","ping_status":"open","sticky":false,"template":"","format":"standard","meta":{"footnotes":""},"categories":[181,259,674,1321,1928,589,994,1,590,403],"tags":[175,3006,4900,4899,3003,3005,449,3007,3004],"class_list":["post-9640","post","type-post","status-publish","format-standard","hentry","category-feminism","category-genusvetenskap","category-historia","category-jamstalldhet","category-journalistik","category-medier","category-musik","category-okategoriserade","category-politik","category-pseudovetenskap","tag-dn","tag-fbi","tag-feminism","tag-genus","tag-joanne-chesimard","tag-shakur","tag-terrorism","tag-terrorist","tag-tupac"],"_links":{"self":[{"href":"http:\/\/www.susannavaris.com\/blogg\/wp-json\/wp\/v2\/posts\/9640","targetHints":{"allow":["GET"]}}],"collection":[{"href":"http:\/\/www.susannavaris.com\/blogg\/wp-json\/wp\/v2\/posts"}],"about":[{"href":"http:\/\/www.susannavaris.com\/blogg\/wp-json\/wp\/v2\/types\/post"}],"author":[{"embeddable":true,"href":"http:\/\/www.susannavaris.com\/blogg\/wp-json\/wp\/v2\/users\/1"}],"replies":[{"embeddable":true,"href":"http:\/\/www.susannavaris.com\/blogg\/wp-json\/wp\/v2\/comments?post=9640"}],"version-history":[{"count":3,"href":"http:\/\/www.susannavaris.com\/blogg\/wp-json\/wp\/v2\/posts\/9640\/revisions"}],"predecessor-version":[{"id":9643,"href":"http:\/\/www.susannavaris.com\/blogg\/wp-json\/wp\/v2\/posts\/9640\/revisions\/9643"}],"wp:attachment":[{"href":"http:\/\/www.susannavaris.com\/blogg\/wp-json\/wp\/v2\/media?parent=9640"}],"wp:term":[{"taxonomy":"category","embeddable":true,"href":"http:\/\/www.susannavaris.com\/blogg\/wp-json\/wp\/v2\/categories?post=9640"},{"taxonomy":"post_tag","embeddable":true,"href":"http:\/\/www.susannavaris.com\/blogg\/wp-json\/wp\/v2\/tags?post=9640"}],"curies":[{"name":"wp","href":"https:\/\/api.w.org\/{rel}","templated":true}]}}