{"id":9703,"date":"2013-05-14T14:46:37","date_gmt":"2013-05-14T12:46:37","guid":{"rendered":"http:\/\/www.susannavaris.com\/blogg\/?p=9703"},"modified":"2013-05-14T14:46:37","modified_gmt":"2013-05-14T12:46:37","slug":"beyonce-hos-hm","status":"publish","type":"post","link":"http:\/\/www.susannavaris.com\/blogg\/2013\/05\/beyonce-hos-hm\/","title":{"rendered":"Beyonc\u00e9 hos HM"},"content":{"rendered":"<p style=\"text-align: center;\"><a href=\"http:\/\/www.susannavaris.com\/blogg\/wp-content\/uploads\/2013\/05\/beyonce-commercial-hm-ftr.jpeg\"><img loading=\"lazy\" decoding=\"async\" class=\"aligncenter size-full wp-image-9704\" alt=\"beyonce-commercial-hm-ftr\" src=\"http:\/\/www.susannavaris.com\/blogg\/wp-content\/uploads\/2013\/05\/beyonce-commercial-hm-ftr.jpeg\" width=\"600\" height=\"800\" srcset=\"http:\/\/www.susannavaris.com\/blogg\/wp-content\/uploads\/2013\/05\/beyonce-commercial-hm-ftr.jpeg 600w, http:\/\/www.susannavaris.com\/blogg\/wp-content\/uploads\/2013\/05\/beyonce-commercial-hm-ftr-225x300.jpeg 225w\" sizes=\"auto, (max-width: 600px) 100vw, 600px\" \/><\/a>\u00a0<a href=\"http:\/\/www.hm.com\/se\/\">HM<\/a><\/p>\n<p>F\u00f6r \u00f6vrigt tycker jag att det \u00e4r trevligt att se Beyonc\u00e9 i HM-reklamen. \u00c4ntligen en modell som ser sund ut. Det vore trevligt med mera s\u00e5dant. N\u00e4r \u00f6gat st\u00e4ndigt v\u00e4njs vid n\u00e4rmast anorektiska kroppar, blir det kroppstypen som man l\u00e4tt b\u00f6rjar betrakta som det normala.<\/p>\n","protected":false},"excerpt":{"rendered":"<p>\u00a0HM F\u00f6r \u00f6vrigt tycker jag att det \u00e4r trevligt att se Beyonc\u00e9 i HM-reklamen. \u00c4ntligen en modell som ser sund ut. Det vore trevligt med mera s\u00e5dant. N\u00e4r \u00f6gat st\u00e4ndigt v\u00e4njs vid n\u00e4rmast anorektiska kroppar, blir det kroppstypen som man &hellip; <a href=\"http:\/\/www.susannavaris.com\/blogg\/2013\/05\/beyonce-hos-hm\/\">Forts\u00e4tt l\u00e4sa <span class=\"meta-nav\">&rarr;<\/span><\/a><\/p>\n","protected":false},"author":1,"featured_media":0,"comment_status":"open","ping_status":"open","sticky":false,"template":"","format":"standard","meta":{"footnotes":""},"categories":[8,1928,1162,589,14,994,1],"tags":[3027,870,808,3030,19,3028,3029],"class_list":["post-9703","post","type-post","status-publish","format-standard","hentry","category-for-ovrigt-anser-jag-att","category-journalistik","category-kultur","category-medier","category-mode","category-musik","category-okategoriserade","tag-beyonce","tag-fashion","tag-hm","tag-kroppsideal","tag-mode-2","tag-model","tag-norm"],"_links":{"self":[{"href":"http:\/\/www.susannavaris.com\/blogg\/wp-json\/wp\/v2\/posts\/9703","targetHints":{"allow":["GET"]}}],"collection":[{"href":"http:\/\/www.susannavaris.com\/blogg\/wp-json\/wp\/v2\/posts"}],"about":[{"href":"http:\/\/www.susannavaris.com\/blogg\/wp-json\/wp\/v2\/types\/post"}],"author":[{"embeddable":true,"href":"http:\/\/www.susannavaris.com\/blogg\/wp-json\/wp\/v2\/users\/1"}],"replies":[{"embeddable":true,"href":"http:\/\/www.susannavaris.com\/blogg\/wp-json\/wp\/v2\/comments?post=9703"}],"version-history":[{"count":1,"href":"http:\/\/www.susannavaris.com\/blogg\/wp-json\/wp\/v2\/posts\/9703\/revisions"}],"predecessor-version":[{"id":9705,"href":"http:\/\/www.susannavaris.com\/blogg\/wp-json\/wp\/v2\/posts\/9703\/revisions\/9705"}],"wp:attachment":[{"href":"http:\/\/www.susannavaris.com\/blogg\/wp-json\/wp\/v2\/media?parent=9703"}],"wp:term":[{"taxonomy":"category","embeddable":true,"href":"http:\/\/www.susannavaris.com\/blogg\/wp-json\/wp\/v2\/categories?post=9703"},{"taxonomy":"post_tag","embeddable":true,"href":"http:\/\/www.susannavaris.com\/blogg\/wp-json\/wp\/v2\/tags?post=9703"}],"curies":[{"name":"wp","href":"https:\/\/api.w.org\/{rel}","templated":true}]}}