{"id":9764,"date":"2013-05-15T19:07:57","date_gmt":"2013-05-15T17:07:57","guid":{"rendered":"http:\/\/www.susannavaris.com\/blogg\/?p=9764"},"modified":"2013-05-15T19:09:08","modified_gmt":"2013-05-15T17:09:08","slug":"ib-michael-prins","status":"publish","type":"post","link":"http:\/\/www.susannavaris.com\/blogg\/2013\/05\/ib-michael-prins\/","title":{"rendered":"Ib Michael &#8211; Prins"},"content":{"rendered":"<p><a href=\"http:\/\/www.susannavaris.com\/blogg\/wp-content\/uploads\/2013\/05\/prins12533.jpg\"><img loading=\"lazy\" decoding=\"async\" class=\"aligncenter size-full wp-image-9765\" alt=\"prins12533\" src=\"http:\/\/www.susannavaris.com\/blogg\/wp-content\/uploads\/2013\/05\/prins12533.jpg\" width=\"225\" height=\"300\" \/><\/a><\/p>\n<p>Jag h\u00e5ller just nu p\u00e5 att l\u00e4sa denna, underbara bok av Ib Michael. Den handlar om en liten pojke p\u00e5 en dansk kust vid tiden kring f\u00f6rrf\u00f6rra sekelskiftet. Eller handlar den om den d\u00f6de sj\u00f6mannen som bor i hans ficka?<\/p>\n<p>Boken \u00e4r skriven ur barnets perspektiv och den d\u00f6de sj\u00f6mannen \u00e4r h\u00f6gst verklig i hans sinnev\u00e4rld och deltar d\u00e4rmed som en karakt\u00e4r av egen kraft i ber\u00e4ttelsen. Vardagsbestyren blandas med f\u00e4rgstarka personportr\u00e4tt p\u00e5 den lilla orten och i sp\u00e4nningsmomenten ing\u00e5r till exempel en kista inneh\u00e5llandes en d\u00f6d sj\u00f6man som flyter i land. Boken \u00e4r underbart surrealistisk. Dr\u00f6m och fantasi blandas med verklighet och ibland f\u00f6rnims jag om hur jag sj\u00e4lv kunde t\u00e4nka som barn.<\/p>\n<p>Rekommenderas alla som vill ryckas med i en liten pojkes v\u00e4rld och som vill l\u00e4sa en riktigt bra och originell roman.<\/p>\n","protected":false},"excerpt":{"rendered":"<p>Jag h\u00e5ller just nu p\u00e5 att l\u00e4sa denna, underbara bok av Ib Michael. Den handlar om en liten pojke p\u00e5 en dansk kust vid tiden kring f\u00f6rrf\u00f6rra sekelskiftet. Eller handlar den om den d\u00f6de sj\u00f6mannen som bor i hans ficka? &hellip; <a href=\"http:\/\/www.susannavaris.com\/blogg\/2013\/05\/ib-michael-prins\/\">Forts\u00e4tt l\u00e4sa <span class=\"meta-nav\">&rarr;<\/span><\/a><\/p>\n","protected":false},"author":1,"featured_media":0,"comment_status":"open","ping_status":"open","sticky":false,"template":"","format":"standard","meta":{"footnotes":""},"categories":[1364,1162,1],"tags":[3047,354,1372,3045,3043,3044,1562,3046],"class_list":["post-9764","post","type-post","status-publish","format-standard","hentry","category-bocker","category-kultur","category-okategoriserade","tag-aventyr","tag-berattelse","tag-bok","tag-boktips","tag-ib-michael","tag-prins","tag-recension","tag-roman"],"_links":{"self":[{"href":"http:\/\/www.susannavaris.com\/blogg\/wp-json\/wp\/v2\/posts\/9764","targetHints":{"allow":["GET"]}}],"collection":[{"href":"http:\/\/www.susannavaris.com\/blogg\/wp-json\/wp\/v2\/posts"}],"about":[{"href":"http:\/\/www.susannavaris.com\/blogg\/wp-json\/wp\/v2\/types\/post"}],"author":[{"embeddable":true,"href":"http:\/\/www.susannavaris.com\/blogg\/wp-json\/wp\/v2\/users\/1"}],"replies":[{"embeddable":true,"href":"http:\/\/www.susannavaris.com\/blogg\/wp-json\/wp\/v2\/comments?post=9764"}],"version-history":[{"count":3,"href":"http:\/\/www.susannavaris.com\/blogg\/wp-json\/wp\/v2\/posts\/9764\/revisions"}],"predecessor-version":[{"id":9768,"href":"http:\/\/www.susannavaris.com\/blogg\/wp-json\/wp\/v2\/posts\/9764\/revisions\/9768"}],"wp:attachment":[{"href":"http:\/\/www.susannavaris.com\/blogg\/wp-json\/wp\/v2\/media?parent=9764"}],"wp:term":[{"taxonomy":"category","embeddable":true,"href":"http:\/\/www.susannavaris.com\/blogg\/wp-json\/wp\/v2\/categories?post=9764"},{"taxonomy":"post_tag","embeddable":true,"href":"http:\/\/www.susannavaris.com\/blogg\/wp-json\/wp\/v2\/tags?post=9764"}],"curies":[{"name":"wp","href":"https:\/\/api.w.org\/{rel}","templated":true}]}}