{"id":9772,"date":"2013-05-16T16:32:06","date_gmt":"2013-05-16T14:32:06","guid":{"rendered":"http:\/\/www.susannavaris.com\/blogg\/?p=9772"},"modified":"2013-05-17T13:40:46","modified_gmt":"2013-05-17T11:40:46","slug":"barbie-i-blasvader-igen","status":"publish","type":"post","link":"http:\/\/www.susannavaris.com\/blogg\/2013\/05\/barbie-i-blasvader-igen\/","title":{"rendered":"Barbie i bl\u00e5sv\u00e4der igen"},"content":{"rendered":"<p style=\"text-align: center;\"><a href=\"http:\/\/www.susannavaris.com\/blogg\/wp-content\/uploads\/2013\/05\/barbie1.bild_.jpeg\"><img loading=\"lazy\" decoding=\"async\" class=\"aligncenter size-full wp-image-9773\" alt=\"barbie1.bild\" src=\"http:\/\/www.susannavaris.com\/blogg\/wp-content\/uploads\/2013\/05\/barbie1.bild_.jpeg\" width=\"1024\" height=\"576\" srcset=\"http:\/\/www.susannavaris.com\/blogg\/wp-content\/uploads\/2013\/05\/barbie1.bild_.jpeg 1024w, http:\/\/www.susannavaris.com\/blogg\/wp-content\/uploads\/2013\/05\/barbie1.bild_-300x168.jpeg 300w\" sizes=\"auto, (max-width: 1024px) 100vw, 1024px\" \/><\/a>\u00a0<em>Barbie Dreamhouse \u00f6ppnar i Berlin imorgon, men alla \u00e4r inte glada&#8230;\u00a0<\/em><\/p>\n<p>Det \u00e4r m\u00e4rkligt hur mycket k\u00e4nslor den plastiga damen har v\u00e4ckt och v\u00e4cker fortfarande. I \u00a0Berlin ska allts\u00e5 \u00f6ppnas n\u00e5got som kallas f\u00f6r Barbie Dreamhouse imorgon. Det \u00e4r en slags upplevelsecentrum med barbietema, men den rosa dr\u00f6mmen \u00e4r inget som\u00a0<a href=\"http:\/\/www.dn.se\/ekonomi\/barbie-hus-vacker-starka-kanslor\">roar alla.<\/a>\u00a0(Sj\u00e4lv fick jag aldrig n\u00e5gon barbiedocka av moderskan som liten, jag antar att den ans\u00e5gs st\u00e5 f\u00f6r fel ideal eller var bara kommersiellt skr\u00e4p&#8230;)<\/p>\n<blockquote><p>&#8221;P\u00e5 Facebook har n\u00e4stan 2000 personer g\u00e5tt med i gruppen \u201dOccupy Barbie Dreamhouse\u201d. De menar att huset \u00e4r en del av en r\u00e5dande \u201drosafiering\u201d, att unga tjejer uppmuntras till att bara fokusera p\u00e5 konsumtion och utseende.<\/p>\n<div>\n<p>\u2013 Det \u00e4r verkligen synd att en stor majoritet av sm\u00e5 flickor leker med en docka som, om hon var verklig, skulle vara anorektisk och ha ett liv d\u00e4r hon bara sitter i bilen och v\u00e4ntar p\u00e5 Ken, s\u00e4ger Michael Koschitzki, grundaren bakom Facebook-gruppen.<\/p>\n<p>En annan protestgrupp, Pinkstinks, har l\u00e5tit meddela att de kommer demonstrera utanf\u00f6r huset p\u00e5 torsdagen. Gruppens ledare, brittiskt f\u00f6dde Stevie Schmiedel, uttalade i tysk radio att Barbie-huset \u00e4r \u201dkulmineringen av allt som leksaksindustrin har lyckats g\u00f6ra med f\u00e4rgen rosa de senaste 20 \u00e5ren\u201d.<\/p>\n<p>\u2013 Rosa st\u00e5r f\u00f6r f\u00f6rf\u00f6relse, gullighet, stora \u00f6gon och l\u00e5nga \u00f6gonfransar och framf\u00f6r allt allting som har med utseende att g\u00f6ra, s\u00e4ger hon till Deutschlandradio Kultur.&#8221;<\/p>\n<\/div>\n<\/blockquote>\n<div>\n<p>Facebookgruppen\u00a0<a href=\"https:\/\/www.facebook.com\/occupybarbiedreamhouse\">Occupy Barbie Dreamhouse<\/a>\u00a0reagerar f\u00f6rst\u00e5s p\u00e5 Barbies onaturliga kroppsm\u00e5tt och visst kan man ifr\u00e5gas\u00e4tta sk\u00f6nhetsideal, men n\u00e5gonstans blir allting \u00e4nd\u00e5 bakv\u00e4nt. Bidrar man inte med en s\u00e5dan h\u00e4r anti-barbie-attityd till att nedv\u00e4rdera det &#8221;traditionellt kvinnliga&#8221;? Vad \u00e4r fel med rosa? Vad \u00e4r fel med att tycka om kl\u00e4der och utseende (multimiljardindustrier numera och som kvinnor med f\u00f6rdel skulle kunna verka inom)? Vad \u00e4r fel med tjejighet?<\/p>\n<p>Argumentet att Barbie enbart skulle representera dessa ideal h\u00e5ller dessutom inte l\u00e4ngre, hon har varit allt fr\u00e5n hj\u00e4rnkirurg och datan\u00f6rd till presidentkandidat.<\/p>\n<p style=\"text-align: center;\"><a href=\"http:\/\/www.susannavaris.com\/blogg\/wp-content\/uploads\/2013\/05\/barbie408464_451643641588612_1327574468_n.jpg\"><img loading=\"lazy\" decoding=\"async\" class=\"aligncenter size-full wp-image-9774\" alt=\"barbie408464_451643641588612_1327574468_n\" src=\"http:\/\/www.susannavaris.com\/blogg\/wp-content\/uploads\/2013\/05\/barbie408464_451643641588612_1327574468_n.jpg\" width=\"640\" height=\"960\" srcset=\"http:\/\/www.susannavaris.com\/blogg\/wp-content\/uploads\/2013\/05\/barbie408464_451643641588612_1327574468_n.jpg 640w, http:\/\/www.susannavaris.com\/blogg\/wp-content\/uploads\/2013\/05\/barbie408464_451643641588612_1327574468_n-200x300.jpg 200w\" sizes=\"auto, (max-width: 640px) 100vw, 640px\" \/><\/a><em>\u00a0Occupy Barbie Dreamhouse anv\u00e4nder ocks\u00e5 en figur som \u00e4r misst\u00e4nkt lik Ronja fr\u00e5n Ronja R\u00f6vardotter i sin kampanj&#8230;<\/em><\/p>\n<p style=\"text-align: center;\"><a href=\"http:\/\/www.susannavaris.com\/blogg\/wp-content\/uploads\/2013\/05\/barbie482638_427582737328036_2097632765_n.png\"><img loading=\"lazy\" decoding=\"async\" class=\"aligncenter size-full wp-image-9775\" alt=\"barbie482638_427582737328036_2097632765_n\" src=\"http:\/\/www.susannavaris.com\/blogg\/wp-content\/uploads\/2013\/05\/barbie482638_427582737328036_2097632765_n.png\" width=\"420\" height=\"294\" srcset=\"http:\/\/www.susannavaris.com\/blogg\/wp-content\/uploads\/2013\/05\/barbie482638_427582737328036_2097632765_n.png 420w, http:\/\/www.susannavaris.com\/blogg\/wp-content\/uploads\/2013\/05\/barbie482638_427582737328036_2097632765_n-300x210.png 300w\" sizes=\"auto, (max-width: 420px) 100vw, 420px\" \/><\/a><em>\u00a0Det ska b\u00f6rjas i tid&#8230;en annan bild fr\u00e5n facebook-gruppens sida&#8230;<\/em><\/p>\n<p style=\"text-align: center;\"><a href=\"http:\/\/www.susannavaris.com\/blogg\/wp-content\/uploads\/2013\/05\/BarbieAstronaut.jpg\"><img loading=\"lazy\" decoding=\"async\" class=\"aligncenter size-full wp-image-9776\" alt=\"BarbieAstronaut\" src=\"http:\/\/www.susannavaris.com\/blogg\/wp-content\/uploads\/2013\/05\/BarbieAstronaut.jpg\" width=\"500\" height=\"501\" srcset=\"http:\/\/www.susannavaris.com\/blogg\/wp-content\/uploads\/2013\/05\/BarbieAstronaut.jpg 500w, http:\/\/www.susannavaris.com\/blogg\/wp-content\/uploads\/2013\/05\/BarbieAstronaut-150x150.jpg 150w, http:\/\/www.susannavaris.com\/blogg\/wp-content\/uploads\/2013\/05\/BarbieAstronaut-300x300.jpg 300w\" sizes=\"auto, (max-width: 500px) 100vw, 500px\" \/><\/a>\u00a0<em>Barbie som raketforskare (ok, uppmjukad med pratbubbla), redan 1965&#8230;\u00a0Bild fr\u00e5n Elnea p\u00e5 Rooster Teeth\u00a0<\/em><\/p>\n<p>Till slut fick jag en Barbie. Av min styvfar.<\/p>\n<p style=\"text-align: center;\">\u00a0&#8211; : &#8211; : &#8211; : &#8211;<\/p>\n<p style=\"text-align: center;\"><a href=\"http:\/\/www.aftonbladet.se\/nyheter\/article16784173.ab\">S\u00e5 h\u00e4r<\/a>\u00a0gick det till vid \u00f6ppnandet.<\/p>\n<p style=\"text-align: center;\">\n<p style=\"text-align: center;\">\n<\/div>\n","protected":false},"excerpt":{"rendered":"<p>\u00a0Barbie Dreamhouse \u00f6ppnar i Berlin imorgon, men alla \u00e4r inte glada&#8230;\u00a0 Det \u00e4r m\u00e4rkligt hur mycket k\u00e4nslor den plastiga damen har v\u00e4ckt och v\u00e4cker fortfarande. I \u00a0Berlin ska allts\u00e5 \u00f6ppnas n\u00e5got som kallas f\u00f6r Barbie Dreamhouse imorgon. Det \u00e4r en &hellip; <a href=\"http:\/\/www.susannavaris.com\/blogg\/2013\/05\/barbie-i-blasvader-igen\/\">Forts\u00e4tt l\u00e4sa <span class=\"meta-nav\">&rarr;<\/span><\/a><\/p>\n","protected":false},"author":1,"featured_media":0,"comment_status":"open","ping_status":"open","sticky":false,"template":"","format":"standard","meta":{"footnotes":""},"categories":[181,259,674,1321,1162,14,1],"tags":[127,3051,3052,4900,4899,4918,3054,3053],"class_list":["post-9772","post","type-post","status-publish","format-standard","hentry","category-feminism","category-genusvetenskap","category-historia","category-jamstalldhet","category-kultur","category-mode","category-okategoriserade","tag-barbie","tag-barbie-dream-house","tag-berlin","tag-feminism","tag-genus","tag-jamstalldhet","tag-occupy-barbie-dreamhouse","tag-rosa"],"_links":{"self":[{"href":"http:\/\/www.susannavaris.com\/blogg\/wp-json\/wp\/v2\/posts\/9772","targetHints":{"allow":["GET"]}}],"collection":[{"href":"http:\/\/www.susannavaris.com\/blogg\/wp-json\/wp\/v2\/posts"}],"about":[{"href":"http:\/\/www.susannavaris.com\/blogg\/wp-json\/wp\/v2\/types\/post"}],"author":[{"embeddable":true,"href":"http:\/\/www.susannavaris.com\/blogg\/wp-json\/wp\/v2\/users\/1"}],"replies":[{"embeddable":true,"href":"http:\/\/www.susannavaris.com\/blogg\/wp-json\/wp\/v2\/comments?post=9772"}],"version-history":[{"count":5,"href":"http:\/\/www.susannavaris.com\/blogg\/wp-json\/wp\/v2\/posts\/9772\/revisions"}],"predecessor-version":[{"id":9778,"href":"http:\/\/www.susannavaris.com\/blogg\/wp-json\/wp\/v2\/posts\/9772\/revisions\/9778"}],"wp:attachment":[{"href":"http:\/\/www.susannavaris.com\/blogg\/wp-json\/wp\/v2\/media?parent=9772"}],"wp:term":[{"taxonomy":"category","embeddable":true,"href":"http:\/\/www.susannavaris.com\/blogg\/wp-json\/wp\/v2\/categories?post=9772"},{"taxonomy":"post_tag","embeddable":true,"href":"http:\/\/www.susannavaris.com\/blogg\/wp-json\/wp\/v2\/tags?post=9772"}],"curies":[{"name":"wp","href":"https:\/\/api.w.org\/{rel}","templated":true}]}}