{"id":9807,"date":"2013-05-18T12:52:19","date_gmt":"2013-05-18T10:52:19","guid":{"rendered":"http:\/\/www.susannavaris.com\/blogg\/?p=9807"},"modified":"2013-05-18T12:52:19","modified_gmt":"2013-05-18T10:52:19","slug":"33-anledningar-blir-demonstration","status":"publish","type":"post","link":"http:\/\/www.susannavaris.com\/blogg\/2013\/05\/33-anledningar-blir-demonstration\/","title":{"rendered":"33 anledningar blir demonstration"},"content":{"rendered":"<p style=\"text-align: center;\"><a href=\"http:\/\/www.susannavaris.com\/blogg\/wp-content\/uploads\/2013\/05\/feminism419709_10151479415470345_1284634204_n.png\"><img loading=\"lazy\" decoding=\"async\" class=\"aligncenter size-full wp-image-9808\" alt=\"feminism419709_10151479415470345_1284634204_n\" src=\"http:\/\/www.susannavaris.com\/blogg\/wp-content\/uploads\/2013\/05\/feminism419709_10151479415470345_1284634204_n.png\" width=\"544\" height=\"303\" srcset=\"http:\/\/www.susannavaris.com\/blogg\/wp-content\/uploads\/2013\/05\/feminism419709_10151479415470345_1284634204_n.png 544w, http:\/\/www.susannavaris.com\/blogg\/wp-content\/uploads\/2013\/05\/feminism419709_10151479415470345_1284634204_n-300x167.png 300w\" sizes=\"auto, (max-width: 544px) 100vw, 544px\" \/><\/a>\u00a0<em>Kampanjen har f\u00e5tt draghj\u00e4lp av Facebook&#8230;<\/em><\/p>\n<p>Kampanjen 33 anledningar varf\u00f6r feminismen beh\u00f6vs har nu lett till att en demonstration ska anordnas skriver\u00a0<a href=\"http:\/\/www.aftonbladet.se\/wendela\/article16793058.ab?fb_action_ids=10152820205090543&amp;fb_action_types=og.recommends&amp;fb_source=aggregation&amp;fb_aggregation_id=288381481237582\">Aftonbladet<\/a>. Medarrang\u00f6r \u00e4r R\u00e4dda Barnens ungdomsf\u00f6rbund.<\/p>\n<blockquote><p>&#8221;\u2013 Jag har under l\u00e5ng tid blivit uppr\u00f6rd \u00f6ver hur kvinnor objektifieras och hatas i samh\u00e4llet. Det blir bara v\u00e4rre och v\u00e4rre och jag kunde inte l\u00e4ngre sitta tyst. Hur mycket ska vi tolerera? Att inte g\u00f6ra n\u00e5got var f\u00f6r mig som att l\u00e5ta sexismen vinna, s\u00e4ger Sofia Zachrisson.&#8221;<\/p><\/blockquote>\n<p>Ja, det \u00e4r den bilden som vi blir serverade i media. Att kvinnor \u00e4r f\u00f6rtryckta och hatade. Maria Sveland och ett antal andra tongivande feminister lyckades i ett Uppdrag Granskning-program och efterf\u00f6ljande medieuppf\u00f6ljning s\u00e4tta fokus p\u00e5 hur just kvinnor \u00e4r hatade och hotade. Att Sveland sedan sysslat med att <a href=\"http:\/\/www.susannavaris.com\/blogg\/2012\/02\/maria-sveland-i-dn\/\">st\u00e4mpla<\/a>\u00a0\u00e4ven befogad kritik och allehanda andra f\u00f6reteelser och m\u00e4nniskor vars \u00e5sikter hon ogillar som hat sedan n\u00e5got \u00e5r tillbaka spelar v\u00e4l ingen roll. Inte heller att manliga journalister ocks\u00e5 <a href=\"http:\/\/www.jmg.gu.se\/digitalAssets\/1449\/1449750_j-p-nelens-nyhetsbrev-hot-och-hat-mot-journalister.pdf\">blir hotade<\/a>\u00a0och hatade, det \u00e4r just kvinnorna vi ska bry oss om. Den senaste <a href=\"http:\/\/www.svd.se\/nyheter\/inrikes\/halften-av-kvinnorna-i-riksdagen-har-hotats_8162050.svd\">unders\u00f6kningen<\/a>\u00a0om hat och hot mot politiker som utf\u00f6rdes av SvD, valde av ok\u00e4nd anledning enbart att fr\u00e5ga de kvinnliga politikerna.<\/p>\n<p>Javisst, jobba med j\u00e4mst\u00e4lldhetsfr\u00e5gor och mot skeva kroppsideal och annat el\u00e4nde, men f\u00f6rs\u00f6k inte att samtidigt l\u00e5tsas som att feminismen st\u00e5r f\u00f6r j\u00e4mst\u00e4lldhet och inkluderar \u00e4ven m\u00e4nnens problematik p\u00e5 omr\u00e5det. Det g\u00f6r den inte. Se hur den feministiska paraplyorganisationen Sveriges kvinnolobby resonerar kring relationsv\u00e5ld\u00a0<a href=\"http:\/\/www.susannavaris.com\/blogg\/2013\/05\/feminismen-till-for-bade-man-och-kvinnor\/\">h\u00e4r<\/a>.<\/p>\n<p>Aprop\u00e5 relationsv\u00e5ld, <a href=\"http:\/\/genustestet.wordpress.com\/2013\/05\/17\/10-tips-till-man\/\">h\u00e4r<\/a>\u00a0finns 10 saker du som man kan g\u00f6ra f\u00f6r att arbeta mot m\u00e4ns v\u00e5ld mot kvinnor, l\u00e4nken hittad p\u00e5 33 anledningars facebooksida. Sj\u00e4lv \u00e4r jag stark motst\u00e5ndare till kollektiv skuldbel\u00e4ggning. Varf\u00f6r \u00e4r dessutom detta enbart m\u00e4ns ansvar och inte kvinnornas alls? Vilket ansvar tar man f\u00f6r de manliga offren f\u00f6r relationsv\u00e5ld? Varf\u00f6r skriver man inte ocks\u00e5 en lista om &#8221;10 tips till kvinnor f\u00f6r att motverka falska anklagelser om v\u00e5ldt\u00e4kt&#8221; till exempel?<\/p>\n<p><a href=\"https:\/\/www.facebook.com\/events\/311731065626270\/\">Demonstrationen p\u00e5 Facebook<\/a><\/p>\n<p><a href=\"https:\/\/www.facebook.com\/trettiotreanledningar?fref=ts\">33 anledningar p\u00e5 Facebook<\/a><\/p>\n<p>Mera om kampanjen:<\/p>\n<p><a href=\"http:\/\/www.susannavaris.com\/blogg\/2013\/05\/33-anledningar-varfor-feminism-behovs\/\">Susannas Crowbar<\/a><\/p>\n","protected":false},"excerpt":{"rendered":"<p>\u00a0Kampanjen har f\u00e5tt draghj\u00e4lp av Facebook&#8230; Kampanjen 33 anledningar varf\u00f6r feminismen beh\u00f6vs har nu lett till att en demonstration ska anordnas skriver\u00a0Aftonbladet. Medarrang\u00f6r \u00e4r R\u00e4dda Barnens ungdomsf\u00f6rbund. &#8221;\u2013 Jag har under l\u00e5ng tid blivit uppr\u00f6rd \u00f6ver hur kvinnor objektifieras och &hellip; <a href=\"http:\/\/www.susannavaris.com\/blogg\/2013\/05\/33-anledningar-blir-demonstration\/\">Forts\u00e4tt l\u00e4sa <span class=\"meta-nav\">&rarr;<\/span><\/a><\/p>\n","protected":false},"author":1,"featured_media":0,"comment_status":"open","ping_status":"open","sticky":false,"template":"","format":"standard","meta":{"footnotes":""},"categories":[181,259,1321,1928,589,1,590],"tags":[3058,2983,4900,4899,3068,4918,915,3060,2591],"class_list":["post-9807","post","type-post","status-publish","format-standard","hentry","category-feminism","category-genusvetenskap","category-jamstalldhet","category-journalistik","category-medier","category-okategoriserade","category-politik","tag-33-anledningar-varfor-feminismen-behovs","tag-demonstration","tag-feminism","tag-genus","tag-genusvetensakp","tag-jamstalldhet","tag-radda-barnen","tag-sofia-zackrisson","tag-sveriges-kvinnolobby"],"_links":{"self":[{"href":"http:\/\/www.susannavaris.com\/blogg\/wp-json\/wp\/v2\/posts\/9807","targetHints":{"allow":["GET"]}}],"collection":[{"href":"http:\/\/www.susannavaris.com\/blogg\/wp-json\/wp\/v2\/posts"}],"about":[{"href":"http:\/\/www.susannavaris.com\/blogg\/wp-json\/wp\/v2\/types\/post"}],"author":[{"embeddable":true,"href":"http:\/\/www.susannavaris.com\/blogg\/wp-json\/wp\/v2\/users\/1"}],"replies":[{"embeddable":true,"href":"http:\/\/www.susannavaris.com\/blogg\/wp-json\/wp\/v2\/comments?post=9807"}],"version-history":[{"count":1,"href":"http:\/\/www.susannavaris.com\/blogg\/wp-json\/wp\/v2\/posts\/9807\/revisions"}],"predecessor-version":[{"id":9809,"href":"http:\/\/www.susannavaris.com\/blogg\/wp-json\/wp\/v2\/posts\/9807\/revisions\/9809"}],"wp:attachment":[{"href":"http:\/\/www.susannavaris.com\/blogg\/wp-json\/wp\/v2\/media?parent=9807"}],"wp:term":[{"taxonomy":"category","embeddable":true,"href":"http:\/\/www.susannavaris.com\/blogg\/wp-json\/wp\/v2\/categories?post=9807"},{"taxonomy":"post_tag","embeddable":true,"href":"http:\/\/www.susannavaris.com\/blogg\/wp-json\/wp\/v2\/tags?post=9807"}],"curies":[{"name":"wp","href":"https:\/\/api.w.org\/{rel}","templated":true}]}}