{"id":9821,"date":"2013-05-19T14:51:30","date_gmt":"2013-05-19T12:51:30","guid":{"rendered":"http:\/\/www.susannavaris.com\/blogg\/?p=9821"},"modified":"2013-05-19T15:42:48","modified_gmt":"2013-05-19T13:42:48","slug":"la-belle-stuart","status":"publish","type":"post","link":"http:\/\/www.susannavaris.com\/blogg\/2013\/05\/la-belle-stuart\/","title":{"rendered":"La Belle Stuart"},"content":{"rendered":"<p>Som kompensation f\u00f6r min (n\u00e4stan) <a href=\"http:\/\/www.susannavaris.com\/blogg\/2013\/05\/barbie-i-blasvader-igen\/\">barbiel\u00f6sa<\/a>\u00a0tillvaro som liten <a href=\"http:\/\/www.susannavaris.com\/blogg\/2013\/03\/tjejig-myskvall\/\">v\u00e4ltrar jag mig<\/a>\u00a0ibland i kostymfilmer, modemagasin eller <a href=\"http:\/\/www.susannavaris.com\/blogg\/2012\/10\/vacker-och-varm-halloweenhelg\/\">utst\u00e4llningar<\/a>\u00a0med maffiga kl\u00e4nningar och dr\u00e4kter fr\u00e5n f\u00f6rr. Ett fantastiskt tillf\u00e4lle till detta var utst\u00e4llningen\u00a0<a href=\"http:\/\/www.royalcollection.org.uk\/exhibitions\/in-fine-style-the-art-of-tudor-and-stuart-fashion-QGBP\">In Fine Style: The Art of Tudor and Stuart fashion<\/a>\u00a0som vi nyligen <a href=\"http:\/\/www.susannavaris.com\/blogg\/2013\/05\/highlights-fran-london\/\">bes\u00f6kte<\/a>\u00a0i London. (Oj, lite m\u00e5nga l\u00e4nkar d\u00e4r&#8230;)<\/p>\n<p><a href=\"http:\/\/www.susannavaris.com\/blogg\/wp-content\/uploads\/2013\/05\/stuartex.jpg\"><img loading=\"lazy\" decoding=\"async\" class=\"aligncenter size-full wp-image-9836\" alt=\"stuartex\" src=\"http:\/\/www.susannavaris.com\/blogg\/wp-content\/uploads\/2013\/05\/stuartex.jpg\" width=\"911\" height=\"608\" srcset=\"http:\/\/www.susannavaris.com\/blogg\/wp-content\/uploads\/2013\/05\/stuartex.jpg 911w, http:\/\/www.susannavaris.com\/blogg\/wp-content\/uploads\/2013\/05\/stuartex-300x200.jpg 300w\" sizes=\"auto, (max-width: 911px) 100vw, 911px\" \/><\/a><\/p>\n<p>P\u00e5 utst\u00e4llningen s\u00e5ldes ett modemagasin vid namn Robe, majnumret 1667. En riktigt rolig id\u00e9; en modern modetidning, men som om \u00e5ret var 1667.<\/p>\n<p style=\"text-align: center;\"><a href=\"http:\/\/www.susannavaris.com\/blogg\/wp-content\/uploads\/2013\/05\/stuart01.jpg\"><img loading=\"lazy\" decoding=\"async\" class=\"aligncenter size-full wp-image-9822\" alt=\"stuart01\" src=\"http:\/\/www.susannavaris.com\/blogg\/wp-content\/uploads\/2013\/05\/stuart01.jpg\" width=\"1423\" height=\"1830\" srcset=\"http:\/\/www.susannavaris.com\/blogg\/wp-content\/uploads\/2013\/05\/stuart01.jpg 1423w, http:\/\/www.susannavaris.com\/blogg\/wp-content\/uploads\/2013\/05\/stuart01-233x300.jpg 233w, http:\/\/www.susannavaris.com\/blogg\/wp-content\/uploads\/2013\/05\/stuart01-796x1024.jpg 796w\" sizes=\"auto, (max-width: 1423px) 100vw, 1423px\" \/><\/a>\u00a0<em>Omslagsflickan heter Frances Teresa Stuart, eller &#8221;La Belle Stuart&#8221; som hon kallades.<\/em><\/p>\n<p style=\"text-align: center;\"><a href=\"http:\/\/www.susannavaris.com\/blogg\/wp-content\/uploads\/2013\/05\/stuartcrop.jpg\"><img loading=\"lazy\" decoding=\"async\" class=\"aligncenter size-full wp-image-9824\" alt=\"stuartcrop\" src=\"http:\/\/www.susannavaris.com\/blogg\/wp-content\/uploads\/2013\/05\/stuartcrop.jpg\" width=\"1908\" height=\"1740\" srcset=\"http:\/\/www.susannavaris.com\/blogg\/wp-content\/uploads\/2013\/05\/stuartcrop.jpg 1908w, http:\/\/www.susannavaris.com\/blogg\/wp-content\/uploads\/2013\/05\/stuartcrop-300x273.jpg 300w, http:\/\/www.susannavaris.com\/blogg\/wp-content\/uploads\/2013\/05\/stuartcrop-1024x933.jpg 1024w\" sizes=\"auto, (max-width: 1908px) 100vw, 1908px\" \/><\/a><em>\u00a0Det visade sig allts\u00e5 att hon hon hade bott i Somerset House, palatset som vi n\u00e5gra g\u00e5nger snurrat inne p\u00e5 f\u00f6r att fotografera&#8230;<\/em><\/p>\n<p style=\"text-align: center;\"><a href=\"http:\/\/www.susannavaris.com\/blogg\/wp-content\/uploads\/2013\/05\/DSC_0183-501.jpg\"><img loading=\"lazy\" decoding=\"async\" class=\"aligncenter size-full wp-image-9825\" alt=\"DSC_0183-50\" src=\"http:\/\/www.susannavaris.com\/blogg\/wp-content\/uploads\/2013\/05\/DSC_0183-501.jpg\" width=\"1424\" height=\"2144\" srcset=\"http:\/\/www.susannavaris.com\/blogg\/wp-content\/uploads\/2013\/05\/DSC_0183-501.jpg 1424w, http:\/\/www.susannavaris.com\/blogg\/wp-content\/uploads\/2013\/05\/DSC_0183-501-199x300.jpg 199w, http:\/\/www.susannavaris.com\/blogg\/wp-content\/uploads\/2013\/05\/DSC_0183-501-680x1024.jpg 680w\" sizes=\"auto, (max-width: 1424px) 100vw, 1424px\" \/><\/a>\u00a0<em>P\u00e5 g\u00e5rden till Somerset House\u00a0<\/em><\/p>\n<p style=\"text-align: center;\"><a href=\"http:\/\/www.susannavaris.com\/blogg\/wp-content\/uploads\/2013\/05\/DSC_0182-50-diff1.jpg\"><img loading=\"lazy\" decoding=\"async\" class=\"aligncenter size-full wp-image-9838\" alt=\"DSC_0182-50-diff\" src=\"http:\/\/www.susannavaris.com\/blogg\/wp-content\/uploads\/2013\/05\/DSC_0182-50-diff1.jpg\" width=\"1424\" height=\"897\" srcset=\"http:\/\/www.susannavaris.com\/blogg\/wp-content\/uploads\/2013\/05\/DSC_0182-50-diff1.jpg 1424w, http:\/\/www.susannavaris.com\/blogg\/wp-content\/uploads\/2013\/05\/DSC_0182-50-diff1-300x188.jpg 300w, http:\/\/www.susannavaris.com\/blogg\/wp-content\/uploads\/2013\/05\/DSC_0182-50-diff1-1024x645.jpg 1024w\" sizes=\"auto, (max-width: 1424px) 100vw, 1424px\" \/><\/a><em>\u00a0I den \u00e4ldre delen, portvalvet&#8230;<\/em><\/p>\n<p style=\"text-align: center;\"><a href=\"http:\/\/www.susannavaris.com\/blogg\/wp-content\/uploads\/2013\/05\/stuartSomerset_House_by_Kip_1722.jpg\"><img loading=\"lazy\" decoding=\"async\" class=\"aligncenter size-full wp-image-9826\" alt=\"stuartSomerset_House_by_Kip_1722\" src=\"http:\/\/www.susannavaris.com\/blogg\/wp-content\/uploads\/2013\/05\/stuartSomerset_House_by_Kip_1722.jpg\" width=\"400\" height=\"296\" srcset=\"http:\/\/www.susannavaris.com\/blogg\/wp-content\/uploads\/2013\/05\/stuartSomerset_House_by_Kip_1722.jpg 400w, http:\/\/www.susannavaris.com\/blogg\/wp-content\/uploads\/2013\/05\/stuartSomerset_House_by_Kip_1722-300x222.jpg 300w\" sizes=\"auto, (max-width: 400px) 100vw, 400px\" \/><\/a>\u00a0<em>Somerset House 1722<\/em><\/p>\n<p style=\"text-align: center;\"><a href=\"http:\/\/www.susannavaris.com\/blogg\/wp-content\/uploads\/2013\/05\/stuartsomer1.gif\"><img loading=\"lazy\" decoding=\"async\" class=\"aligncenter size-full wp-image-9827\" alt=\"stuartsomer1\" src=\"http:\/\/www.susannavaris.com\/blogg\/wp-content\/uploads\/2013\/05\/stuartsomer1.gif\" width=\"441\" height=\"288\" \/><\/a>\u00a0<em>Somerset House i nutid<\/em><\/p>\n<p style=\"text-align: center;\">Frances Stuart finns beskriven i Samuel Pepys\u00a0<a href=\"http:\/\/www.pepysdiary.com\/encyclopedia\/5036\/\">dagb\u00f6cker<\/a>.<\/p>\n<blockquote><p><b>Frances Teresa Stewart<\/b>, hertiginna av Richmond och Lennox, f\u00f6dd i Paris\u00a08 juli 1647, d\u00f6d 15 oktober 1702, var en skotsk adelsdam. Hon \u00e4r k\u00e4nd som rollmodell f\u00f6r bilden av den engelska nationalsymbolen Britannia\u00a0och kallades\u00a0<i>La Belle Stuart<\/i>\u00a0(Den Vackra Stuart). Hon \u00e4r ocks\u00e5 ber\u00f6md f\u00f6r att ha varit en av Karl II av Englands\u00a0m\u00e5nga f\u00f6r\u00e4lskelser och f\u00f6r att ha v\u00e4grat att bli hans m\u00e4tress.<\/p>\n<p>Frances Stewart var dotter till den skotske adelsmannen och parlamentsledamoten Walther Stewart, hovl\u00e4kare hos Englands drottning Henrietta Maria av frankrike\u00a0och avl\u00e4gset sl\u00e4kt med den kungliga dynastin Stuart. Hon f\u00f6ddes i Frankrike, d\u00e4r familjen befann sig i exil i egenskap av rojalister under engelska inb\u00f6rdeskriget. 1663 skickades hon till England som hovdam \u00e5t den nya drottningen Katarina av Braganza. Karl II blev f\u00f6r\u00e4lskad i henne, och d\u00e5 hon v\u00e4grade att bli hans \u00e4lskarinna, ska han ha haft en stark \u00f6nskan att gifta sig med henne: f\u00f6rst vid drottningens sjukdom 1663, och sedan d\u00e5 han \u00e5r 1667 unders\u00f6kte m\u00f6jligheten att ta ut skilsm\u00e4ssa f\u00f6r hennes skull.<\/p>\n<p>Frances Stewart beskrivs som en stor sk\u00f6nhet, men barnslig och omogen som person. 1667 gifte hon sig med en avl\u00e4gsen sl\u00e4kting Charles Stuart, 3:e hertig av Richmond. Enligt uppgift blev hon tvungen att rymma fr\u00e5n kungen f\u00f6r att kunna gifta sig, efter att kungen, med hj\u00e4lp av Barbara Villiers, hade ertappat henne och Richmond i ett m\u00f6te. Hon \u00e5terv\u00e4nde senare till hovet med sin make och levde hovliv i flera \u00e5r; bland annat var hon ett av vittnena vid f\u00f6dseln av tronarvingen 1688. Hennes utseende f\u00f6rst\u00f6rdes av smittkoppor 1669, men hon ska ha beh\u00e5llit Karl II:s tillgivenhet.<\/p>\n<p>Frances Stewarts ansikte fick p\u00e5 Karl II:s order st\u00e5 modell f\u00f6r nationalsymbolen Britannia, d\u00e5 denna avbildades vid segern i kriget mot Nederl\u00e4nderna. Denna blev sedan en standardmall f\u00f6r Britannias ansikte, bland annat regelbundet p\u00e5 mynt \u00e4nda fram till 1971.<\/p>\n<p>K\u00e4lla: Wikipedia<\/p>\n<p style=\"text-align: center;\"><a href=\"http:\/\/www.susannavaris.com\/blogg\/wp-content\/uploads\/2013\/05\/stuartg86.jpg\"><img loading=\"lazy\" decoding=\"async\" class=\"aligncenter size-full wp-image-9828\" alt=\"stuartg86\" src=\"http:\/\/www.susannavaris.com\/blogg\/wp-content\/uploads\/2013\/05\/stuartg86.jpg\" width=\"775\" height=\"779\" srcset=\"http:\/\/www.susannavaris.com\/blogg\/wp-content\/uploads\/2013\/05\/stuartg86.jpg 775w, http:\/\/www.susannavaris.com\/blogg\/wp-content\/uploads\/2013\/05\/stuartg86-150x150.jpg 150w, http:\/\/www.susannavaris.com\/blogg\/wp-content\/uploads\/2013\/05\/stuartg86-298x300.jpg 298w\" sizes=\"auto, (max-width: 775px) 100vw, 775px\" \/><\/a>\u00a0Britannia<\/p>\n<\/blockquote>\n<p style=\"text-align: center;\"><a href=\"http:\/\/www.susannavaris.com\/blogg\/wp-content\/uploads\/2013\/05\/stuart02.jpg\"><img loading=\"lazy\" decoding=\"async\" class=\"aligncenter size-full wp-image-9829\" alt=\"stuart02\" src=\"http:\/\/www.susannavaris.com\/blogg\/wp-content\/uploads\/2013\/05\/stuart02.jpg\" width=\"1536\" height=\"2304\" srcset=\"http:\/\/www.susannavaris.com\/blogg\/wp-content\/uploads\/2013\/05\/stuart02.jpg 1536w, http:\/\/www.susannavaris.com\/blogg\/wp-content\/uploads\/2013\/05\/stuart02-200x300.jpg 200w, http:\/\/www.susannavaris.com\/blogg\/wp-content\/uploads\/2013\/05\/stuart02-682x1024.jpg 682w\" sizes=\"auto, (max-width: 1536px) 100vw, 1536px\" \/><\/a>\u00a0<em>Mera Robe&#8230;<\/em><\/p>\n<p style=\"text-align: center;\"><a href=\"http:\/\/www.susannavaris.com\/blogg\/wp-content\/uploads\/2013\/05\/stuart05.jpg\"><img loading=\"lazy\" decoding=\"async\" class=\"aligncenter size-full wp-image-9830\" alt=\"stuart05\" src=\"http:\/\/www.susannavaris.com\/blogg\/wp-content\/uploads\/2013\/05\/stuart05.jpg\" width=\"2093\" height=\"1506\" srcset=\"http:\/\/www.susannavaris.com\/blogg\/wp-content\/uploads\/2013\/05\/stuart05.jpg 2093w, http:\/\/www.susannavaris.com\/blogg\/wp-content\/uploads\/2013\/05\/stuart05-300x215.jpg 300w, http:\/\/www.susannavaris.com\/blogg\/wp-content\/uploads\/2013\/05\/stuart05-1024x736.jpg 1024w\" sizes=\"auto, (max-width: 2093px) 100vw, 2093px\" \/><\/a> <a href=\"http:\/\/www.susannavaris.com\/blogg\/wp-content\/uploads\/2013\/05\/stuart06.jpg\"><img loading=\"lazy\" decoding=\"async\" class=\"aligncenter size-full wp-image-9831\" alt=\"stuart06\" src=\"http:\/\/www.susannavaris.com\/blogg\/wp-content\/uploads\/2013\/05\/stuart06.jpg\" width=\"2304\" height=\"1536\" srcset=\"http:\/\/www.susannavaris.com\/blogg\/wp-content\/uploads\/2013\/05\/stuart06.jpg 2304w, http:\/\/www.susannavaris.com\/blogg\/wp-content\/uploads\/2013\/05\/stuart06-300x200.jpg 300w, http:\/\/www.susannavaris.com\/blogg\/wp-content\/uploads\/2013\/05\/stuart06-1024x682.jpg 1024w\" sizes=\"auto, (max-width: 2304px) 100vw, 2304px\" \/><\/a> <a href=\"http:\/\/www.susannavaris.com\/blogg\/wp-content\/uploads\/2013\/05\/stuart07.jpg\"><img loading=\"lazy\" decoding=\"async\" class=\"aligncenter size-full wp-image-9832\" alt=\"stuart07\" src=\"http:\/\/www.susannavaris.com\/blogg\/wp-content\/uploads\/2013\/05\/stuart07.jpg\" width=\"2304\" height=\"1536\" srcset=\"http:\/\/www.susannavaris.com\/blogg\/wp-content\/uploads\/2013\/05\/stuart07.jpg 2304w, http:\/\/www.susannavaris.com\/blogg\/wp-content\/uploads\/2013\/05\/stuart07-300x200.jpg 300w, http:\/\/www.susannavaris.com\/blogg\/wp-content\/uploads\/2013\/05\/stuart07-1024x682.jpg 1024w\" sizes=\"auto, (max-width: 2304px) 100vw, 2304px\" \/><\/a><em>\u00a0Notera sk\u00f6nhetstipsen f\u00f6r hur man handskas med smittkopps\u00e4rr och reportaget om vad man kan g\u00f6ra med sina kl\u00e4der som kanske blivit f\u00f6rst\u00f6rda i den stora branden&#8230;\u00a0<\/em><\/p>\n<p style=\"text-align: center;\"><a href=\"http:\/\/www.susannavaris.com\/blogg\/wp-content\/uploads\/2013\/05\/stuart_1647_17.jpg\"><img loading=\"lazy\" decoding=\"async\" class=\"size-full wp-image-9833\" alt=\"stuart_1647_17\" src=\"http:\/\/www.susannavaris.com\/blogg\/wp-content\/uploads\/2013\/05\/stuart_1647_17.jpg\" width=\"473\" height=\"589\" srcset=\"http:\/\/www.susannavaris.com\/blogg\/wp-content\/uploads\/2013\/05\/stuart_1647_17.jpg 473w, http:\/\/www.susannavaris.com\/blogg\/wp-content\/uploads\/2013\/05\/stuart_1647_17-240x300.jpg 240w\" sizes=\"auto, (max-width: 473px) 100vw, 473px\" \/><br \/>\n<\/a><\/p>\n<p style=\"text-align: center;\"><em>Av Willem Wissing.<\/em><\/p>\n<p style=\"text-align: center;\"><a href=\"http:\/\/www.susannavaris.com\/blogg\/wp-content\/uploads\/2013\/05\/stuartROYAL-Exhibition-144470_871-3474589.jpg\"><img loading=\"lazy\" decoding=\"async\" class=\"aligncenter size-full wp-image-9841\" alt=\"stuartROYAL-Exhibition-144470_871-3474589\" src=\"http:\/\/www.susannavaris.com\/blogg\/wp-content\/uploads\/2013\/05\/stuartROYAL-Exhibition-144470_871-3474589.jpg\" width=\"615\" height=\"409\" srcset=\"http:\/\/www.susannavaris.com\/blogg\/wp-content\/uploads\/2013\/05\/stuartROYAL-Exhibition-144470_871-3474589.jpg 615w, http:\/\/www.susannavaris.com\/blogg\/wp-content\/uploads\/2013\/05\/stuartROYAL-Exhibition-144470_871-3474589-300x199.jpg 300w\" sizes=\"auto, (max-width: 615px) 100vw, 615px\" \/><\/a>\u00a0\u00a0<em>Utst\u00e4llningen h\u00e4ngs. B\u00e5da portr\u00e4tten f\u00f6rest\u00e4ller La Belle Stuart.<\/em><\/p>\n<p style=\"text-align: center;\"><a href=\"http:\/\/www.susannavaris.com\/blogg\/wp-content\/uploads\/2013\/05\/stuarthenrigaskar.jpg\"><img loading=\"lazy\" decoding=\"async\" class=\"aligncenter size-full wp-image-9834\" alt=\"stuarthenrigaskar\" src=\"http:\/\/www.susannavaris.com\/blogg\/wp-content\/uploads\/2013\/05\/stuarthenrigaskar.jpg\" width=\"535\" height=\"984\" srcset=\"http:\/\/www.susannavaris.com\/blogg\/wp-content\/uploads\/2013\/05\/stuarthenrigaskar.jpg 535w, http:\/\/www.susannavaris.com\/blogg\/wp-content\/uploads\/2013\/05\/stuarthenrigaskar-163x300.jpg 163w\" sizes=\"auto, (max-width: 535px) 100vw, 535px\" \/><\/a>\u00a0<em>Frances Teresa Stuart var en popul\u00e4r modell. Nederst som Minerva, m\u00e5lad av Henri Gascar.<\/em><\/p>\n","protected":false},"excerpt":{"rendered":"<p>Som kompensation f\u00f6r min (n\u00e4stan) barbiel\u00f6sa\u00a0tillvaro som liten v\u00e4ltrar jag mig\u00a0ibland i kostymfilmer, modemagasin eller utst\u00e4llningar\u00a0med maffiga kl\u00e4nningar och dr\u00e4kter fr\u00e5n f\u00f6rr. Ett fantastiskt tillf\u00e4lle till detta var utst\u00e4llningen\u00a0In Fine Style: The Art of Tudor and Stuart fashion\u00a0som vi nyligen &hellip; <a href=\"http:\/\/www.susannavaris.com\/blogg\/2013\/05\/la-belle-stuart\/\">Forts\u00e4tt l\u00e4sa <span class=\"meta-nav\">&rarr;<\/span><\/a><\/p>\n","protected":false},"author":1,"featured_media":0,"comment_status":"open","ping_status":"open","sticky":false,"template":"","format":"standard","meta":{"footnotes":""},"categories":[674,3,1162,14,1,4],"tags":[3081,3032,1147,870,3075,3078,19,3077,3076,3080,3079],"class_list":["post-9821","post","type-post","status-publish","format-standard","hentry","category-historia","category-konst","category-kultur","category-mode","category-okategoriserade","category-utstallning","tag-17th-century","tag-buckingham-palace","tag-exhibition","tag-fashion","tag-frances-teresa-stuart","tag-in-fine-style-the-art-of-tudor-and-stuart-fashion","tag-mode-2","tag-robe","tag-samuel-pepys","tag-somerset-house","tag-the-queens-gallery"],"_links":{"self":[{"href":"http:\/\/www.susannavaris.com\/blogg\/wp-json\/wp\/v2\/posts\/9821","targetHints":{"allow":["GET"]}}],"collection":[{"href":"http:\/\/www.susannavaris.com\/blogg\/wp-json\/wp\/v2\/posts"}],"about":[{"href":"http:\/\/www.susannavaris.com\/blogg\/wp-json\/wp\/v2\/types\/post"}],"author":[{"embeddable":true,"href":"http:\/\/www.susannavaris.com\/blogg\/wp-json\/wp\/v2\/users\/1"}],"replies":[{"embeddable":true,"href":"http:\/\/www.susannavaris.com\/blogg\/wp-json\/wp\/v2\/comments?post=9821"}],"version-history":[{"count":6,"href":"http:\/\/www.susannavaris.com\/blogg\/wp-json\/wp\/v2\/posts\/9821\/revisions"}],"predecessor-version":[{"id":9843,"href":"http:\/\/www.susannavaris.com\/blogg\/wp-json\/wp\/v2\/posts\/9821\/revisions\/9843"}],"wp:attachment":[{"href":"http:\/\/www.susannavaris.com\/blogg\/wp-json\/wp\/v2\/media?parent=9821"}],"wp:term":[{"taxonomy":"category","embeddable":true,"href":"http:\/\/www.susannavaris.com\/blogg\/wp-json\/wp\/v2\/categories?post=9821"},{"taxonomy":"post_tag","embeddable":true,"href":"http:\/\/www.susannavaris.com\/blogg\/wp-json\/wp\/v2\/tags?post=9821"}],"curies":[{"name":"wp","href":"https:\/\/api.w.org\/{rel}","templated":true}]}}