{"id":9847,"date":"2013-05-20T01:02:02","date_gmt":"2013-05-19T23:02:02","guid":{"rendered":"http:\/\/www.susannavaris.com\/blogg\/?p=9847"},"modified":"2013-05-20T01:02:02","modified_gmt":"2013-05-19T23:02:02","slug":"reklamfilm-for-min-kommande-utstallning","status":"publish","type":"post","link":"http:\/\/www.susannavaris.com\/blogg\/2013\/05\/reklamfilm-for-min-kommande-utstallning\/","title":{"rendered":"Reklamfilm f\u00f6r min kommande utst\u00e4llning"},"content":{"rendered":"<p style=\"text-align: center;\"><a href=\"http:\/\/www.susannavaris.com\/blogg\/wp-content\/uploads\/2013\/05\/Text-1-text.jpg\"><img loading=\"lazy\" decoding=\"async\" class=\"aligncenter size-full wp-image-9848\" alt=\"Text-1-text\" src=\"http:\/\/www.susannavaris.com\/blogg\/wp-content\/uploads\/2013\/05\/Text-1-text.jpg\" width=\"1000\" height=\"700\" srcset=\"http:\/\/www.susannavaris.com\/blogg\/wp-content\/uploads\/2013\/05\/Text-1-text.jpg 1000w, http:\/\/www.susannavaris.com\/blogg\/wp-content\/uploads\/2013\/05\/Text-1-text-300x210.jpg 300w\" sizes=\"auto, (max-width: 1000px) 100vw, 1000px\" \/><\/a><\/p>\n<p style=\"text-align: center;\">En reklamfilm f\u00f6r min kommande utst\u00e4llning p\u00e5 Galleri T, \u00d6sterl\u00e5nggatan 3, Stockholm<\/p>\n<p style=\"text-align: center;\">2 &#8211; 8 augusti 2013<\/p>\n<p style=\"text-align: center;\"><a href=\"http:\/\/www.youtube.com\/watch?v=dRdVmtYFbNs&amp;feature=youtu.be\">Reklamfilm<\/a><\/p>\n","protected":false},"excerpt":{"rendered":"<p>En reklamfilm f\u00f6r min kommande utst\u00e4llning p\u00e5 Galleri T, \u00d6sterl\u00e5nggatan 3, Stockholm 2 &#8211; 8 augusti 2013 Reklamfilm<\/p>\n","protected":false},"author":1,"featured_media":0,"comment_status":"open","ping_status":"open","sticky":false,"template":"","format":"standard","meta":{"footnotes":""},"categories":[7,1293,3,1162,415,994,1,2262,1611,4],"tags":[3072,418,1233,17,287,122,3087,2454],"class_list":["post-9847","post","type-post","status-publish","format-standard","hentry","category-egna-verk","category-galleri-t-2","category-konst","category-kultur","category-lowbrow","category-musik","category-okategoriserade","category-pop-surrealism","category-skrackkonst","category-utstallning","tag-adam-eve-marie-antoinette","tag-art","tag-galleri-t","tag-konst-2","tag-reklam","tag-utstallning-2","tag-video","tag-youtube"],"_links":{"self":[{"href":"http:\/\/www.susannavaris.com\/blogg\/wp-json\/wp\/v2\/posts\/9847","targetHints":{"allow":["GET"]}}],"collection":[{"href":"http:\/\/www.susannavaris.com\/blogg\/wp-json\/wp\/v2\/posts"}],"about":[{"href":"http:\/\/www.susannavaris.com\/blogg\/wp-json\/wp\/v2\/types\/post"}],"author":[{"embeddable":true,"href":"http:\/\/www.susannavaris.com\/blogg\/wp-json\/wp\/v2\/users\/1"}],"replies":[{"embeddable":true,"href":"http:\/\/www.susannavaris.com\/blogg\/wp-json\/wp\/v2\/comments?post=9847"}],"version-history":[{"count":1,"href":"http:\/\/www.susannavaris.com\/blogg\/wp-json\/wp\/v2\/posts\/9847\/revisions"}],"predecessor-version":[{"id":9850,"href":"http:\/\/www.susannavaris.com\/blogg\/wp-json\/wp\/v2\/posts\/9847\/revisions\/9850"}],"wp:attachment":[{"href":"http:\/\/www.susannavaris.com\/blogg\/wp-json\/wp\/v2\/media?parent=9847"}],"wp:term":[{"taxonomy":"category","embeddable":true,"href":"http:\/\/www.susannavaris.com\/blogg\/wp-json\/wp\/v2\/categories?post=9847"},{"taxonomy":"post_tag","embeddable":true,"href":"http:\/\/www.susannavaris.com\/blogg\/wp-json\/wp\/v2\/tags?post=9847"}],"curies":[{"name":"wp","href":"https:\/\/api.w.org\/{rel}","templated":true}]}}