{"id":985,"date":"2011-06-26T23:17:27","date_gmt":"2011-06-26T21:17:27","guid":{"rendered":"http:\/\/www.susannavaris.com\/blogg\/?p=985"},"modified":"2023-02-13T20:57:38","modified_gmt":"2023-02-13T19:57:38","slug":"natfiske-i","status":"publish","type":"post","link":"http:\/\/www.susannavaris.com\/blogg\/2011\/06\/natfiske-i\/","title":{"rendered":"N\u00e4tfiske I"},"content":{"rendered":"<div class=\"wp-block-image\">\n<figure class=\"aligncenter size-large\"><img loading=\"lazy\" decoding=\"async\" width=\"1024\" height=\"654\" src=\"http:\/\/www.susannavaris.com\/blogg\/wp-content\/uploads\/2023\/02\/000-Helostoma_temminckii_in_aquarium-1024x654.jpg\" alt=\"\" class=\"wp-image-17750\" title=\"060601_-_Puss_p_dig_-_Micke\" srcset=\"http:\/\/www.susannavaris.com\/blogg\/wp-content\/uploads\/2023\/02\/000-Helostoma_temminckii_in_aquarium-1024x654.jpg 1024w, http:\/\/www.susannavaris.com\/blogg\/wp-content\/uploads\/2023\/02\/000-Helostoma_temminckii_in_aquarium-300x192.jpg 300w, http:\/\/www.susannavaris.com\/blogg\/wp-content\/uploads\/2023\/02\/000-Helostoma_temminckii_in_aquarium-768x491.jpg 768w, http:\/\/www.susannavaris.com\/blogg\/wp-content\/uploads\/2023\/02\/000-Helostoma_temminckii_in_aquarium-1536x982.jpg 1536w, http:\/\/www.susannavaris.com\/blogg\/wp-content\/uploads\/2023\/02\/000-Helostoma_temminckii_in_aquarium.jpg 1920w\" sizes=\"auto, (max-width: 1024px) 100vw, 1024px\" \/><figcaption class=\"wp-element-caption\">A kissing gourami (<em>Helostoma temminckii<\/em>) &#8211; https:\/\/commons.wikimedia.org\/wiki\/User:Green_Yoshi &#8211; Wikipedia\/ https:\/\/creativecommons.org\/licenses\/by-sa\/3.0<\/figcaption><\/figure>\n<\/div>\n\n\n<p>Plastikopererade nunor g\u00e5r inte att undvika om man googlar runt ett tag. Om detta med osunda och fatala kroppsideal kunde spaltmetrar skrivas. I alla tider har m\u00e4nskligheten haft sina olika ideal och s\u00e4tt att g\u00f6ra sig vacker p\u00e5. Ofta \u00e4r det det sv\u00e5rligen uppn\u00e5eliga som lyfts upp till ideal. Vid materiellt och \u00e4ven i fr\u00e5ga om f\u00f6da magrare tider har frodiga former varit status. I tider av kroppsarbete utomhus f\u00f6r l\u00e4gre klasser blev blek hy ett tecken p\u00e5 h\u00f6gre position och m\u00f6jlighet att tillbringa sin tid inomhus.<\/p>\n\n\n\n<p>I v\u00e5r tid, med materiellt och livsmedelsm\u00e4ssigt \u00f6verfl\u00f6d \u00e4r f\u00f6ljdaktligen magerhet status. Brunbr\u00e4ndhet ber\u00e4ttar om v\u00e4lfylld pl\u00e5nbok och m\u00f6jlighet till semesterresor. Men vad ber\u00e4ttar ankn\u00e4bben om? Vem \u00e4r skyldig till det absurda modet? Jag vill minnas att f\u00f6rsta g\u00e5ngen jag reagerade p\u00e5 en ankn\u00e4bb var p\u00e5 Lisa Rinna i Melrose Place, kvinnans \u00f6verl\u00e4pp var kant i kant med n\u00e4san. Sedan b\u00f6rjade det sakta men s\u00e4kert krypa in \u00f6verallt, modeller i modemagazinen plutade mer och mer, Victoria Silvstedt tog tidigt till sprutan och i hennes k\u00f6lvatten de sk glamourmodellerna, som tog fl\u00e4skl\u00e4ppen till nya, oanade smakl\u00f6shetens h\u00f6jder.<\/p>\n\n\n<div class=\"wp-block-image\">\n<figure class=\"aligncenter size-large\"><img loading=\"lazy\" decoding=\"async\" width=\"698\" height=\"1024\" src=\"http:\/\/www.susannavaris.com\/blogg\/wp-content\/uploads\/2023\/02\/000-800px-LisaRinnaCloseAAFeb09-698x1024.jpg\" alt=\"\" class=\"wp-image-17752\" title=\"lisa_rinna_1207137655_2220970\" srcset=\"http:\/\/www.susannavaris.com\/blogg\/wp-content\/uploads\/2023\/02\/000-800px-LisaRinnaCloseAAFeb09-698x1024.jpg 698w, http:\/\/www.susannavaris.com\/blogg\/wp-content\/uploads\/2023\/02\/000-800px-LisaRinnaCloseAAFeb09-205x300.jpg 205w, http:\/\/www.susannavaris.com\/blogg\/wp-content\/uploads\/2023\/02\/000-800px-LisaRinnaCloseAAFeb09-768x1126.jpg 768w, http:\/\/www.susannavaris.com\/blogg\/wp-content\/uploads\/2023\/02\/000-800px-LisaRinnaCloseAAFeb09.jpg 800w\" sizes=\"auto, (max-width: 698px) 100vw, 698px\" \/><figcaption class=\"wp-element-caption\">Lisa Rinna at the 81st Academy Awards &#8211; Chrisa Hickey. Wikipedia\/ <a rel=\"noreferrer noopener\" href=\"https:\/\/creativecommons.org\/licenses\/by\/3.0\" target=\"_blank\">CC BY 3.0<\/a><\/figcaption><\/figure>\n<\/div>\n\n\n<p class=\"has-text-align-center\"><em>Lisa Rinna<\/em><\/p>\n\n\n<div class=\"wp-block-image\">\n<figure class=\"aligncenter size-large\"><img loading=\"lazy\" decoding=\"async\" width=\"768\" height=\"1024\" src=\"http:\/\/www.susannavaris.com\/blogg\/wp-content\/uploads\/2023\/02\/000-800px-Victoria_Silvstedt2-768x1024.jpg\" alt=\"\" class=\"wp-image-17756\" title=\"Silvstedt, Victoria\" srcset=\"http:\/\/www.susannavaris.com\/blogg\/wp-content\/uploads\/2023\/02\/000-800px-Victoria_Silvstedt2-768x1024.jpg 768w, http:\/\/www.susannavaris.com\/blogg\/wp-content\/uploads\/2023\/02\/000-800px-Victoria_Silvstedt2-225x300.jpg 225w, http:\/\/www.susannavaris.com\/blogg\/wp-content\/uploads\/2023\/02\/000-800px-Victoria_Silvstedt2.jpg 800w\" sizes=\"auto, (max-width: 768px) 100vw, 768px\" \/><figcaption class=\"wp-element-caption\">Victoria Silvstedt &#8211; Martinez Cannes &#8211; production mode par Gil Zetbase &#8211; Gil Zetbase. Wikipedia\/ https:\/\/creativecommons.org\/licenses\/by-sa\/4.0<\/figcaption><\/figure>\n<\/div>\n\n\n<p class=\"has-text-align-center\"><em>Victoria Silvstedt<\/em><\/p>\n\n\n\n<p class=\"has-text-align-center\"><em><br><\/em><\/p>\n\n\n\n<p>I min research har jag \u00e4ven identifierat en annan figurant, Bratz-dockan. Bratz lanserades \u00e5r 2001 och var till en b\u00f6rjan inte fullt lika l\u00e4ppig som nu, s\u00e5 egentligen har nog Bratz f\u00f6ljt med i den allm\u00e4nna plutifieringshysterin snarare \u00e4n skapat den. Vad vi d\u00e4remot har att se fram emot \u00e4r en generation av 90-talister som vuxit upp med henne som ideal och kan se fram emot en explosion av v\u00e4lfyllda trutar fram\u00f6ver n\u00e4r donnorna v\u00e4xer upp. Bratz-dockan har dessutom det andra eftertraktansv\u00e4rda attributet, en 15-\u00e5rig pojkes kropp (modellv\u00e4rldens intr\u00e4desbiljett). Barbie hade p\u00e5 sin tid en om\u00f6jlig kroppskonstitution \u00e4ven hon och hennes l\u00e4ppar har ocks\u00e5 blivit fylligare p\u00e5 2000-talet, men Bratz-dockan personifierar allt som nu ses som vackert; size zero, pojkkropp, oproportioneligt stort huvud (resultatet av size-zero) och ankn\u00e4bb. F\u00f6rutom br\u00f6sten. Br\u00f6stidealet tycks h\u00e4rstamma fr\u00e5n porrfilmernas underbara v\u00e4rld.<\/p>\n\n\n<div class=\"wp-block-image\">\n<figure class=\"aligncenter size-large\"><img loading=\"lazy\" decoding=\"async\" width=\"1024\" height=\"1024\" src=\"http:\/\/www.susannavaris.com\/blogg\/wp-content\/uploads\/2023\/02\/Bild-borttagen-2-1024x1024.jpg\" alt=\"\" class=\"wp-image-17623\" title=\"0x\" srcset=\"http:\/\/www.susannavaris.com\/blogg\/wp-content\/uploads\/2023\/02\/Bild-borttagen-2-1024x1024.jpg 1024w, http:\/\/www.susannavaris.com\/blogg\/wp-content\/uploads\/2023\/02\/Bild-borttagen-2-300x300.jpg 300w, http:\/\/www.susannavaris.com\/blogg\/wp-content\/uploads\/2023\/02\/Bild-borttagen-2-150x150.jpg 150w, http:\/\/www.susannavaris.com\/blogg\/wp-content\/uploads\/2023\/02\/Bild-borttagen-2-768x768.jpg 768w, http:\/\/www.susannavaris.com\/blogg\/wp-content\/uploads\/2023\/02\/Bild-borttagen-2-1536x1536.jpg 1536w, http:\/\/www.susannavaris.com\/blogg\/wp-content\/uploads\/2023\/02\/Bild-borttagen-2-2048x2048.jpg 2048w\" sizes=\"auto, (max-width: 1024px) 100vw, 1024px\" \/><\/figure>\n<\/div>\n\n\n<p class=\"has-text-align-center\"><em>Bratz<\/em><\/p>\n\n\n<div class=\"wp-block-image\">\n<figure class=\"aligncenter size-large\"><img loading=\"lazy\" decoding=\"async\" width=\"1024\" height=\"1024\" src=\"http:\/\/www.susannavaris.com\/blogg\/wp-content\/uploads\/2023\/02\/Bild-borttagen-1024x1024.jpg\" alt=\"\" class=\"wp-image-17619\" title=\"Barbie-body-image\" srcset=\"http:\/\/www.susannavaris.com\/blogg\/wp-content\/uploads\/2023\/02\/Bild-borttagen-1024x1024.jpg 1024w, http:\/\/www.susannavaris.com\/blogg\/wp-content\/uploads\/2023\/02\/Bild-borttagen-300x300.jpg 300w, http:\/\/www.susannavaris.com\/blogg\/wp-content\/uploads\/2023\/02\/Bild-borttagen-150x150.jpg 150w, http:\/\/www.susannavaris.com\/blogg\/wp-content\/uploads\/2023\/02\/Bild-borttagen-768x768.jpg 768w, http:\/\/www.susannavaris.com\/blogg\/wp-content\/uploads\/2023\/02\/Bild-borttagen-1536x1536.jpg 1536w, http:\/\/www.susannavaris.com\/blogg\/wp-content\/uploads\/2023\/02\/Bild-borttagen-2048x2048.jpg 2048w\" sizes=\"auto, (max-width: 1024px) 100vw, 1024px\" \/><\/figure>\n<\/div>\n\n\n<p class=\"has-text-align-center\"><em>Barbies kroppskonstitution<\/em><\/p>\n\n\n<div class=\"wp-block-image\">\n<figure class=\"aligncenter size-full\"><img loading=\"lazy\" decoding=\"async\" width=\"346\" height=\"553\" src=\"http:\/\/www.susannavaris.com\/blogg\/wp-content\/uploads\/2023\/02\/000-Lolo_Ferrari_-_Mutter_Courage_cropped.jpg\" alt=\"\" class=\"wp-image-17759\" title=\"video_lolo_ferrari\" srcset=\"http:\/\/www.susannavaris.com\/blogg\/wp-content\/uploads\/2023\/02\/000-Lolo_Ferrari_-_Mutter_Courage_cropped.jpg 346w, http:\/\/www.susannavaris.com\/blogg\/wp-content\/uploads\/2023\/02\/000-Lolo_Ferrari_-_Mutter_Courage_cropped-188x300.jpg 188w\" sizes=\"auto, (max-width: 346px) 100vw, 346px\" \/><figcaption class=\"wp-element-caption\">Lolo Ferrari pr\u00e9sente l&#8217;affiche de <a href=\"https:\/\/fr.wikipedia.org\/wiki\/M%C3%A8re_Courage_et_ses_enfants\">M\u00e8re Courage et ses enfants<\/a> au camping cosmos. Tito Dupret &#8211; Wikipedia\/ https:\/\/creativecommons.org\/licenses\/by-sa\/3.0<\/figcaption><\/figure>\n<\/div>\n\n\n<p class=\"has-text-align-center\"><em>Br\u00f6stideal?<\/em><\/p>\n\n\n\n<p>H\u00e4r \u00e4r n\u00e5gra resultat av dagens n\u00e4tfiske (sk\u00f6nhetsoperationer?):<\/p>\n\n\n<div class=\"wp-block-image\">\n<figure class=\"aligncenter size-large\"><img loading=\"lazy\" decoding=\"async\" width=\"1024\" height=\"1024\" src=\"http:\/\/www.susannavaris.com\/blogg\/wp-content\/uploads\/2023\/02\/Bild-borttagen-1-1024x1024.jpg\" alt=\"\" class=\"wp-image-17620\" title=\"1300159996407971\" srcset=\"http:\/\/www.susannavaris.com\/blogg\/wp-content\/uploads\/2023\/02\/Bild-borttagen-1-1024x1024.jpg 1024w, http:\/\/www.susannavaris.com\/blogg\/wp-content\/uploads\/2023\/02\/Bild-borttagen-1-300x300.jpg 300w, http:\/\/www.susannavaris.com\/blogg\/wp-content\/uploads\/2023\/02\/Bild-borttagen-1-150x150.jpg 150w, http:\/\/www.susannavaris.com\/blogg\/wp-content\/uploads\/2023\/02\/Bild-borttagen-1-768x768.jpg 768w, http:\/\/www.susannavaris.com\/blogg\/wp-content\/uploads\/2023\/02\/Bild-borttagen-1-1536x1536.jpg 1536w, http:\/\/www.susannavaris.com\/blogg\/wp-content\/uploads\/2023\/02\/Bild-borttagen-1-2048x2048.jpg 2048w\" sizes=\"auto, (max-width: 1024px) 100vw, 1024px\" \/><\/figure>\n<\/div>\n\n\n<p class=\"has-text-align-center\"><\/p>\n\n\n<div class=\"wp-block-image\">\n<figure class=\"aligncenter size-large\"><img loading=\"lazy\" decoding=\"async\" width=\"1024\" height=\"1024\" src=\"http:\/\/www.susannavaris.com\/blogg\/wp-content\/uploads\/2023\/02\/Bild-borttagen-1-1024x1024.jpg\" alt=\"\" class=\"wp-image-17620\" title=\"9489_JOHANNA1_460\" srcset=\"http:\/\/www.susannavaris.com\/blogg\/wp-content\/uploads\/2023\/02\/Bild-borttagen-1-1024x1024.jpg 1024w, http:\/\/www.susannavaris.com\/blogg\/wp-content\/uploads\/2023\/02\/Bild-borttagen-1-300x300.jpg 300w, http:\/\/www.susannavaris.com\/blogg\/wp-content\/uploads\/2023\/02\/Bild-borttagen-1-150x150.jpg 150w, http:\/\/www.susannavaris.com\/blogg\/wp-content\/uploads\/2023\/02\/Bild-borttagen-1-768x768.jpg 768w, http:\/\/www.susannavaris.com\/blogg\/wp-content\/uploads\/2023\/02\/Bild-borttagen-1-1536x1536.jpg 1536w, http:\/\/www.susannavaris.com\/blogg\/wp-content\/uploads\/2023\/02\/Bild-borttagen-1-2048x2048.jpg 2048w\" sizes=\"auto, (max-width: 1024px) 100vw, 1024px\" \/><\/figure>\n<\/div>\n\n\n<p class=\"has-text-align-center\"><em>Johanna Tukiainen, en finsk &#8221;glamourmodell&#8221;, som fick den finske utrikesministern Ilkka Kanerva p\u00e5 fall. Kanerva hade skickat hundratals skabr\u00f6sa sms till Tukiainen fr\u00e5n sin tj\u00e4nstemobil&#8230;<\/em><\/p>\n","protected":false},"excerpt":{"rendered":"<p>Plastikopererade nunor g\u00e5r inte att undvika om man googlar runt ett tag. Om detta med osunda och fatala kroppsideal kunde spaltmetrar skrivas. I alla tider har m\u00e4nskligheten haft sina olika ideal och s\u00e4tt att g\u00f6ra sig vacker p\u00e5. Ofta \u00e4r &hellip; <a href=\"http:\/\/www.susannavaris.com\/blogg\/2011\/06\/natfiske-i\/\">Forts\u00e4tt l\u00e4sa <span class=\"meta-nav\">&rarr;<\/span><\/a><\/p>\n","protected":false},"author":1,"featured_media":998,"comment_status":"open","ping_status":"open","sticky":false,"template":"","format":"standard","meta":{"footnotes":""},"categories":[10,1],"tags":[278,280,277,279],"class_list":["post-985","post","type-post","status-publish","format-standard","has-post-thumbnail","hentry","category-kuriosakabinettet","category-okategoriserade","tag-anknabb","tag-lisa-rinna","tag-plastikkirurgi","tag-victoria-silvstedt"],"_links":{"self":[{"href":"http:\/\/www.susannavaris.com\/blogg\/wp-json\/wp\/v2\/posts\/985","targetHints":{"allow":["GET"]}}],"collection":[{"href":"http:\/\/www.susannavaris.com\/blogg\/wp-json\/wp\/v2\/posts"}],"about":[{"href":"http:\/\/www.susannavaris.com\/blogg\/wp-json\/wp\/v2\/types\/post"}],"author":[{"embeddable":true,"href":"http:\/\/www.susannavaris.com\/blogg\/wp-json\/wp\/v2\/users\/1"}],"replies":[{"embeddable":true,"href":"http:\/\/www.susannavaris.com\/blogg\/wp-json\/wp\/v2\/comments?post=985"}],"version-history":[{"count":9,"href":"http:\/\/www.susannavaris.com\/blogg\/wp-json\/wp\/v2\/posts\/985\/revisions"}],"predecessor-version":[{"id":17762,"href":"http:\/\/www.susannavaris.com\/blogg\/wp-json\/wp\/v2\/posts\/985\/revisions\/17762"}],"wp:featuredmedia":[{"embeddable":true,"href":"http:\/\/www.susannavaris.com\/blogg\/wp-json\/wp\/v2\/media\/998"}],"wp:attachment":[{"href":"http:\/\/www.susannavaris.com\/blogg\/wp-json\/wp\/v2\/media?parent=985"}],"wp:term":[{"taxonomy":"category","embeddable":true,"href":"http:\/\/www.susannavaris.com\/blogg\/wp-json\/wp\/v2\/categories?post=985"},{"taxonomy":"post_tag","embeddable":true,"href":"http:\/\/www.susannavaris.com\/blogg\/wp-json\/wp\/v2\/tags?post=985"}],"curies":[{"name":"wp","href":"https:\/\/api.w.org\/{rel}","templated":true}]}}