{"id":9859,"date":"2013-05-21T16:48:44","date_gmt":"2013-05-21T14:48:44","guid":{"rendered":"http:\/\/www.susannavaris.com\/blogg\/?p=9859"},"modified":"2013-05-21T19:48:18","modified_gmt":"2013-05-21T17:48:18","slug":"monumental-enogdhet","status":"publish","type":"post","link":"http:\/\/www.susannavaris.com\/blogg\/2013\/05\/monumental-enogdhet\/","title":{"rendered":"Monumental en\u00f6gdhet"},"content":{"rendered":"<p style=\"text-align: center;\"><a href=\"http:\/\/www.susannavaris.com\/blogg\/wp-content\/uploads\/2013\/05\/vagra1.jpg\"><img loading=\"lazy\" decoding=\"async\" class=\"aligncenter size-full wp-image-9861\" alt=\"vagra1\" src=\"http:\/\/www.susannavaris.com\/blogg\/wp-content\/uploads\/2013\/05\/vagra1.jpg\" width=\"720\" height=\"405\" srcset=\"http:\/\/www.susannavaris.com\/blogg\/wp-content\/uploads\/2013\/05\/vagra1.jpg 720w, http:\/\/www.susannavaris.com\/blogg\/wp-content\/uploads\/2013\/05\/vagra1-300x168.jpg 300w\" sizes=\"auto, (max-width: 720px) 100vw, 720px\" \/><\/a>\u00a0<em>Sk\u00e4rmdump fr\u00e5n det aktuella instagramkontot. Bild: TV4<\/em><\/p>\n<p>I en\u00a0<a href=\"http:\/\/www.svd.se\/nyheter\/inrikes\/goteborgspolisen-tog-nathoten-pa-allvar_8192540.svd\">artikel<\/a>\u00a0i Svenska Dagbladet idag behandlas n\u00e4that och Instagramfallet i G\u00f6teborg:<\/p>\n<blockquote><p>&#8221;Tv\u00e5 tjejer f\u00f6dda 1997 \u00e5talas nu f\u00f6r grovt f\u00f6rtal sedan n\u00e4tanonymiteten inte visat sig vara n\u00e5got s\u00e4kert g\u00f6mst\u00e4lle. En nekar till anklagelserna, den andra har enligt G\u00f6teborgs-Posten erk\u00e4nt.&#8221;<\/p><\/blockquote>\n<p>Tv\u00e5 ton\u00e5rsflickor st\u00e5r nu allts\u00e5 <a href=\"http:\/\/www.svd.se\/nyheter\/inrikes\/flickor-atalas-efter-instagrambrak_8192782.svd\">\u00e5talade<\/a>\u00a0f\u00f6r grovt f\u00f6rtal.<\/p>\n<blockquote><p>&#8221;Till slut lyckades polisen f\u00e5 fram uppgifter som ledde till tv\u00e5 flickor boende p\u00e5 Hisingen, f\u00f6dda 1997. De misst\u00e4nks ha lagt ut bilder och namn p\u00e5 ungdomar f\u00f6rsedda med mycket sexistiska och rasistiska texter. P\u00e5 en vecka bes\u00f6kte tusen ungdomar sidorna.&#8221;<\/p><\/blockquote>\n<p>Det ber\u00e4ttas ocks\u00e5 att ungdomar nu b\u00f6rjat engagera sig mot n\u00e4thatet:<\/p>\n<blockquote><p><strong>&#8221;Bland ungdomarna v\u00e4xer\u00a0<\/strong>engagemanget mot n\u00e4thatet. Minela och Irma Mahmutovic har startat kampanjen \u201dV\u00e4gra kallas hora\u201d p\u00e5 Facebook. Systrarna som \u00e4r feminister och aktiva i R\u00e4ttvisepartiet socialisterna k\u00e4nde att de ville g\u00f6ra n\u00e5got. De \u00e5kte de till Framtidsgymnasiet andra dagen av oroligheterna.&#8221;<\/p>\n<p style=\"text-align: center;\"><a href=\"http:\/\/www.susannavaris.com\/blogg\/wp-content\/uploads\/2013\/05\/vagra.jpg\"><img loading=\"lazy\" decoding=\"async\" class=\"aligncenter size-full wp-image-9860\" alt=\"vagra\" src=\"http:\/\/www.susannavaris.com\/blogg\/wp-content\/uploads\/2013\/05\/vagra.jpg\" width=\"720\" height=\"960\" srcset=\"http:\/\/www.susannavaris.com\/blogg\/wp-content\/uploads\/2013\/05\/vagra.jpg 720w, http:\/\/www.susannavaris.com\/blogg\/wp-content\/uploads\/2013\/05\/vagra-225x300.jpg 225w\" sizes=\"auto, (max-width: 720px) 100vw, 720px\" \/><\/a>\u00a0V\u00e4gra Kallas Hora<\/p>\n<\/blockquote>\n<p>P\u00e5 V\u00e4gra Kallas Hora-<a href=\"https:\/\/www.facebook.com\/vagrakallashora\/info\">sidan<\/a> p\u00e5 Facebook beskrives verksamheten p\u00e5 f\u00f6ljande:<\/p>\n<blockquote><p>&#8221;V\u00e4gra Kallas Hora (VKH) \u00e4r en kampanj mot sexuella trakasserier med utg\u00e5ngspunkt p\u00e5 gymnasieskolor och skolor.<br \/>\nSexuella trakasserier f\u00f6rekommer dagligen p\u00e5 skolor och arbetsplatser, till exempel genom att ord som \u201dho\u00adra\u201d anv\u00e4nds. Att kalla n\u00e5gon f\u00f6r hora \u00e4r att kalla n\u00e5gon f\u00f6r en vara, n\u00e5got man kan k\u00f6pa, anv\u00e4nda och sedan sl\u00e4nga bort. \u00c4ven om det inte \u00e4r vad man menar, s\u00e5 hj\u00e4lper det till att bilda en negativ bild av kvinnor och unga tjejer. Till killar riktas ofta sk\u00e4llsord som \u201db\u00f6g\u201d, d\u00e5 det uppfattas som n\u00e5\u00adgot \u201dfeminint\u201d och d\u00e4rmed n\u00e5gonting d\u00e5ligt. Det h\u00e4r \u00e4r vardagsexempel som VKH k\u00e4mpar emot.&#8221;<\/p>\n<p>[&#8230;]<\/p>\n<p>&#8221;Kvinnof\u00f6rtrycket finns fortfarande kvar, djupt rotat i v\u00e5rt samh\u00e4lle. Ett exempel p\u00e5 det \u00e4r kammar\u00e5klagare Rolf Hillegren, som menar att en v\u00e5ldt\u00e4kt i hemmet ska r\u00e4knas en ordningsf\u00f6rseelse. Vad detta g\u00f6r \u00e4r att underbl\u00e5sa bilden av att mannen \u00e4ger r\u00e4tten till kvinnors kroppar.<br \/>\nKom med i kampen!&#8221;<\/p><\/blockquote>\n<p>Sidan reproducerar allts\u00e5 den g\u00e4ngse, feministiska schablonbilden av kvinnan som offer och mannen som f\u00f6r\u00f6vare. I den m\u00e5n m\u00e4n alls finns med i n\u00e5gon offerbeskrivning, koncentrerar man sig p\u00e5 anv\u00e4ndandet av ordet b\u00f6g och att detta uppfattas negativt. Man reagerar allts\u00e5 p\u00e5 att ordet anv\u00e4nds i neds\u00e4ttande mening, inte att killarna blir trakasserade.<\/p>\n<p>Det \u00e4r bra att man engagerar sig i att arbeta mot n\u00e4that och mobbing, men: Vilka patriarkala strukturer \u00e4r det nu som orsakat de tv\u00e5 flickornas beteende (om de nu finns skyldiga, flickorna st\u00e5r \u00e4n s\u00e5 l\u00e4nge bara \u00e5talade), menar personerna bakom facebook-sidan, och varf\u00f6r har man en s\u00e5 tr\u00e5ngsynt avgr\u00e4nsning av definitionerna offer\/f\u00f6r\u00f6vare?<\/p>\n<p>Det p\u00e5st\u00e5s ofta att feminismen \u00e4r till f\u00f6r b\u00e5da k\u00f6nen, hur visas det h\u00e4r?<\/p>\n<p style=\"text-align: center;\">&#8211; : &#8211; : &#8211; : &#8211;<\/p>\n<p style=\"text-align: center;\">Om ett tangerande \u00e4mnesomr\u00e5de (hur den svenska skolan g\u00e5tt fr\u00e5n att f\u00f6rmedla kunskaper till att mer och mer f\u00f6rmedla politik och den skr\u00e4mmande l\u00e5ga kunskapsniv\u00e5n hos eleverna):<\/p>\n<p style=\"text-align: center;\"><a href=\"http:\/\/kimhzabremersbodega.wordpress.com\/2013\/05\/21\/skrammande-okunskap-bland-unga-svenska-feminister\/\">Kimhza Bremer<\/a><\/p>\n<p>&nbsp;<\/p>\n","protected":false},"excerpt":{"rendered":"<p>\u00a0Sk\u00e4rmdump fr\u00e5n det aktuella instagramkontot. Bild: TV4 I en\u00a0artikel\u00a0i Svenska Dagbladet idag behandlas n\u00e4that och Instagramfallet i G\u00f6teborg: &#8221;Tv\u00e5 tjejer f\u00f6dda 1997 \u00e5talas nu f\u00f6r grovt f\u00f6rtal sedan n\u00e4tanonymiteten inte visat sig vara n\u00e5got s\u00e4kert g\u00f6mst\u00e4lle. En nekar till anklagelserna, &hellip; <a href=\"http:\/\/www.susannavaris.com\/blogg\/2013\/05\/monumental-enogdhet\/\">Forts\u00e4tt l\u00e4sa <span class=\"meta-nav\">&rarr;<\/span><\/a><\/p>\n","protected":false},"author":1,"featured_media":0,"comment_status":"open","ping_status":"open","sticky":false,"template":"","format":"standard","meta":{"footnotes":""},"categories":[181,259,1321,589,1,590],"tags":[566,4900,4899,1012,3093,4918,3095,585,3094],"class_list":["post-9859","post","type-post","status-publish","format-standard","hentry","category-feminism","category-genusvetenskap","category-jamstalldhet","category-medier","category-okategoriserade","category-politik","tag-facebook","tag-feminism","tag-genus","tag-goteborg","tag-instagram","tag-jamstalldhet","tag-mobbning","tag-nathat","tag-vagra-kallas-hora"],"_links":{"self":[{"href":"http:\/\/www.susannavaris.com\/blogg\/wp-json\/wp\/v2\/posts\/9859","targetHints":{"allow":["GET"]}}],"collection":[{"href":"http:\/\/www.susannavaris.com\/blogg\/wp-json\/wp\/v2\/posts"}],"about":[{"href":"http:\/\/www.susannavaris.com\/blogg\/wp-json\/wp\/v2\/types\/post"}],"author":[{"embeddable":true,"href":"http:\/\/www.susannavaris.com\/blogg\/wp-json\/wp\/v2\/users\/1"}],"replies":[{"embeddable":true,"href":"http:\/\/www.susannavaris.com\/blogg\/wp-json\/wp\/v2\/comments?post=9859"}],"version-history":[{"count":3,"href":"http:\/\/www.susannavaris.com\/blogg\/wp-json\/wp\/v2\/posts\/9859\/revisions"}],"predecessor-version":[{"id":9869,"href":"http:\/\/www.susannavaris.com\/blogg\/wp-json\/wp\/v2\/posts\/9859\/revisions\/9869"}],"wp:attachment":[{"href":"http:\/\/www.susannavaris.com\/blogg\/wp-json\/wp\/v2\/media?parent=9859"}],"wp:term":[{"taxonomy":"category","embeddable":true,"href":"http:\/\/www.susannavaris.com\/blogg\/wp-json\/wp\/v2\/categories?post=9859"},{"taxonomy":"post_tag","embeddable":true,"href":"http:\/\/www.susannavaris.com\/blogg\/wp-json\/wp\/v2\/tags?post=9859"}],"curies":[{"name":"wp","href":"https:\/\/api.w.org\/{rel}","templated":true}]}}