{"id":9872,"date":"2013-05-22T22:39:58","date_gmt":"2013-05-22T20:39:58","guid":{"rendered":"http:\/\/www.susannavaris.com\/blogg\/?p=9872"},"modified":"2013-05-22T22:39:58","modified_gmt":"2013-05-22T20:39:58","slug":"dom-om-min-forvaning","status":"publish","type":"post","link":"http:\/\/www.susannavaris.com\/blogg\/2013\/05\/dom-om-min-forvaning\/","title":{"rendered":"D\u00f6m om min f\u00f6rv\u00e5ning"},"content":{"rendered":"<p style=\"text-align: center;\">&#8230;n\u00e4r jag hittar den h\u00e4r artikeln i DN Kultur:<\/p>\n<p style=\"text-align: center;\"><a href=\"http:\/\/www.susannavaris.com\/blogg\/wp-content\/uploads\/2013\/05\/artikel.jpg\"><img loading=\"lazy\" decoding=\"async\" class=\"aligncenter size-full wp-image-9873\" alt=\"artikel\" src=\"http:\/\/www.susannavaris.com\/blogg\/wp-content\/uploads\/2013\/05\/artikel.jpg\" width=\"513\" height=\"372\" srcset=\"http:\/\/www.susannavaris.com\/blogg\/wp-content\/uploads\/2013\/05\/artikel.jpg 513w, http:\/\/www.susannavaris.com\/blogg\/wp-content\/uploads\/2013\/05\/artikel-300x217.jpg 300w\" sizes=\"auto, (max-width: 513px) 100vw, 513px\" \/><\/a><\/p>\n<p style=\"text-align: center;\">Hur i hela v\u00e4rlden har den kunnat slinka igenom genuskorrekturen? Att det sedan har utf\u00f6rts en studie, vid en sociologisk institution, som inte bekr\u00e4ftar axiomet om k\u00f6nsmaktsordningen f\u00e5r v\u00e4l s\u00e4gas vara en riktig nyhet.<\/p>\n","protected":false},"excerpt":{"rendered":"<p>&#8230;n\u00e4r jag hittar den h\u00e4r artikeln i DN Kultur: Hur i hela v\u00e4rlden har den kunnat slinka igenom genuskorrekturen? Att det sedan har utf\u00f6rts en studie, vid en sociologisk institution, som inte bekr\u00e4ftar axiomet om k\u00f6nsmaktsordningen f\u00e5r v\u00e4l s\u00e4gas vara &hellip; <a href=\"http:\/\/www.susannavaris.com\/blogg\/2013\/05\/dom-om-min-forvaning\/\">Forts\u00e4tt l\u00e4sa <span class=\"meta-nav\">&rarr;<\/span><\/a><\/p>\n","protected":false},"author":1,"featured_media":0,"comment_status":"open","ping_status":"open","sticky":false,"template":"","format":"standard","meta":{"footnotes":""},"categories":[181,259,1321,1928,1162,589,1,590],"tags":[175,2075,1295,4899,4903,4918,3097,3098,3096],"class_list":["post-9872","post","type-post","status-publish","format-standard","hentry","category-feminism","category-genusvetenskap","category-jamstalldhet","category-journalistik","category-kultur","category-medier","category-okategoriserade","category-politik","tag-dn","tag-dn-kultur","tag-forskning","tag-genus","tag-genusvetenskap","tag-jamstalldhet","tag-jessica-storbjork","tag-missbruk","tag-sociologi"],"_links":{"self":[{"href":"http:\/\/www.susannavaris.com\/blogg\/wp-json\/wp\/v2\/posts\/9872","targetHints":{"allow":["GET"]}}],"collection":[{"href":"http:\/\/www.susannavaris.com\/blogg\/wp-json\/wp\/v2\/posts"}],"about":[{"href":"http:\/\/www.susannavaris.com\/blogg\/wp-json\/wp\/v2\/types\/post"}],"author":[{"embeddable":true,"href":"http:\/\/www.susannavaris.com\/blogg\/wp-json\/wp\/v2\/users\/1"}],"replies":[{"embeddable":true,"href":"http:\/\/www.susannavaris.com\/blogg\/wp-json\/wp\/v2\/comments?post=9872"}],"version-history":[{"count":1,"href":"http:\/\/www.susannavaris.com\/blogg\/wp-json\/wp\/v2\/posts\/9872\/revisions"}],"predecessor-version":[{"id":9874,"href":"http:\/\/www.susannavaris.com\/blogg\/wp-json\/wp\/v2\/posts\/9872\/revisions\/9874"}],"wp:attachment":[{"href":"http:\/\/www.susannavaris.com\/blogg\/wp-json\/wp\/v2\/media?parent=9872"}],"wp:term":[{"taxonomy":"category","embeddable":true,"href":"http:\/\/www.susannavaris.com\/blogg\/wp-json\/wp\/v2\/categories?post=9872"},{"taxonomy":"post_tag","embeddable":true,"href":"http:\/\/www.susannavaris.com\/blogg\/wp-json\/wp\/v2\/tags?post=9872"}],"curies":[{"name":"wp","href":"https:\/\/api.w.org\/{rel}","templated":true}]}}