{"id":9926,"date":"2013-05-29T00:02:05","date_gmt":"2013-05-28T22:02:05","guid":{"rendered":"http:\/\/www.susannavaris.com\/blogg\/?p=9926"},"modified":"2013-05-29T00:02:05","modified_gmt":"2013-05-28T22:02:05","slug":"mojlighet","status":"publish","type":"post","link":"http:\/\/www.susannavaris.com\/blogg\/2013\/05\/mojlighet\/","title":{"rendered":"M\u00f6jlighet"},"content":{"rendered":"<p style=\"text-align: center;\"><a href=\"http:\/\/www.susannavaris.com\/blogg\/wp-content\/uploads\/2013\/05\/The-Ghost-of-the-Unwanted-Child-2012-adj.jpg\"><img loading=\"lazy\" decoding=\"async\" class=\"aligncenter size-full wp-image-9927\" alt=\"The Ghost of the Unwanted Child 2012 adj\" src=\"http:\/\/www.susannavaris.com\/blogg\/wp-content\/uploads\/2013\/05\/The-Ghost-of-the-Unwanted-Child-2012-adj.jpg\" width=\"887\" height=\"960\" srcset=\"http:\/\/www.susannavaris.com\/blogg\/wp-content\/uploads\/2013\/05\/The-Ghost-of-the-Unwanted-Child-2012-adj.jpg 887w, http:\/\/www.susannavaris.com\/blogg\/wp-content\/uploads\/2013\/05\/The-Ghost-of-the-Unwanted-Child-2012-adj-277x300.jpg 277w\" sizes=\"auto, (max-width: 887px) 100vw, 887px\" \/><\/a><em>Ghost of the Unwanted Child, water colour 2011. Susanna Varis<\/em><\/p>\n<p style=\"text-align: center;\">Det \u00e4r v\u00e4l det som en kris ska kallas?<\/p>\n<p style=\"text-align: center;\">En kris \u00e4r en m\u00f6jlighet och yada yada&#8230;<\/p>\n<p style=\"text-align: center;\">Jag sover p\u00e5 saken och sedan blir nog allt b\u00e4ttre, jag har varit v\u00e4ldigt tr\u00f6tt idag. Det \u00e4r viktiga saker som ska utr\u00e4ttas imorgon s\u00e5 jag hoppas verkligen att grubblerier inte ska f\u00f6rst\u00f6ra natten. Men s\u00e5 \u00e4r det ju, livet \u00e4r s\u00e4llan bara en r\u00e4kmacka&#8230;<\/p>\n<p style=\"text-align: center;\">(Oroa er nu inte, det \u00e4r inget j\u00e4tteallvarligt som har h\u00e4nt, jag \u00e4r en sm\u00e5\u00e4ngslig sj\u00e4l av naturen&#8230;)<\/p>\n","protected":false},"excerpt":{"rendered":"<p>Ghost of the Unwanted Child, water colour 2011. Susanna Varis Det \u00e4r v\u00e4l det som en kris ska kallas? En kris \u00e4r en m\u00f6jlighet och yada yada&#8230; Jag sover p\u00e5 saken och sedan blir nog allt b\u00e4ttre, jag har varit &hellip; <a href=\"http:\/\/www.susannavaris.com\/blogg\/2013\/05\/mojlighet\/\">Forts\u00e4tt l\u00e4sa <span class=\"meta-nav\">&rarr;<\/span><\/a><\/p>\n","protected":false},"author":1,"featured_media":0,"comment_status":"open","ping_status":"open","sticky":false,"template":"","format":"standard","meta":{"footnotes":""},"categories":[7,361,3,1162,415,1,1611],"tags":[31,17,2146,4907,867,3105,4924,52,947,3106],"class_list":["post-9926","post","type-post","status-publish","format-standard","hentry","category-egna-verk","category-goth","category-konst","category-kultur","category-lowbrow","category-okategoriserade","category-skrackkonst","tag-akvarell","tag-konst-2","tag-lilycrow","tag-lowbrow","tag-maleri","tag-oro","tag-pop-surrealism","tag-somnloshet","tag-susanna-varis","tag-water-colou"],"_links":{"self":[{"href":"http:\/\/www.susannavaris.com\/blogg\/wp-json\/wp\/v2\/posts\/9926","targetHints":{"allow":["GET"]}}],"collection":[{"href":"http:\/\/www.susannavaris.com\/blogg\/wp-json\/wp\/v2\/posts"}],"about":[{"href":"http:\/\/www.susannavaris.com\/blogg\/wp-json\/wp\/v2\/types\/post"}],"author":[{"embeddable":true,"href":"http:\/\/www.susannavaris.com\/blogg\/wp-json\/wp\/v2\/users\/1"}],"replies":[{"embeddable":true,"href":"http:\/\/www.susannavaris.com\/blogg\/wp-json\/wp\/v2\/comments?post=9926"}],"version-history":[{"count":1,"href":"http:\/\/www.susannavaris.com\/blogg\/wp-json\/wp\/v2\/posts\/9926\/revisions"}],"predecessor-version":[{"id":9928,"href":"http:\/\/www.susannavaris.com\/blogg\/wp-json\/wp\/v2\/posts\/9926\/revisions\/9928"}],"wp:attachment":[{"href":"http:\/\/www.susannavaris.com\/blogg\/wp-json\/wp\/v2\/media?parent=9926"}],"wp:term":[{"taxonomy":"category","embeddable":true,"href":"http:\/\/www.susannavaris.com\/blogg\/wp-json\/wp\/v2\/categories?post=9926"},{"taxonomy":"post_tag","embeddable":true,"href":"http:\/\/www.susannavaris.com\/blogg\/wp-json\/wp\/v2\/tags?post=9926"}],"curies":[{"name":"wp","href":"https:\/\/api.w.org\/{rel}","templated":true}]}}